{"id":25393,"date":"2017-04-05T17:12:55","date_gmt":"2017-04-05T15:12:55","guid":{"rendered":"https:\/\/www.alqueria.es\/blogs\/alqueriaamarillanaranja\/?p=25393"},"modified":"2017-04-05T10:33:14","modified_gmt":"2017-04-05T08:33:14","slug":"cuanta-actividad-2","status":"publish","type":"post","link":"https:\/\/www.alqueria.es\/blogs\/alqueriaamarillanaranja\/2017\/04\/05\/cuanta-actividad-2\/","title":{"rendered":"\u00a1Cu\u00e1nta actividad!"},"content":{"rendered":"<p><em><strong><span style=\"color: #800080\"><img decoding=\"async\" data-attachment-id=\"25397\" data-permalink=\"https:\/\/www.alqueria.es\/blogs\/alqueriaamarillanaranja\/2017\/04\/05\/cuanta-actividad-2\/descarga-4-11\/\" data-orig-file=\"https:\/\/cloud.alqueria.es\/wp-content\/uploads\/sites\/9\/2017\/04\/descarga-4.jpg\" data-orig-size=\"192,167\" data-comments-opened=\"1\" data-image-meta=\"{&quot;aperture&quot;:&quot;0&quot;,&quot;credit&quot;:&quot;&quot;,&quot;camera&quot;:&quot;&quot;,&quot;caption&quot;:&quot;&quot;,&quot;created_timestamp&quot;:&quot;0&quot;,&quot;copyright&quot;:&quot;&quot;,&quot;focal_length&quot;:&quot;0&quot;,&quot;iso&quot;:&quot;0&quot;,&quot;shutter_speed&quot;:&quot;0&quot;,&quot;title&quot;:&quot;&quot;,&quot;orientation&quot;:&quot;0&quot;}\" data-image-title=\"descarga-4\" data-image-description=\"\" data-image-caption=\"\" data-large-file=\"https:\/\/cloud.alqueria.es\/wp-content\/uploads\/sites\/9\/2017\/04\/descarga-4.jpg\" class=\"alignleft size-full wp-image-25397\" src=\"https:\/\/cloud.alqueria.es\/wp-content\/uploads\/sites\/9\/2017\/04\/descarga-4.jpg\" alt=\"\" width=\"192\" height=\"167\" srcset=\"https:\/\/cloud.alqueria.es\/wp-content\/uploads\/sites\/9\/2017\/04\/descarga-4.jpg 192w, https:\/\/cloud.alqueria.es\/wp-content\/uploads\/sites\/9\/2017\/04\/descarga-4.jpg 160w\" sizes=\"(max-width: 192px) 100vw, 192px\" \/>En nuestra asamblea inicial hablamos un poquito sobre las vacaciones y las semanas posteriores a estas. Les cuento que vamos a estar sin venir al cole una semana, y que despu\u00e9s tendremos nuestra Semana de la lectura en la que tenemos programadas muchas actividades especiales relacionadas con el mundo de los cuentos y los libros. <\/span><\/strong><\/em><\/p>\n<p><em><strong><span style=\"color: #800080\">Pero es que adem\u00e1s&#8230;&#8230;.cuando pase esta semana iremos a la granja escuela. \u00a1\u00a1Qu\u00e9 emoci\u00f3n!! esta ha sido la noticia que m\u00e1s les ha gustado, la naturaleza y los animales son dos de las cosas preferidas de nuestros naranjitas as\u00ed que vamos a disfrutar esta salida much\u00edsimo.<\/span><\/strong><\/em><\/p>\n<p><em><strong><span style=\"color: #800080\">Entre tod@s decidimos cuales ser\u00e1n las propuestas de juego de la ma\u00f1ana, hoy lo ten\u00edan clar\u00edsimo: teatro de Caperucita, veh\u00edculos y ping\u00fcinos (que al final se ha transformado en \u00abel mundo polar\u00bb porque hemos tenido ping\u00fcinos, osos polares, focas y leones marinos).\u00a0<\/span><\/strong><\/em><\/p>\n<p><em><strong><span style=\"color: #800080\">Por la tarde podemos destacar dos actividades importantes en las que <img decoding=\"async\" data-attachment-id=\"25395\" data-permalink=\"https:\/\/www.alqueria.es\/blogs\/alqueriaamarillanaranja\/2017\/04\/05\/cuanta-actividad-2\/vinilo-infantil-flautista-hamelin-texto-1027\/\" data-orig-file=\"https:\/\/cloud.alqueria.es\/wp-content\/uploads\/sites\/9\/2017\/04\/vinilo-infantil-flautista-hamelin-texto-1027.png\" data-orig-size=\"374,337\" data-comments-opened=\"1\" data-image-meta=\"{&quot;aperture&quot;:&quot;0&quot;,&quot;credit&quot;:&quot;&quot;,&quot;camera&quot;:&quot;&quot;,&quot;caption&quot;:&quot;&quot;,&quot;created_timestamp&quot;:&quot;0&quot;,&quot;copyright&quot;:&quot;&quot;,&quot;focal_length&quot;:&quot;0&quot;,&quot;iso&quot;:&quot;0&quot;,&quot;shutter_speed&quot;:&quot;0&quot;,&quot;title&quot;:&quot;&quot;,&quot;orientation&quot;:&quot;0&quot;}\" data-image-title=\"vinilo-infantil-flautista-hamelin-texto-1027\" data-image-description=\"\" data-image-caption=\"\" data-large-file=\"https:\/\/cloud.alqueria.es\/wp-content\/uploads\/sites\/9\/2017\/04\/vinilo-infantil-flautista-hamelin-texto-1027.png\" class=\"alignright  wp-image-25395\" src=\"https:\/\/cloud.alqueria.es\/wp-content\/uploads\/sites\/9\/2017\/04\/vinilo-infantil-flautista-hamelin-texto-1027-300x270.png\" alt=\"\" width=\"197\" height=\"177\" srcset=\"https:\/\/cloud.alqueria.es\/wp-content\/uploads\/sites\/9\/2017\/04\/vinilo-infantil-flautista-hamelin-texto-1027.png 300w, https:\/\/cloud.alqueria.es\/wp-content\/uploads\/sites\/9\/2017\/04\/vinilo-infantil-flautista-hamelin-texto-1027.png 320w, https:\/\/cloud.alqueria.es\/wp-content\/uploads\/sites\/9\/2017\/04\/vinilo-infantil-flautista-hamelin-texto-1027.png 160w, https:\/\/cloud.alqueria.es\/wp-content\/uploads\/sites\/9\/2017\/04\/vinilo-infantil-flautista-hamelin-texto-1027.png 374w\" sizes=\"(max-width: 197px) 100vw, 197px\" \/>hemos participado:<\/span><\/strong><\/em><\/p>\n<ul>\n<li><em><strong><span style=\"color: #800080\">Nuestra clase de m\u00fasica en la que hemos continuado practicando con los instrumentos de percusi\u00f3n.<\/span><\/strong><\/em><\/li>\n<li><em><strong><span style=\"color: #800080\">El teatro de \u00abEl flautista de Hamelin\u00bb que interpretan para nosotros los alumn@s de primero de primaria. La interpretaci\u00f3n ha sido estupenda, y la adaptaci\u00f3n de la obra realmente graciosa. Nuestros naranjitas han asistido como aut\u00e9nticos mayores, han permanecido atentos durante toda la actuaci\u00f3n y han aplaudido al final de la obra. Desde aqu\u00ed agradecemos a los ni\u00f1os y ni\u00f1as de primero (y por su puesto a su \u00abprofe\u00bb) el esfuerzo y el trabajo que han realizado en la preparaci\u00f3n de este teatro, \u00a1el resultado fant\u00e1stico, un aplauso para tod@s!<\/span><\/strong><\/em><\/li>\n<\/ul>\n<p><em><strong><span style=\"color: #800080\">Esta tarde despide el grupo Silvia, ma\u00f1ana os veo a todos y por la tarde os entregar\u00e9 la carpetas de vuestros peque\u00f1@s.<\/span><\/strong><\/em><\/p>\n<p style=\"text-align: right\"><em><strong><span style=\"color: #800080\">Loli G\u00e1lvez<\/span><\/strong><\/em><\/p>\n","protected":false},"excerpt":{"rendered":"<p>En nuestra asamblea inicial hablamos un poquito sobre las vacaciones y las semanas posteriores a estas. Les cuento que vamos a estar sin venir al cole una semana, y que despu\u00e9s tendremos nuestra Semana de la lectura en la que tenemos programadas muchas actividades especiales relacionadas con el mundo de los cuentos y los libros. &hellip; <a href=\"https:\/\/www.alqueria.es\/blogs\/alqueriaamarillanaranja\/2017\/04\/05\/cuanta-actividad-2\/\" class=\"more-link\">Seguir leyendo <span class=\"screen-reader-text\">\u00a1Cu\u00e1nta actividad!<\/span> <span class=\"meta-nav\">&rarr;<\/span><\/a><\/p>\n","protected":false},"author":23,"featured_media":0,"comment_status":"open","ping_status":"open","sticky":false,"template":"","format":"standard","meta":{"jetpack_post_was_ever_published":false,"_jetpack_newsletter_access":"","_jetpack_dont_email_post_to_subs":false,"_jetpack_newsletter_tier_id":0,"_jetpack_memberships_contains_paywalled_content":false,"_jetpack_memberships_contains_paid_content":false,"footnotes":"","jetpack_publicize_message":"","jetpack_publicize_feature_enabled":true,"jetpack_social_post_already_shared":true,"jetpack_social_options":{"image_generator_settings":{"template":"highway","default_image_id":0,"font":"","enabled":false},"version":2}},"categories":[7,8],"tags":[89,144,125],"class_list":["post-25393","post","type-post","status-publish","format-standard","hentry","category-clase-naranja","category-diario","tag-metodo-de-propuestas","tag-musica","tag-teatro"],"jetpack_publicize_connections":[],"jetpack_featured_media_url":"","jetpack_sharing_enabled":true,"jetpack_shortlink":"https:\/\/wp.me\/p4lG08-6Bz","jetpack-related-posts":[],"_links":{"self":[{"href":"https:\/\/www.alqueria.es\/blogs\/alqueriaamarillanaranja\/wp-json\/wp\/v2\/posts\/25393","targetHints":{"allow":["GET"]}}],"collection":[{"href":"https:\/\/www.alqueria.es\/blogs\/alqueriaamarillanaranja\/wp-json\/wp\/v2\/posts"}],"about":[{"href":"https:\/\/www.alqueria.es\/blogs\/alqueriaamarillanaranja\/wp-json\/wp\/v2\/types\/post"}],"author":[{"embeddable":true,"href":"https:\/\/www.alqueria.es\/blogs\/alqueriaamarillanaranja\/wp-json\/wp\/v2\/users\/23"}],"replies":[{"embeddable":true,"href":"https:\/\/www.alqueria.es\/blogs\/alqueriaamarillanaranja\/wp-json\/wp\/v2\/comments?post=25393"}],"version-history":[{"count":0,"href":"https:\/\/www.alqueria.es\/blogs\/alqueriaamarillanaranja\/wp-json\/wp\/v2\/posts\/25393\/revisions"}],"wp:attachment":[{"href":"https:\/\/www.alqueria.es\/blogs\/alqueriaamarillanaranja\/wp-json\/wp\/v2\/media?parent=25393"}],"wp:term":[{"taxonomy":"category","embeddable":true,"href":"https:\/\/www.alqueria.es\/blogs\/alqueriaamarillanaranja\/wp-json\/wp\/v2\/categories?post=25393"},{"taxonomy":"post_tag","embeddable":true,"href":"https:\/\/www.alqueria.es\/blogs\/alqueriaamarillanaranja\/wp-json\/wp\/v2\/tags?post=25393"}],"curies":[{"name":"wp","href":"https:\/\/api.w.org\/{rel}","templated":true}]}}