{"id":25711,"date":"2017-04-21T20:27:09","date_gmt":"2017-04-21T18:27:09","guid":{"rendered":"https:\/\/www.alqueria.es\/blogs\/alqueriaamarillanaranja\/?p=25711"},"modified":"2017-04-21T01:05:35","modified_gmt":"2017-04-20T23:05:35","slug":"clausura-semana-de-la-lectura-3","status":"publish","type":"post","link":"https:\/\/www.alqueria.es\/blogs\/alqueriaamarillanaranja\/2017\/04\/21\/clausura-semana-de-la-lectura-3\/","title":{"rendered":"Clausura Semana de la Lectura"},"content":{"rendered":"<p><img decoding=\"async\" data-attachment-id=\"25712\" data-permalink=\"https:\/\/www.alqueria.es\/blogs\/alqueriaamarillanaranja\/2017\/04\/21\/clausura-semana-de-la-lectura-3\/df762029fcd58185ae71417fbd149718\/\" data-orig-file=\"https:\/\/cloud.alqueria.es\/wp-content\/uploads\/sites\/9\/2017\/04\/df762029fcd58185ae71417fbd149718.jpg\" data-orig-size=\"564,437\" data-comments-opened=\"1\" data-image-meta=\"{&quot;aperture&quot;:&quot;0&quot;,&quot;credit&quot;:&quot;&quot;,&quot;camera&quot;:&quot;&quot;,&quot;caption&quot;:&quot;&quot;,&quot;created_timestamp&quot;:&quot;0&quot;,&quot;copyright&quot;:&quot;&quot;,&quot;focal_length&quot;:&quot;0&quot;,&quot;iso&quot;:&quot;0&quot;,&quot;shutter_speed&quot;:&quot;0&quot;,&quot;title&quot;:&quot;&quot;,&quot;orientation&quot;:&quot;0&quot;}\" data-image-title=\"df762029fcd58185ae71417fbd149718\" data-image-description=\"\" data-image-caption=\"\" data-large-file=\"https:\/\/cloud.alqueria.es\/wp-content\/uploads\/sites\/9\/2017\/04\/df762029fcd58185ae71417fbd149718.jpg\" class=\"alignleft wp-image-25712\" src=\"https:\/\/cloud.alqueria.es\/wp-content\/uploads\/sites\/9\/2017\/04\/df762029fcd58185ae71417fbd149718.jpg\" alt=\"\" width=\"213\" height=\"165\" srcset=\"https:\/\/cloud.alqueria.es\/wp-content\/uploads\/sites\/9\/2017\/04\/df762029fcd58185ae71417fbd149718.jpg 564w, https:\/\/cloud.alqueria.es\/wp-content\/uploads\/sites\/9\/2017\/04\/df762029fcd58185ae71417fbd149718.jpg 300w\" sizes=\"(max-width: 213px) 100vw, 213px\" \/><em><strong><span style=\"color: #003366\">Hoy cerramos una semana llena de historias, de ilusi\u00f3n y de cuentos. Hemos conocido muchos personajes diferentes, hemos aprendido que nosotros mismos podemos formar parte de las historias y variar lo que en ellas sucede, hemos bailado, movido nuestro cuerpo&#8230;&#8230;..\u00a1hasta almorzado en un restaurante literario!, lo que os digo, una semana de lo m\u00e1s completa.<\/span><\/strong><\/em><\/p>\n<p><em><strong><span style=\"color: #003366\">La jornada de hoy ha estado protagonizada por dos actividades especiales que han encantado a nuestros ni\u00f1os y ni\u00f1as:<\/span><\/strong><\/em><\/p>\n<ul>\n<li><em><strong><span style=\"color: #003366\">Por la ma\u00f1ana hemos disfrutado con el <span style=\"color: #ff6600\">cuento musical <\/span>que nos ha<img decoding=\"async\" data-attachment-id=\"25713\" data-permalink=\"https:\/\/www.alqueria.es\/blogs\/alqueriaamarillanaranja\/2017\/04\/21\/clausura-semana-de-la-lectura-3\/attachment\/0\/\" data-orig-file=\"https:\/\/cloud.alqueria.es\/wp-content\/uploads\/sites\/9\/2017\/04\/0.png\" data-orig-size=\"225,225\" data-comments-opened=\"1\" data-image-meta=\"{&quot;aperture&quot;:&quot;0&quot;,&quot;credit&quot;:&quot;&quot;,&quot;camera&quot;:&quot;&quot;,&quot;caption&quot;:&quot;&quot;,&quot;created_timestamp&quot;:&quot;0&quot;,&quot;copyright&quot;:&quot;&quot;,&quot;focal_length&quot;:&quot;0&quot;,&quot;iso&quot;:&quot;0&quot;,&quot;shutter_speed&quot;:&quot;0&quot;,&quot;title&quot;:&quot;&quot;,&quot;orientation&quot;:&quot;0&quot;}\" data-image-title=\"0\" data-image-description=\"\" data-image-caption=\"\" data-large-file=\"https:\/\/cloud.alqueria.es\/wp-content\/uploads\/sites\/9\/2017\/04\/0.png\" class=\"alignright wp-image-25713\" src=\"https:\/\/cloud.alqueria.es\/wp-content\/uploads\/sites\/9\/2017\/04\/0.png\" alt=\"\" width=\"131\" height=\"131\" srcset=\"https:\/\/cloud.alqueria.es\/wp-content\/uploads\/sites\/9\/2017\/04\/0.png 225w, https:\/\/cloud.alqueria.es\/wp-content\/uploads\/sites\/9\/2017\/04\/0.png 150w\" sizes=\"(max-width: 131px) 100vw, 131px\" \/> contado Elena (mam\u00e1 de Violeta y profe del cole en la especialidad de m\u00fasica). Nos ha dedicado un cuento sonoro en el que ella iba narrando una historia acompa\u00f1ada de efectos de sonido producidos por una guitarra el\u00e9ctrica. Al final del cuento han sido los ni\u00f1@ los que han tenido que adivinar el instrumento de que se trataba.<\/span><\/strong><\/em><\/li>\n<li><em><strong><span style=\"color: #003366\">Tambi\u00e9n nos ha cantado <span style=\"color: #ff6600\">dos canciones: \u00abLa hormiguita\u00bb y \u00abLa\u00a0\u00a0\u00a0 lengua saltarina\u00bb,<\/span> con las que nos hemos movido al ritmo de sus melod\u00edas y nos hemos divertido much\u00edsimo. Finalmente nos cuenta el <span style=\"color: #ff6600\">\u00abCuento del gusanito\u00bb<\/span> en el que los ni\u00f1os tienen que ir realizando movimientos con la lengua a medida que avanza la historia.<\/span><\/strong><\/em><\/li>\n<\/ul>\n<p><img decoding=\"async\" data-attachment-id=\"25714\" data-permalink=\"https:\/\/www.alqueria.es\/blogs\/alqueriaamarillanaranja\/2017\/04\/21\/clausura-semana-de-la-lectura-3\/10132519-ilustraci-n-de-ni-os-escuchando-a-su-profesor-de-guitarra-foto-de-archivo\/\" data-orig-file=\"https:\/\/cloud.alqueria.es\/wp-content\/uploads\/sites\/9\/2017\/04\/10132519-Ilustraci-n-de-ni-os-escuchando-a-su-profesor-de-guitarra-Foto-de-archivo.jpg\" data-orig-size=\"1024,754\" data-comments-opened=\"1\" data-image-meta=\"{&quot;aperture&quot;:&quot;0&quot;,&quot;credit&quot;:&quot;&quot;,&quot;camera&quot;:&quot;&quot;,&quot;caption&quot;:&quot;&quot;,&quot;created_timestamp&quot;:&quot;0&quot;,&quot;copyright&quot;:&quot;&quot;,&quot;focal_length&quot;:&quot;0&quot;,&quot;iso&quot;:&quot;0&quot;,&quot;shutter_speed&quot;:&quot;0&quot;,&quot;title&quot;:&quot;&quot;,&quot;orientation&quot;:&quot;0&quot;}\" data-image-title=\"10132519-Ilustraci-n-de-ni-os-escuchando-a-su-profesor-de-guitarra-Foto-de-archivo\" data-image-description=\"\" data-image-caption=\"\" data-large-file=\"https:\/\/cloud.alqueria.es\/wp-content\/uploads\/sites\/9\/2017\/04\/10132519-Ilustraci-n-de-ni-os-escuchando-a-su-profesor-de-guitarra-Foto-de-archivo-1024x754.jpg\" class=\"alignleft wp-image-25714\" src=\"https:\/\/cloud.alqueria.es\/wp-content\/uploads\/sites\/9\/2017\/04\/10132519-Ilustraci-n-de-ni-os-escuchando-a-su-profesor-de-guitarra-Foto-de-archivo.jpg\" alt=\"\" width=\"236\" height=\"174\" srcset=\"https:\/\/cloud.alqueria.es\/wp-content\/uploads\/sites\/9\/2017\/04\/10132519-Ilustraci-n-de-ni-os-escuchando-a-su-profesor-de-guitarra-Foto-de-archivo.jpg 1024w, https:\/\/cloud.alqueria.es\/wp-content\/uploads\/sites\/9\/2017\/04\/10132519-Ilustraci-n-de-ni-os-escuchando-a-su-profesor-de-guitarra-Foto-de-archivo.jpg 300w, https:\/\/cloud.alqueria.es\/wp-content\/uploads\/sites\/9\/2017\/04\/10132519-Ilustraci-n-de-ni-os-escuchando-a-su-profesor-de-guitarra-Foto-de-archivo.jpg 768w\" sizes=\"(max-width: 236px) 100vw, 236px\" \/><\/p>\n<ul>\n<li><em><strong><span style=\"color: #003366\">Antes de acabar la actividad nos ha dado una sorpresa pues nos hab\u00eda preparado unos \u00abpines\u00bb con forma de guitarra el\u00e9ctrica, como la del primer cuento que nos cont\u00f3. \u00a1Nos han encantado!<\/span><\/strong><\/em><\/li>\n<\/ul>\n<p><em><strong><span style=\"color: #003366\">Muchas gracias Elena por tu implicaci\u00f3n y las actividades tan bonitas que nos has regalado.<\/span><\/strong><\/em><\/p>\n<ul>\n<li><em><strong><span style=\"color: #003366\">Por la tarde lo hemos pasado en grande celebrando el d\u00eda del libro<img decoding=\"async\" data-attachment-id=\"25716\" data-permalink=\"https:\/\/www.alqueria.es\/blogs\/alqueriaamarillanaranja\/2017\/04\/21\/clausura-semana-de-la-lectura-3\/c885d84ba2bfd9d31631871f43481d38\/\" data-orig-file=\"https:\/\/cloud.alqueria.es\/wp-content\/uploads\/sites\/9\/2017\/04\/c885d84ba2bfd9d31631871f43481d38.jpg\" data-orig-size=\"564,797\" data-comments-opened=\"1\" data-image-meta=\"{&quot;aperture&quot;:&quot;0&quot;,&quot;credit&quot;:&quot;&quot;,&quot;camera&quot;:&quot;&quot;,&quot;caption&quot;:&quot;&quot;,&quot;created_timestamp&quot;:&quot;0&quot;,&quot;copyright&quot;:&quot;&quot;,&quot;focal_length&quot;:&quot;0&quot;,&quot;iso&quot;:&quot;0&quot;,&quot;shutter_speed&quot;:&quot;0&quot;,&quot;title&quot;:&quot;&quot;,&quot;orientation&quot;:&quot;0&quot;}\" data-image-title=\"c885d84ba2bfd9d31631871f43481d38\" data-image-description=\"\" data-image-caption=\"\" data-large-file=\"https:\/\/cloud.alqueria.es\/wp-content\/uploads\/sites\/9\/2017\/04\/c885d84ba2bfd9d31631871f43481d38.jpg\" class=\"alignright size-medium wp-image-25716\" src=\"https:\/\/cloud.alqueria.es\/wp-content\/uploads\/sites\/9\/2017\/04\/c885d84ba2bfd9d31631871f43481d38.jpg\" alt=\"\" width=\"212\" height=\"300\" srcset=\"https:\/\/cloud.alqueria.es\/wp-content\/uploads\/sites\/9\/2017\/04\/c885d84ba2bfd9d31631871f43481d38.jpg 564w, https:\/\/cloud.alqueria.es\/wp-content\/uploads\/sites\/9\/2017\/04\/c885d84ba2bfd9d31631871f43481d38.jpg 212w\" sizes=\"(max-width: 212px) 100vw, 212px\" \/> con la lectura de la <span style=\"color: #ff6600\">leyenda de \u00abSan Jorge y el drag\u00f3n\u00bb,<\/span> lectura que ha corrido a cargo de las tutoras del segundo ciclo y que ha ido acompa\u00f1ada de una ilustraci\u00f3n en vivo de la historia.<\/span><\/strong><\/em><\/li>\n<li><em><strong><span style=\"color: #003366\">Tras la lectura les damos a los ni\u00f1os y ni\u00f1as la oportunidad de dibujar a los protagonistas de la misma tal y como ellos los imaginan. Han salido dibujos muy creativos. Lo que m\u00e1s ha llamado su atenci\u00f3n&#8230;&#8230;.\u00a1el drag\u00f3n!, como era de imaginar, jajajajaja.<\/span><\/strong><\/em><\/li>\n<\/ul>\n<p><em><strong><span style=\"color: #003366\">Pues bien, con esta entrada damos por finalizada una semana que ha sido muy especial para todos nosotros, grandes y peque\u00f1os, y que creo va a dejar un grato recuerdo para siempre.<\/span><\/strong><\/em><\/p>\n<p><em><strong><span style=\"color: #003366\">Buen fin de semana, aprovechad para leer alg\u00fan libro interesante.<\/span><\/strong><\/em><\/p>\n<p style=\"text-align: right\"><em><strong><span style=\"color: #003366\">Loli G\u00e1lvez<\/span><\/strong><\/em><\/p>\n<p>&nbsp;<\/p>\n","protected":false},"excerpt":{"rendered":"<p>Hoy cerramos una semana llena de historias, de ilusi\u00f3n y de cuentos. Hemos conocido muchos personajes diferentes, hemos aprendido que nosotros mismos podemos formar parte de las historias y variar lo que en ellas sucede, hemos bailado, movido nuestro cuerpo&#8230;&#8230;..\u00a1hasta almorzado en un restaurante literario!, lo que os digo, una semana de lo m\u00e1s completa. &hellip; <a href=\"https:\/\/www.alqueria.es\/blogs\/alqueriaamarillanaranja\/2017\/04\/21\/clausura-semana-de-la-lectura-3\/\" class=\"more-link\">Seguir leyendo <span class=\"screen-reader-text\">Clausura Semana de la Lectura<\/span> <span class=\"meta-nav\">&rarr;<\/span><\/a><\/p>\n","protected":false},"author":23,"featured_media":0,"comment_status":"open","ping_status":"open","sticky":false,"template":"","format":"standard","meta":{"jetpack_post_was_ever_published":false,"_jetpack_newsletter_access":"","_jetpack_dont_email_post_to_subs":false,"_jetpack_newsletter_tier_id":0,"_jetpack_memberships_contains_paywalled_content":false,"_jetpack_memberships_contains_paid_content":false,"footnotes":"","jetpack_publicize_message":"","jetpack_publicize_feature_enabled":true,"jetpack_social_post_already_shared":true,"jetpack_social_options":{"image_generator_settings":{"template":"highway","default_image_id":0,"font":"","enabled":false},"version":2}},"categories":[7,8],"tags":[434],"class_list":["post-25711","post","type-post","status-publish","format-standard","hentry","category-clase-naranja","category-diario","tag-semana-lectura-2017"],"jetpack_publicize_connections":[],"jetpack_featured_media_url":"","jetpack_sharing_enabled":true,"jetpack_shortlink":"https:\/\/wp.me\/p4lG08-6GH","jetpack-related-posts":[],"_links":{"self":[{"href":"https:\/\/www.alqueria.es\/blogs\/alqueriaamarillanaranja\/wp-json\/wp\/v2\/posts\/25711","targetHints":{"allow":["GET"]}}],"collection":[{"href":"https:\/\/www.alqueria.es\/blogs\/alqueriaamarillanaranja\/wp-json\/wp\/v2\/posts"}],"about":[{"href":"https:\/\/www.alqueria.es\/blogs\/alqueriaamarillanaranja\/wp-json\/wp\/v2\/types\/post"}],"author":[{"embeddable":true,"href":"https:\/\/www.alqueria.es\/blogs\/alqueriaamarillanaranja\/wp-json\/wp\/v2\/users\/23"}],"replies":[{"embeddable":true,"href":"https:\/\/www.alqueria.es\/blogs\/alqueriaamarillanaranja\/wp-json\/wp\/v2\/comments?post=25711"}],"version-history":[{"count":0,"href":"https:\/\/www.alqueria.es\/blogs\/alqueriaamarillanaranja\/wp-json\/wp\/v2\/posts\/25711\/revisions"}],"wp:attachment":[{"href":"https:\/\/www.alqueria.es\/blogs\/alqueriaamarillanaranja\/wp-json\/wp\/v2\/media?parent=25711"}],"wp:term":[{"taxonomy":"category","embeddable":true,"href":"https:\/\/www.alqueria.es\/blogs\/alqueriaamarillanaranja\/wp-json\/wp\/v2\/categories?post=25711"},{"taxonomy":"post_tag","embeddable":true,"href":"https:\/\/www.alqueria.es\/blogs\/alqueriaamarillanaranja\/wp-json\/wp\/v2\/tags?post=25711"}],"curies":[{"name":"wp","href":"https:\/\/api.w.org\/{rel}","templated":true}]}}