{"id":25852,"date":"2017-04-27T23:31:33","date_gmt":"2017-04-27T21:31:33","guid":{"rendered":"https:\/\/www.alqueria.es\/blogs\/alqueriaamarillanaranja\/?p=25852"},"modified":"2017-04-27T23:24:47","modified_gmt":"2017-04-27T21:24:47","slug":"que-bien-lo-pasamos-en-la-granja","status":"publish","type":"post","link":"https:\/\/www.alqueria.es\/blogs\/alqueriaamarillanaranja\/2017\/04\/27\/que-bien-lo-pasamos-en-la-granja\/","title":{"rendered":"\u00a1Qu\u00e9 bien lo pasamos en la granja!"},"content":{"rendered":"<p><img decoding=\"async\" data-attachment-id=\"25867\" data-permalink=\"https:\/\/www.alqueria.es\/blogs\/alqueriaamarillanaranja\/2017\/04\/27\/que-bien-lo-pasamos-en-la-granja\/farmers-cartoon-characters-working-farms-gardener-farm-fresh-59783872\/\" data-orig-file=\"https:\/\/cloud.alqueria.es\/wp-content\/uploads\/sites\/9\/2017\/04\/farmers-cartoon-characters-working-farms-gardener-farm-fresh-59783872.jpg\" data-orig-size=\"958,1024\" data-comments-opened=\"1\" data-image-meta=\"{&quot;aperture&quot;:&quot;0&quot;,&quot;credit&quot;:&quot;&quot;,&quot;camera&quot;:&quot;&quot;,&quot;caption&quot;:&quot;&quot;,&quot;created_timestamp&quot;:&quot;0&quot;,&quot;copyright&quot;:&quot;&quot;,&quot;focal_length&quot;:&quot;0&quot;,&quot;iso&quot;:&quot;0&quot;,&quot;shutter_speed&quot;:&quot;0&quot;,&quot;title&quot;:&quot;&quot;,&quot;orientation&quot;:&quot;0&quot;}\" data-image-title=\"farmers-cartoon-characters-working-farms-gardener-farm-fresh-59783872\" data-image-description=\"\" data-image-caption=\"\" data-large-file=\"https:\/\/cloud.alqueria.es\/wp-content\/uploads\/sites\/9\/2017\/04\/farmers-cartoon-characters-working-farms-gardener-farm-fresh-59783872-958x1024.jpg\" class=\"alignleft wp-image-25867\" src=\"https:\/\/cloud.alqueria.es\/wp-content\/uploads\/sites\/9\/2017\/04\/farmers-cartoon-characters-working-farms-gardener-farm-fresh-59783872.jpg\" alt=\"\" width=\"210\" height=\"225\" srcset=\"https:\/\/cloud.alqueria.es\/wp-content\/uploads\/sites\/9\/2017\/04\/farmers-cartoon-characters-working-farms-gardener-farm-fresh-59783872.jpg 958w, https:\/\/cloud.alqueria.es\/wp-content\/uploads\/sites\/9\/2017\/04\/farmers-cartoon-characters-working-farms-gardener-farm-fresh-59783872.jpg 281w, https:\/\/cloud.alqueria.es\/wp-content\/uploads\/sites\/9\/2017\/04\/farmers-cartoon-characters-working-farms-gardener-farm-fresh-59783872.jpg 768w\" sizes=\"(max-width: 210px) 100vw, 210px\" \/><strong><em><span style=\"color: #008000\">Como todos sab\u00e9is ayer tuvimos nuestra esperada salida a la granja escuela; esperada no&#8230;&#8230;yo\u00a0 dir\u00eda m\u00e1s bien ansiada, jajajaja por la ma\u00f1ana temprano nuestros ni\u00f1os y ni\u00f1as rebosaban energ\u00eda y ten\u00edan una ilusi\u00f3n inconmensurable por partir hacia nuestro destino.<\/span><\/em><\/strong><\/p>\n<p><strong><em><span style=\"color: #008000\">Una vez nos subimos en el autob\u00fas todo eran comentarios de lo que \u00edbamos a ver y hacer en la granja. Los animales eran los grandes protagonistas, ten\u00edan muchas ganas de verlos, tocarlos y darles de comer. \u00a1Qu\u00e9 valientes tod@s!<\/span><\/em><\/strong><\/p>\n<p><strong><em><span style=\"color: #008000\">Cuando llegamos nos estaban esperando los monitores encargados <img decoding=\"async\" data-attachment-id=\"25868\" data-permalink=\"https:\/\/www.alqueria.es\/blogs\/alqueriaamarillanaranja\/2017\/04\/27\/que-bien-lo-pasamos-en-la-granja\/534392b2507eb3b865d26c87776e7435\/\" data-orig-file=\"https:\/\/cloud.alqueria.es\/wp-content\/uploads\/sites\/9\/2017\/04\/534392b2507eb3b865d26c87776e7435.jpg\" data-orig-size=\"1024,820\" data-comments-opened=\"1\" data-image-meta=\"{&quot;aperture&quot;:&quot;0&quot;,&quot;credit&quot;:&quot;&quot;,&quot;camera&quot;:&quot;&quot;,&quot;caption&quot;:&quot;&quot;,&quot;created_timestamp&quot;:&quot;0&quot;,&quot;copyright&quot;:&quot;&quot;,&quot;focal_length&quot;:&quot;0&quot;,&quot;iso&quot;:&quot;0&quot;,&quot;shutter_speed&quot;:&quot;0&quot;,&quot;title&quot;:&quot;&quot;,&quot;orientation&quot;:&quot;0&quot;}\" data-image-title=\"534392b2507eb3b865d26c87776e7435\" data-image-description=\"\" data-image-caption=\"\" data-large-file=\"https:\/\/cloud.alqueria.es\/wp-content\/uploads\/sites\/9\/2017\/04\/534392b2507eb3b865d26c87776e7435-1024x820.jpg\" class=\"alignright wp-image-25868\" src=\"https:\/\/cloud.alqueria.es\/wp-content\/uploads\/sites\/9\/2017\/04\/534392b2507eb3b865d26c87776e7435.jpg\" alt=\"\" width=\"199\" height=\"159\" srcset=\"https:\/\/cloud.alqueria.es\/wp-content\/uploads\/sites\/9\/2017\/04\/534392b2507eb3b865d26c87776e7435.jpg 1024w, https:\/\/cloud.alqueria.es\/wp-content\/uploads\/sites\/9\/2017\/04\/534392b2507eb3b865d26c87776e7435.jpg 300w, https:\/\/cloud.alqueria.es\/wp-content\/uploads\/sites\/9\/2017\/04\/534392b2507eb3b865d26c87776e7435.jpg 768w\" sizes=\"(max-width: 199px) 100vw, 199px\" \/>de hacernos pasar un d\u00eda estupendo. Alb\u00e1n, Angelillo y Marina fueron los gu\u00edas de los tres grupos en los que dividieron a nuestros ni\u00f1os y ni\u00f1as (naranjas y rojos estuvimos mezclados por igual). Los tres grupos tuvieron la oportunidad de pasar por los tres espacios principales en los que se divide Huerto Alegre:<\/span><\/em><\/strong><\/p>\n<ul>\n<li><strong><em><span style=\"color: #008000\">El invernadero<\/span><\/em><\/strong><\/li>\n<li><strong><em><span style=\"color: #008000\">El huerto<\/span><\/em><\/strong><\/li>\n<li><strong><em><span style=\"color: #008000\">La granja (con sus animales, \u00a1bien!)<\/span><\/em><\/strong><\/li>\n<\/ul>\n<div class=\"tiled-gallery type-circle tiled-gallery-unresized\" data-original-width=\"474\" data-carousel-extra='{&quot;blog_id&quot;:9,&quot;permalink&quot;:&quot;https:\\\/\\\/www.alqueria.es\\\/blogs\\\/alqueriaamarillanaranja\\\/2017\\\/04\\\/27\\\/que-bien-lo-pasamos-en-la-granja\\\/&quot;,&quot;likes_blog_id&quot;:64271688}' itemscope itemtype=\"http:\/\/schema.org\/ImageGallery\" > <div class=\"gallery-row\" style=\"width: 474px; height: 158px;\" data-original-width=\"474\" data-original-height=\"158\" > <div class=\"gallery-group\" style=\"width: 158px; height: 158px;\" data-original-width=\"158\" data-original-height=\"158\" > <div class=\"tiled-gallery-item \" itemprop=\"associatedMedia\" itemscope itemtype=\"http:\/\/schema.org\/ImageObject\"> <a href=\"https:\/\/www.alqueria.es\/blogs\/alqueriaamarillanaranja\/2017\/04\/27\/que-bien-lo-pasamos-en-la-granja\/attachment\/97\/\" border=\"0\" itemprop=\"url\"> <meta itemprop=\"width\" content=\"154\"> <meta itemprop=\"height\" content=\"154\"> <img decoding=\"async\" class=\"\" data-attachment-id=\"25862\" data-orig-file=\"https:\/\/cloud.alqueria.es\/wp-content\/uploads\/sites\/9\/2017\/04\/97.png\" data-orig-size=\"246,205\" data-comments-opened=\"1\" data-image-meta=\"{&quot;aperture&quot;:&quot;0&quot;,&quot;credit&quot;:&quot;&quot;,&quot;camera&quot;:&quot;&quot;,&quot;caption&quot;:&quot;&quot;,&quot;created_timestamp&quot;:&quot;0&quot;,&quot;copyright&quot;:&quot;&quot;,&quot;focal_length&quot;:&quot;0&quot;,&quot;iso&quot;:&quot;0&quot;,&quot;shutter_speed&quot;:&quot;0&quot;,&quot;title&quot;:&quot;&quot;,&quot;orientation&quot;:&quot;0&quot;}\" data-image-title=\"97\" data-image-description=\"\" data-medium-file=\"https:\/\/cloud.alqueria.es\/wp-content\/uploads\/sites\/9\/2017\/04\/97.png\" data-large-file=\"https:\/\/cloud.alqueria.es\/wp-content\/uploads\/sites\/9\/2017\/04\/97.png\" src=\"https:\/\/i0.wp.com\/cloud.alqueria.es\/wp-content\/uploads\/sites\/9\/2017\/04\/97.png?w=154&#038;h=154&#038;crop=1&#038;ssl=1\" width=\"154\" height=\"154\" loading=\"lazy\" data-original-width=\"154\" data-original-height=\"154\" itemprop=\"http:\/\/schema.org\/image\" title=\"97\" alt=\"97\" style=\"width: 154px; height: 154px;\" \/> <\/a> <\/div> <\/div> <div class=\"gallery-group\" style=\"width: 158px; height: 158px;\" data-original-width=\"158\" data-original-height=\"158\" > <div class=\"tiled-gallery-item \" itemprop=\"associatedMedia\" itemscope itemtype=\"http:\/\/schema.org\/ImageObject\"> <a href=\"https:\/\/www.alqueria.es\/blogs\/alqueriaamarillanaranja\/2017\/04\/27\/que-bien-lo-pasamos-en-la-granja\/attachment\/98\/\" border=\"0\" itemprop=\"url\"> <meta itemprop=\"width\" content=\"154\"> <meta itemprop=\"height\" content=\"154\"> <img decoding=\"async\" class=\"\" data-attachment-id=\"25863\" data-orig-file=\"https:\/\/cloud.alqueria.es\/wp-content\/uploads\/sites\/9\/2017\/04\/98.png\" data-orig-size=\"207,244\" data-comments-opened=\"1\" data-image-meta=\"{&quot;aperture&quot;:&quot;0&quot;,&quot;credit&quot;:&quot;&quot;,&quot;camera&quot;:&quot;&quot;,&quot;caption&quot;:&quot;&quot;,&quot;created_timestamp&quot;:&quot;0&quot;,&quot;copyright&quot;:&quot;&quot;,&quot;focal_length&quot;:&quot;0&quot;,&quot;iso&quot;:&quot;0&quot;,&quot;shutter_speed&quot;:&quot;0&quot;,&quot;title&quot;:&quot;&quot;,&quot;orientation&quot;:&quot;0&quot;}\" data-image-title=\"98\" data-image-description=\"\" data-medium-file=\"https:\/\/cloud.alqueria.es\/wp-content\/uploads\/sites\/9\/2017\/04\/98.png\" data-large-file=\"https:\/\/cloud.alqueria.es\/wp-content\/uploads\/sites\/9\/2017\/04\/98.png\" src=\"https:\/\/i0.wp.com\/cloud.alqueria.es\/wp-content\/uploads\/sites\/9\/2017\/04\/98.png?w=154&#038;h=154&#038;crop=1&#038;ssl=1\" width=\"154\" height=\"154\" loading=\"lazy\" data-original-width=\"154\" data-original-height=\"154\" itemprop=\"http:\/\/schema.org\/image\" title=\"98\" alt=\"98\" style=\"width: 154px; height: 154px;\" \/> <\/a> <\/div> <\/div> <div class=\"gallery-group\" style=\"width: 158px; height: 158px;\" data-original-width=\"158\" data-original-height=\"158\" > <div class=\"tiled-gallery-item \" itemprop=\"associatedMedia\" itemscope itemtype=\"http:\/\/schema.org\/ImageObject\"> <a href=\"https:\/\/www.alqueria.es\/blogs\/alqueriaamarillanaranja\/2017\/04\/27\/que-bien-lo-pasamos-en-la-granja\/99-4\/\" border=\"0\" itemprop=\"url\"> <meta itemprop=\"width\" content=\"154\"> <meta itemprop=\"height\" content=\"154\"> <img decoding=\"async\" class=\"\" data-attachment-id=\"25864\" data-orig-file=\"https:\/\/cloud.alqueria.es\/wp-content\/uploads\/sites\/9\/2017\/04\/99.png\" data-orig-size=\"275,183\" data-comments-opened=\"1\" data-image-meta=\"{&quot;aperture&quot;:&quot;0&quot;,&quot;credit&quot;:&quot;&quot;,&quot;camera&quot;:&quot;&quot;,&quot;caption&quot;:&quot;&quot;,&quot;created_timestamp&quot;:&quot;0&quot;,&quot;copyright&quot;:&quot;&quot;,&quot;focal_length&quot;:&quot;0&quot;,&quot;iso&quot;:&quot;0&quot;,&quot;shutter_speed&quot;:&quot;0&quot;,&quot;title&quot;:&quot;&quot;,&quot;orientation&quot;:&quot;0&quot;}\" data-image-title=\"99\" data-image-description=\"\" data-medium-file=\"https:\/\/cloud.alqueria.es\/wp-content\/uploads\/sites\/9\/2017\/04\/99.png\" data-large-file=\"https:\/\/cloud.alqueria.es\/wp-content\/uploads\/sites\/9\/2017\/04\/99.png\" src=\"https:\/\/i0.wp.com\/cloud.alqueria.es\/wp-content\/uploads\/sites\/9\/2017\/04\/99.png?w=154&#038;h=154&#038;crop=1&#038;ssl=1\" width=\"154\" height=\"154\" loading=\"lazy\" data-original-width=\"154\" data-original-height=\"154\" itemprop=\"http:\/\/schema.org\/image\" title=\"99\" alt=\"99\" style=\"width: 154px; height: 154px;\" \/> <\/a> <\/div> <\/div> <\/div> <\/div>\n<p><strong><em><span style=\"color: #008000\">Despu\u00e9s de las presentaciones y de tomar un poco de fruta y unas galletas, nos ponemos en marcha y disfrutamos de todo lo que nos ofrece este lugar.<\/span><\/em><\/strong><\/p>\n<p><strong><em><span style=\"color: #008000\">Tras una ma\u00f1ana de experiencias y emociones, nos aseamos y entramos al comedor para disfrutar de una comida que \u00ables supo a gloria\u00bb (por lo rica que estaba y por el hambre que ten\u00edan despu\u00e9s de haber pasado la ma\u00f1ana como aut\u00e9nticos granjeros, jajajaja).<\/span><\/em><\/strong><\/p>\n<p><strong><em><span style=\"color: #008000\">Despu\u00e9s de comer, dan un paseo por el entorno de la granja, un espacio natural privilegiado en el que disfrutan de un cuento al aire libre.<\/span><\/em><\/strong><\/p>\n<p><strong><em><span style=\"color: #008000\"><img decoding=\"async\" data-attachment-id=\"25869\" data-permalink=\"https:\/\/www.alqueria.es\/blogs\/alqueriaamarillanaranja\/2017\/04\/27\/que-bien-lo-pasamos-en-la-granja\/51305585-ni-os-de-dibujos-animados-cocinar-y-hornear-como-chefs-de-la-cocina-foto-de-archivo\/\" data-orig-file=\"https:\/\/cloud.alqueria.es\/wp-content\/uploads\/sites\/9\/2017\/04\/51305585-ni-os-de-dibujos-animados-cocinar-y-hornear-como-chefs-de-la-cocina-Foto-de-archivo.jpg\" data-orig-size=\"1024,956\" data-comments-opened=\"1\" data-image-meta=\"{&quot;aperture&quot;:&quot;0&quot;,&quot;credit&quot;:&quot;&quot;,&quot;camera&quot;:&quot;&quot;,&quot;caption&quot;:&quot;&quot;,&quot;created_timestamp&quot;:&quot;0&quot;,&quot;copyright&quot;:&quot;&quot;,&quot;focal_length&quot;:&quot;0&quot;,&quot;iso&quot;:&quot;0&quot;,&quot;shutter_speed&quot;:&quot;0&quot;,&quot;title&quot;:&quot;&quot;,&quot;orientation&quot;:&quot;0&quot;}\" data-image-title=\"51305585-ni-os-de-dibujos-animados-cocinar-y-hornear-como-chefs-de-la-cocina-Foto-de-archivo\" data-image-description=\"\" data-image-caption=\"\" data-large-file=\"https:\/\/cloud.alqueria.es\/wp-content\/uploads\/sites\/9\/2017\/04\/51305585-ni-os-de-dibujos-animados-cocinar-y-hornear-como-chefs-de-la-cocina-Foto-de-archivo-1024x956.jpg\" class=\"alignleft wp-image-25869\" src=\"https:\/\/cloud.alqueria.es\/wp-content\/uploads\/sites\/9\/2017\/04\/51305585-ni-os-de-dibujos-animados-cocinar-y-hornear-como-chefs-de-la-cocina-Foto-de-archivo.jpg\" alt=\"\" width=\"195\" height=\"182\" srcset=\"https:\/\/cloud.alqueria.es\/wp-content\/uploads\/sites\/9\/2017\/04\/51305585-ni-os-de-dibujos-animados-cocinar-y-hornear-como-chefs-de-la-cocina-Foto-de-archivo.jpg 1024w, https:\/\/cloud.alqueria.es\/wp-content\/uploads\/sites\/9\/2017\/04\/51305585-ni-os-de-dibujos-animados-cocinar-y-hornear-como-chefs-de-la-cocina-Foto-de-archivo.jpg 300w, https:\/\/cloud.alqueria.es\/wp-content\/uploads\/sites\/9\/2017\/04\/51305585-ni-os-de-dibujos-animados-cocinar-y-hornear-como-chefs-de-la-cocina-Foto-de-archivo.jpg 768w\" sizes=\"(max-width: 195px) 100vw, 195px\" \/>La actividad central de la tarde fue un taller de galletas en el que todos y todas participaron la mar de animados. Los monitores prepararon la masa a\u00f1adiendo ingrediente a ingrediente y d\u00e1ndole \u00abun poquito de magia\u00bb a dicha elaboraci\u00f3n. Cuando la masa estuvo lista, fueron nuestros ni\u00f1os los que la amasaron y despu\u00e9s con cortapastas de diferentes formas fueron elaborando las galletas que llevaron a casa como trofeo \ud83d\ude09<\/span><\/em><\/strong><\/p>\n<p><strong><em><span style=\"color: #008000\">Antes de iniciar el camino de vuelta disfrutamos de una riqu\u00ediiisima merienda a base de pan y chocolate, y pasamos nuestros \u00faltimos momentos en los prados que rodean la granja.<\/span><\/em><\/strong><\/p>\n<p><strong><em><span style=\"color: #008000\">A continuaci\u00f3n os pongo un peque\u00f1o montaje fotogr\u00e1fico con algunos de los momentos especiales que vivimos ayer, espero que lo disfrut\u00e9is:<\/span><\/em><\/strong><\/p>\n<p><div class=\"a25-CTUOC-hidding-box\" data-original-content=\"&lt;iframe loading=&quot;lazy&quot; title=&quot;GRANJA ESCUELA 2017&quot; src=&quot;https:\/\/player.vimeo.com\/video\/215019616?dnt=1&amp;amp;app_id=122963&quot; width=&quot;474&quot; height=&quot;474&quot; frameborder=&quot;0&quot; allow=&quot;autoplay; fullscreen; picture-in-picture; clipboard-write&quot;&gt;&lt;\/iframe&gt;\">Esta p\u00e1gina incluye contenido multimedia que requiere aceptar todas las cookies. Pulse aqu\u00ed para abrir la configuraci\u00f3n de cookies.<\/div><\/p>\n<p><strong><em><span style=\"color: #008000\">Creo que despu\u00e9s del video tendr\u00e9is clar\u00edsimo c\u00f3mo lo pasaron&#8230;&#8230;.., pero si todav\u00eda os queda alguna duda, os adjunto un peque\u00f1o v\u00eddeo del momento final antes de subirnos al autob\u00fas. Ahora entender\u00e9is porqu\u00e9 llegaron tan cansados:<\/span><\/em><\/strong><\/p>\n<p><div class=\"a25-CTUOC-hidding-box\" data-original-content=\"&lt;iframe loading=&quot;lazy&quot; title=&quot;75&quot; src=&quot;https:\/\/player.vimeo.com\/video\/215085579?dnt=1&amp;amp;app_id=122963&quot; width=&quot;474&quot; height=&quot;267&quot; frameborder=&quot;0&quot; allow=&quot;autoplay; fullscreen; picture-in-picture; clipboard-write&quot;&gt;&lt;\/iframe&gt;\">Esta p\u00e1gina incluye contenido multimedia que requiere aceptar todas las cookies. Pulse aqu\u00ed para abrir la configuraci\u00f3n de cookies.<\/div><\/p>\n<p><strong><em><span style=\"color: #008000\">Valoraci\u00f3n de la salida: \u00a1un 10!<\/span><\/em><\/strong><\/p>\n<p><strong><em><span style=\"color: #008000\">Los ni\u00f1os y ni\u00f1as de Alquer\u00eda demostraron adaptarse estupendamente al medio granjero, disfrutaron, aprendieron y experimentaron todo lo que este espacio natural nos ofreci\u00f3 en un d\u00eda estupendo.<\/span><\/em><\/strong><\/p>\n<p style=\"text-align: right\"><strong><em><span style=\"color: #008000\">Loli G\u00e1lvez<\/span><\/em><\/strong><\/p>\n","protected":false},"excerpt":{"rendered":"<p>Como todos sab\u00e9is ayer tuvimos nuestra esperada salida a la granja escuela; esperada no&#8230;&#8230;yo\u00a0 dir\u00eda m\u00e1s bien ansiada, jajajaja por la ma\u00f1ana temprano nuestros ni\u00f1os y ni\u00f1as rebosaban energ\u00eda y ten\u00edan una ilusi\u00f3n inconmensurable por partir hacia nuestro destino. Una vez nos subimos en el autob\u00fas todo eran comentarios de lo que \u00edbamos a ver &hellip; <a href=\"https:\/\/www.alqueria.es\/blogs\/alqueriaamarillanaranja\/2017\/04\/27\/que-bien-lo-pasamos-en-la-granja\/\" class=\"more-link\">Seguir leyendo <span class=\"screen-reader-text\">\u00a1Qu\u00e9 bien lo pasamos en la granja!<\/span> <span class=\"meta-nav\">&rarr;<\/span><\/a><\/p>\n","protected":false},"author":23,"featured_media":0,"comment_status":"open","ping_status":"open","sticky":false,"template":"","format":"standard","meta":{"jetpack_post_was_ever_published":false,"_jetpack_newsletter_access":"","_jetpack_dont_email_post_to_subs":false,"_jetpack_newsletter_tier_id":0,"_jetpack_memberships_contains_paywalled_content":false,"_jetpack_memberships_contains_paid_content":false,"footnotes":"","jetpack_publicize_message":"","jetpack_publicize_feature_enabled":true,"jetpack_social_post_already_shared":true,"jetpack_social_options":{"image_generator_settings":{"template":"highway","default_image_id":0,"font":"","enabled":false},"version":2}},"categories":[7,8],"tags":[136,306],"class_list":["post-25852","post","type-post","status-publish","format-standard","hentry","category-clase-naranja","category-diario","tag-la-granja","tag-salida-trimestral"],"jetpack_publicize_connections":[],"jetpack_featured_media_url":"","jetpack_sharing_enabled":true,"jetpack_shortlink":"https:\/\/wp.me\/p4lG08-6IY","jetpack-related-posts":[],"_links":{"self":[{"href":"https:\/\/www.alqueria.es\/blogs\/alqueriaamarillanaranja\/wp-json\/wp\/v2\/posts\/25852","targetHints":{"allow":["GET"]}}],"collection":[{"href":"https:\/\/www.alqueria.es\/blogs\/alqueriaamarillanaranja\/wp-json\/wp\/v2\/posts"}],"about":[{"href":"https:\/\/www.alqueria.es\/blogs\/alqueriaamarillanaranja\/wp-json\/wp\/v2\/types\/post"}],"author":[{"embeddable":true,"href":"https:\/\/www.alqueria.es\/blogs\/alqueriaamarillanaranja\/wp-json\/wp\/v2\/users\/23"}],"replies":[{"embeddable":true,"href":"https:\/\/www.alqueria.es\/blogs\/alqueriaamarillanaranja\/wp-json\/wp\/v2\/comments?post=25852"}],"version-history":[{"count":0,"href":"https:\/\/www.alqueria.es\/blogs\/alqueriaamarillanaranja\/wp-json\/wp\/v2\/posts\/25852\/revisions"}],"wp:attachment":[{"href":"https:\/\/www.alqueria.es\/blogs\/alqueriaamarillanaranja\/wp-json\/wp\/v2\/media?parent=25852"}],"wp:term":[{"taxonomy":"category","embeddable":true,"href":"https:\/\/www.alqueria.es\/blogs\/alqueriaamarillanaranja\/wp-json\/wp\/v2\/categories?post=25852"},{"taxonomy":"post_tag","embeddable":true,"href":"https:\/\/www.alqueria.es\/blogs\/alqueriaamarillanaranja\/wp-json\/wp\/v2\/tags?post=25852"}],"curies":[{"name":"wp","href":"https:\/\/api.w.org\/{rel}","templated":true}]}}