{"id":26484,"date":"2017-06-02T15:24:31","date_gmt":"2017-06-02T13:24:31","guid":{"rendered":"https:\/\/www.alqueria.es\/blogs\/alqueriaamarillanaranja\/?p=26484"},"modified":"2017-06-02T15:38:41","modified_gmt":"2017-06-02T13:38:41","slug":"manana-fiesta-2","status":"publish","type":"post","link":"https:\/\/www.alqueria.es\/blogs\/alqueriaamarillanaranja\/2017\/06\/02\/manana-fiesta-2\/","title":{"rendered":"Ma\u00f1ana&#8230;&#8230;.\u00a1Fiesta!"},"content":{"rendered":"<p><strong><em><span style=\"color: #800080\">Estos dos d\u00edas han sido muy especiales en la clase naranjita:<img decoding=\"async\" data-attachment-id=\"26485\" data-permalink=\"https:\/\/www.alqueria.es\/blogs\/alqueriaamarillanaranja\/2017\/06\/02\/manana-fiesta-2\/cohete-espacial-volando-en-el-espacio_62147500541\/\" data-orig-file=\"https:\/\/cloud.alqueria.es\/wp-content\/uploads\/sites\/9\/2017\/06\/cohete-espacial-volando-en-el-espacio_62147500541.jpg\" data-orig-size=\"626,626\" data-comments-opened=\"1\" data-image-meta=\"{&quot;aperture&quot;:&quot;0&quot;,&quot;credit&quot;:&quot;&quot;,&quot;camera&quot;:&quot;&quot;,&quot;caption&quot;:&quot;&quot;,&quot;created_timestamp&quot;:&quot;0&quot;,&quot;copyright&quot;:&quot;&quot;,&quot;focal_length&quot;:&quot;0&quot;,&quot;iso&quot;:&quot;0&quot;,&quot;shutter_speed&quot;:&quot;0&quot;,&quot;title&quot;:&quot;&quot;,&quot;orientation&quot;:&quot;0&quot;}\" data-image-title=\"cohete-espacial-volando-en-el-espacio_62147500541\" data-image-description=\"\" data-image-caption=\"\" data-large-file=\"https:\/\/cloud.alqueria.es\/wp-content\/uploads\/sites\/9\/2017\/06\/cohete-espacial-volando-en-el-espacio_62147500541.jpg\" class=\"alignright size-thumbnail wp-image-26485\" src=\"https:\/\/cloud.alqueria.es\/wp-content\/uploads\/sites\/9\/2017\/06\/cohete-espacial-volando-en-el-espacio_62147500541.jpg\" alt=\"\" width=\"150\" height=\"150\" srcset=\"https:\/\/cloud.alqueria.es\/wp-content\/uploads\/sites\/9\/2017\/06\/cohete-espacial-volando-en-el-espacio_62147500541.jpg 626w, https:\/\/cloud.alqueria.es\/wp-content\/uploads\/sites\/9\/2017\/06\/cohete-espacial-volando-en-el-espacio_62147500541.jpg 150w, https:\/\/cloud.alqueria.es\/wp-content\/uploads\/sites\/9\/2017\/06\/cohete-espacial-volando-en-el-espacio_62147500541.jpg 300w\" sizes=\"(max-width: 150px) 100vw, 150px\" \/><\/span><\/em><\/strong><\/p>\n<ul>\n<li><strong><em><span style=\"color: #800080\">Continuamos jugando a nuestra propuesta de \u00abEl espacio\u00bb, lo pasamos fenomenal porque cada d\u00eda incorporamos elementos nuevos a nuestro juego. \u00a0 \u00a0 \u00a0 \u00a0 <\/span><\/em><\/strong><strong><strong><em><span style=\"color: #800080\">\u00a0 \u00a0 \u00a0 \u00a0 \u00a0 \u00a0 \u00a0 \u00a0 \u00a0 \u00a0 \u00a0 \u00a0 \u00a0 \u00a0 \u00a0 \u00a0 \u00a0 \u00a0 \u00a0 \u00a0 \u00a0 \u00a0 \u00a0 \u00a0 \u00a0 \u00a0 \u00a0 \u00a0 \u00a0 \u00a0 \u00a0 \u00a0 \u00a0 \u00a0 \u00a0 \u00a0 \u00a0 \u00a0 \u00a0 \u00a0 \u00a0 \u00a0 \u00a0 \u00a0 \u00a0 \u00a0 \u00a0 \u00a0 \u00a0 \u00a0<\/span><\/em><\/strong><\/strong><p class=\"jetpack-slideshow-noscript robots-nocontent\">El pase de diapositivas requiere JavaScript.<\/p><div id=\"gallery-26484-1-slideshow\" class=\"jetpack-slideshow-window jetpack-slideshow jetpack-slideshow-black\" data-trans=\"fade\" data-autostart=\"1\" data-gallery=\"[{&quot;src&quot;:&quot;https:\\\/\\\/cloud.alqueria.es\\\/wp-content\\\/uploads\\\/sites\\\/9\\\/2017\\\/06\\\/20170601_101611.jpg&quot;,&quot;id&quot;:&quot;26489&quot;,&quot;title&quot;:&quot;20170601_101611&quot;,&quot;alt&quot;:&quot;&quot;,&quot;caption&quot;:&quot;&quot;,&quot;itemprop&quot;:&quot;image&quot;},{&quot;src&quot;:&quot;https:\\\/\\\/cloud.alqueria.es\\\/wp-content\\\/uploads\\\/sites\\\/9\\\/2017\\\/06\\\/20170601_101657.jpg&quot;,&quot;id&quot;:&quot;26491&quot;,&quot;title&quot;:&quot;20170601_101657&quot;,&quot;alt&quot;:&quot;&quot;,&quot;caption&quot;:&quot;&quot;,&quot;itemprop&quot;:&quot;image&quot;},{&quot;src&quot;:&quot;https:\\\/\\\/cloud.alqueria.es\\\/wp-content\\\/uploads\\\/sites\\\/9\\\/2017\\\/06\\\/20170601_101714.jpg&quot;,&quot;id&quot;:&quot;26492&quot;,&quot;title&quot;:&quot;20170601_101714&quot;,&quot;alt&quot;:&quot;&quot;,&quot;caption&quot;:&quot;&quot;,&quot;itemprop&quot;:&quot;image&quot;},{&quot;src&quot;:&quot;https:\\\/\\\/cloud.alqueria.es\\\/wp-content\\\/uploads\\\/sites\\\/9\\\/2017\\\/06\\\/20170601_101731.jpg&quot;,&quot;id&quot;:&quot;26493&quot;,&quot;title&quot;:&quot;20170601_101731&quot;,&quot;alt&quot;:&quot;&quot;,&quot;caption&quot;:&quot;&quot;,&quot;itemprop&quot;:&quot;image&quot;}]\" itemscope itemtype=\"https:\/\/schema.org\/ImageGallery\"><\/div><\/li>\n<li><strong><em><span style=\"color: #800080\">Taller de creaci\u00f3n de cohetes espaciales: usando materiales reciclados tenemos un taller en el que con un poquito de imaginaci\u00f3n, hemos creado unas fant\u00e1sticas naves con las que jugaremos much\u00ediiiiiiisimo en casa. \u00a0 \u00a0 \u00a0 \u00a0 \u00a0 \u00a0 \u00a0 \u00a0 \u00a0 \u00a0 \u00a0 \u00a0 \u00a0 \u00a0 \u00a0 \u00a0 \u00a0 \u00a0 \u00a0 \u00a0 \u00a0 \u00a0 \u00a0 \u00a0 \u00a0 \u00a0 \u00a0 \u00a0 \u00a0<\/span><\/em><\/strong><\/li>\n<li><strong><em><span style=\"color: #800080\"><img decoding=\"async\" data-attachment-id=\"26486\" data-permalink=\"https:\/\/www.alqueria.es\/blogs\/alqueriaamarillanaranja\/2017\/06\/02\/manana-fiesta-2\/tarjeta-de-cumpleanos-con-pastel_23-2147501060\/\" data-orig-file=\"https:\/\/cloud.alqueria.es\/wp-content\/uploads\/sites\/9\/2017\/06\/tarjeta-de-cumpleanos-con-pastel_23-2147501060.jpg\" data-orig-size=\"626,626\" data-comments-opened=\"1\" data-image-meta=\"{&quot;aperture&quot;:&quot;0&quot;,&quot;credit&quot;:&quot;&quot;,&quot;camera&quot;:&quot;&quot;,&quot;caption&quot;:&quot;&quot;,&quot;created_timestamp&quot;:&quot;0&quot;,&quot;copyright&quot;:&quot;&quot;,&quot;focal_length&quot;:&quot;0&quot;,&quot;iso&quot;:&quot;0&quot;,&quot;shutter_speed&quot;:&quot;0&quot;,&quot;title&quot;:&quot;&quot;,&quot;orientation&quot;:&quot;0&quot;}\" data-image-title=\"tarjeta-de-cumpleanos-con-pastel_23-2147501060\" data-image-description=\"\" data-image-caption=\"\" data-large-file=\"https:\/\/cloud.alqueria.es\/wp-content\/uploads\/sites\/9\/2017\/06\/tarjeta-de-cumpleanos-con-pastel_23-2147501060.jpg\" class=\"alignleft size-thumbnail wp-image-26486\" src=\"https:\/\/cloud.alqueria.es\/wp-content\/uploads\/sites\/9\/2017\/06\/tarjeta-de-cumpleanos-con-pastel_23-2147501060.jpg\" alt=\"\" width=\"150\" height=\"150\" srcset=\"https:\/\/cloud.alqueria.es\/wp-content\/uploads\/sites\/9\/2017\/06\/tarjeta-de-cumpleanos-con-pastel_23-2147501060.jpg 626w, https:\/\/cloud.alqueria.es\/wp-content\/uploads\/sites\/9\/2017\/06\/tarjeta-de-cumpleanos-con-pastel_23-2147501060.jpg 150w, https:\/\/cloud.alqueria.es\/wp-content\/uploads\/sites\/9\/2017\/06\/tarjeta-de-cumpleanos-con-pastel_23-2147501060.jpg 300w\" sizes=\"(max-width: 150px) 100vw, 150px\" \/>Celebramos el cuarto cumplea\u00f1os de Sof\u00eda. Ayer nuestra compa\u00f1era trajo un s\u00faper bizcocho a clase, ten\u00eda \u00a1hasta meteoritos!, por iniciativa propia quiso que fuese un bizcocho espacial, jajajaja. Estaba de rechupete, y como colof\u00f3n celebramos una fiesta estupenda con un mont\u00f3n de globos de colores. \u00a1Felicidades Sof\u00eda! \u00a0 \u00a0 \u00a0 \u00a0 \u00a0 \u00a0 \u00a0 \u00a0 \u00a0 \u00a0 \u00a0 \u00a0 \u00a0 \u00a0 \u00a0 \u00a0 \u00a0 \u00a0 \u00a0 \u00a0 \u00a0 \u00a0 \u00a0\u00a0<\/span><\/em><\/strong><\/li>\n<li><strong><strong><em><span style=\"color: #800080\">Hoy nuestras alumnas de pr\u00e1cticas nos regalan un estupendo cuento en el que los ni\u00f1os y ni\u00f1as de Alquer\u00eda son los protagonistas. El t\u00edtulo del cuento: \u00abLas aventuras fant\u00e1sticas de 3 azafatas gal\u00e1cticas\u00bb (como pod\u00e9is imaginar, las azafatas ma\u00f1ana en la fiesta ser\u00e1 ellas&#8230;). Adem\u00e1s de con el cuento nos han obsequiado con unas chul\u00edsimas estrellas con los colores de cada una de las clases. Muchas gracias chicas, ha sido todo un detalle. Pod\u00e9is leer el cuento cuando quer\u00e1is porque lo he colgado en el tabl\u00f3n de clase. \u00a0 \u00a0 \u00a0 \u00a0 \u00a0 \u00a0 \u00a0 \u00a0 \u00a0 \u00a0 \u00a0 \u00a0 \u00a0 \u00a0 \u00a0 \u00a0 \u00a0 \u00a0 \u00a0 \u00a0 \u00a0 \u00a0 \u00a0 \u00a0 \u00a0 \u00a0 \u00a0 \u00a0 \u00a0 \u00a0 \u00a0 \u00a0 \u00a0 \u00a0 \u00a0 \u00a0 \u00a0 \u00a0 \u00a0 \u00a0 \u00a0 \u00a0 \u00a0 \u00a0 \u00a0 \u00a0 \u00a0 \u00a0 \u00a0 \u00a0 \u00a0 \u00a0 \u00a0 \u00a0 \u00a0 \u00a0 \u00a0 \u00a0 \u00a0 \u00a0 \u00a0 \u00a0 \u00a0 \u00a0 \u00a0 \u00a0 \u00a0 \u00a0 \u00a0 \u00a0 \u00a0 \u00a0 \u00a0 \u00a0 \u00a0 \u00a0 \u00a0 \u00a0 \u00a0 \u00a0 \u00a0 \u00a0 \u00a0 \u00a0 \u00a0 \u00a0 \u00a0 \u00a0 \u00a0 \u00a0 \u00a0 \u00a0 \u00a0 \u00a0 \u00a0 \u00a0 \u00a0 \u00a0 \u00a0 \u00a0 \u00a0 \u00a0 \u00a0<\/span><\/em><\/strong><\/strong><p class=\"jetpack-slideshow-noscript robots-nocontent\">El pase de diapositivas requiere JavaScript.<\/p><div id=\"gallery-26484-2-slideshow\" class=\"jetpack-slideshow-window jetpack-slideshow jetpack-slideshow-black\" data-trans=\"fade\" data-autostart=\"1\" data-gallery=\"[{&quot;src&quot;:&quot;https:\\\/\\\/cloud.alqueria.es\\\/wp-content\\\/uploads\\\/sites\\\/9\\\/2017\\\/06\\\/20170602_114730.jpg&quot;,&quot;id&quot;:&quot;26494&quot;,&quot;title&quot;:&quot;20170602_114730&quot;,&quot;alt&quot;:&quot;&quot;,&quot;caption&quot;:&quot;&quot;,&quot;itemprop&quot;:&quot;image&quot;},{&quot;src&quot;:&quot;https:\\\/\\\/cloud.alqueria.es\\\/wp-content\\\/uploads\\\/sites\\\/9\\\/2017\\\/06\\\/20170602_115359.jpg&quot;,&quot;id&quot;:&quot;26495&quot;,&quot;title&quot;:&quot;20170602_115359&quot;,&quot;alt&quot;:&quot;&quot;,&quot;caption&quot;:&quot;&quot;,&quot;itemprop&quot;:&quot;image&quot;},{&quot;src&quot;:&quot;https:\\\/\\\/cloud.alqueria.es\\\/wp-content\\\/uploads\\\/sites\\\/9\\\/2017\\\/06\\\/20170602_115503.jpg&quot;,&quot;id&quot;:&quot;26496&quot;,&quot;title&quot;:&quot;20170602_115503&quot;,&quot;alt&quot;:&quot;&quot;,&quot;caption&quot;:&quot;&quot;,&quot;itemprop&quot;:&quot;image&quot;},{&quot;src&quot;:&quot;https:\\\/\\\/cloud.alqueria.es\\\/wp-content\\\/uploads\\\/sites\\\/9\\\/2017\\\/06\\\/20170602_115533.jpg&quot;,&quot;id&quot;:&quot;26497&quot;,&quot;title&quot;:&quot;20170602_115533&quot;,&quot;alt&quot;:&quot;&quot;,&quot;caption&quot;:&quot;&quot;,&quot;itemprop&quot;:&quot;image&quot;}]\" itemscope itemtype=\"https:\/\/schema.org\/ImageGallery\"><\/div>\n<p><strong><em><span style=\"color: #800080\">\u00a0 \u00a0 \u00a0 \u00a0 \u00a0 \u00a0 \u00a0<\/span><\/em><\/strong><\/li>\n<li><strong><em><span style=\"color: #800080\">Y esta tarde&#8230;&#8230;&#8230;.las\/los profes nos quedamos preparando la fiesta<img decoding=\"async\" data-attachment-id=\"26498\" data-permalink=\"https:\/\/www.alqueria.es\/blogs\/alqueriaamarillanaranja\/2017\/06\/02\/manana-fiesta-2\/7699417-hola-saludando-extraterrestre-de-dibujos-animados-foto-de-archivo\/\" data-orig-file=\"https:\/\/cloud.alqueria.es\/wp-content\/uploads\/sites\/9\/2017\/06\/7699417-Hola-saludando-extraterrestre-de-dibujos-animados-Foto-de-archivo.jpg\" data-orig-size=\"1024,898\" data-comments-opened=\"1\" data-image-meta=\"{&quot;aperture&quot;:&quot;0&quot;,&quot;credit&quot;:&quot;&quot;,&quot;camera&quot;:&quot;&quot;,&quot;caption&quot;:&quot;&quot;,&quot;created_timestamp&quot;:&quot;0&quot;,&quot;copyright&quot;:&quot;&quot;,&quot;focal_length&quot;:&quot;0&quot;,&quot;iso&quot;:&quot;0&quot;,&quot;shutter_speed&quot;:&quot;0&quot;,&quot;title&quot;:&quot;&quot;,&quot;orientation&quot;:&quot;0&quot;}\" data-image-title=\"7699417-Hola-saludando-extraterrestre-de-dibujos-animados-Foto-de-archivo\" data-image-description=\"\" data-image-caption=\"\" data-large-file=\"https:\/\/cloud.alqueria.es\/wp-content\/uploads\/sites\/9\/2017\/06\/7699417-Hola-saludando-extraterrestre-de-dibujos-animados-Foto-de-archivo-1024x898.jpg\" class=\"alignright size-thumbnail wp-image-26498\" src=\"https:\/\/cloud.alqueria.es\/wp-content\/uploads\/sites\/9\/2017\/06\/7699417-Hola-saludando-extraterrestre-de-dibujos-animados-Foto-de-archivo.jpg\" alt=\"\" width=\"150\" height=\"150\" \/> de ma\u00f1ana. Por la ma\u00f1ana estaremos aqu\u00ed en el cole desde las 10:00h para continuar con las labores de montaje as\u00ed que si alguien se anima y quiere venir a echar una mano &#8230;..\u00a1estaremos encantadas! (por supuesto sin ni\u00f1@s, para ellos debe ser una sorpresa).<\/span><\/em><\/strong><\/li>\n<\/ul>\n<p><strong><em><span style=\"color: #800080\">\u00a1Nos vemos ma\u00f1ana en la mejor fiesta del a\u00f1o! \u00a1Nos vemos en EL ESPACIO!<\/span><\/em><\/strong><\/p>\n<p style=\"text-align: right\"><strong><em><span style=\"color: #800080\">Loli G\u00e1lvez<\/span><\/em><\/strong><\/p>\n","protected":false},"excerpt":{"rendered":"<p>Estos dos d\u00edas han sido muy especiales en la clase naranjita: Continuamos jugando a nuestra propuesta de \u00abEl espacio\u00bb, lo pasamos fenomenal porque cada d\u00eda incorporamos elementos nuevos a nuestro juego. \u00a0 \u00a0 \u00a0 \u00a0 \u00a0 \u00a0 \u00a0 \u00a0 \u00a0 \u00a0 \u00a0 \u00a0 \u00a0 \u00a0 \u00a0 \u00a0 \u00a0 \u00a0 \u00a0 \u00a0 \u00a0 \u00a0 \u00a0 \u00a0 &hellip; <a href=\"https:\/\/www.alqueria.es\/blogs\/alqueriaamarillanaranja\/2017\/06\/02\/manana-fiesta-2\/\" class=\"more-link\">Seguir leyendo <span class=\"screen-reader-text\">Ma\u00f1ana&#8230;&#8230;.\u00a1Fiesta!<\/span> <span class=\"meta-nav\">&rarr;<\/span><\/a><\/p>\n","protected":false},"author":23,"featured_media":0,"comment_status":"open","ping_status":"open","sticky":false,"template":"","format":"standard","meta":{"jetpack_post_was_ever_published":false,"_jetpack_newsletter_access":"","_jetpack_dont_email_post_to_subs":false,"_jetpack_newsletter_tier_id":0,"_jetpack_memberships_contains_paywalled_content":false,"_jetpack_memberships_contains_paid_content":false,"footnotes":"","jetpack_publicize_message":"","jetpack_publicize_feature_enabled":true,"jetpack_social_post_already_shared":true,"jetpack_social_options":{"image_generator_settings":{"template":"highway","default_image_id":0,"font":"","enabled":false},"version":2}},"categories":[7,8],"tags":[42,443,277],"class_list":["post-26484","post","type-post","status-publish","format-standard","hentry","category-clase-naranja","category-diario","tag-cumpleanos","tag-el-espacio","tag-fiesta-final-de-curso"],"jetpack_publicize_connections":[],"jetpack_featured_media_url":"","jetpack_sharing_enabled":true,"jetpack_shortlink":"https:\/\/wp.me\/p4lG08-6Ta","jetpack-related-posts":[],"_links":{"self":[{"href":"https:\/\/www.alqueria.es\/blogs\/alqueriaamarillanaranja\/wp-json\/wp\/v2\/posts\/26484","targetHints":{"allow":["GET"]}}],"collection":[{"href":"https:\/\/www.alqueria.es\/blogs\/alqueriaamarillanaranja\/wp-json\/wp\/v2\/posts"}],"about":[{"href":"https:\/\/www.alqueria.es\/blogs\/alqueriaamarillanaranja\/wp-json\/wp\/v2\/types\/post"}],"author":[{"embeddable":true,"href":"https:\/\/www.alqueria.es\/blogs\/alqueriaamarillanaranja\/wp-json\/wp\/v2\/users\/23"}],"replies":[{"embeddable":true,"href":"https:\/\/www.alqueria.es\/blogs\/alqueriaamarillanaranja\/wp-json\/wp\/v2\/comments?post=26484"}],"version-history":[{"count":0,"href":"https:\/\/www.alqueria.es\/blogs\/alqueriaamarillanaranja\/wp-json\/wp\/v2\/posts\/26484\/revisions"}],"wp:attachment":[{"href":"https:\/\/www.alqueria.es\/blogs\/alqueriaamarillanaranja\/wp-json\/wp\/v2\/media?parent=26484"}],"wp:term":[{"taxonomy":"category","embeddable":true,"href":"https:\/\/www.alqueria.es\/blogs\/alqueriaamarillanaranja\/wp-json\/wp\/v2\/categories?post=26484"},{"taxonomy":"post_tag","embeddable":true,"href":"https:\/\/www.alqueria.es\/blogs\/alqueriaamarillanaranja\/wp-json\/wp\/v2\/tags?post=26484"}],"curies":[{"name":"wp","href":"https:\/\/api.w.org\/{rel}","templated":true}]}}