{"id":26657,"date":"2017-06-18T20:11:08","date_gmt":"2017-06-18T18:11:08","guid":{"rendered":"https:\/\/www.alqueria.es\/blogs\/alqueriaamarillanaranja\/?p=26657"},"modified":"2017-06-19T09:53:17","modified_gmt":"2017-06-19T07:53:17","slug":"recital-de-primero-y-segundo-de-primaria","status":"publish","type":"post","link":"https:\/\/www.alqueria.es\/blogs\/alqueriaamarillanaranja\/2017\/06\/18\/recital-de-primero-y-segundo-de-primaria\/","title":{"rendered":"Recital de primero y segundo de primaria"},"content":{"rendered":"<p><em><strong><span style=\"color: #0000ff\">Aqui os dejo la grabaci\u00f3n del recital que nos ofrecieron la pasada semana nuestros compa\u00f1eros y compa\u00f1eras del primer ciclo de primaria.<\/span><\/strong><\/em><\/p>\n<p><em><strong><span style=\"color: #0000ff\">Desde aqu\u00ed quiero reconocer el buen trabajo que han realizado tanto el alumnado como su profesora de m\u00fasica \u00a0(Elena) durante este curso. La educaci\u00f3n musical vocal es muy motivadora \u00a0a estas edades y muestra de ello es la buena aceptaci\u00f3n que ha tenido entre los ni\u00f1os y ni\u00f1as.<\/span><\/strong><\/em><\/p>\n<p><em><strong><span style=\"color: #0000ff\">Es digna de destacar la atenci\u00f3n y coordinaci\u00f3n existente dentro del grupo&#8230;.., tanta que han conseguido embelesa a todos los asistentes. No tuvimos m\u00e1s remedio que premiar su actuaci\u00f3n con un efusivo aplauso. \u00a1Bravo<\/span><\/strong><\/em>!<\/p>\n<p><div class=\"a25-CTUOC-hidding-box\" data-original-content=\"&lt;iframe loading=&quot;lazy&quot; title=&quot;CORO ALQUER\u00cdA 2017&quot; src=&quot;https:\/\/player.vimeo.com\/video\/221577777?dnt=1&amp;amp;app_id=122963&quot; width=&quot;474&quot; height=&quot;267&quot; frameborder=&quot;0&quot; allow=&quot;autoplay; fullscreen; picture-in-picture; clipboard-write&quot;&gt;&lt;\/iframe&gt;\">Esta p\u00e1gina incluye contenido multimedia que requiere aceptar todas las cookies. Pulse aqu\u00ed para abrir la configuraci\u00f3n de cookies.<\/div><\/p>\n<p style=\"text-align: right\"><em><strong><span style=\"color: #0000ff\">Loli G\u00e1lvez<\/span><\/strong><\/em><\/p>\n","protected":false},"excerpt":{"rendered":"<p>Aqui os dejo la grabaci\u00f3n del recital que nos ofrecieron la pasada semana nuestros compa\u00f1eros y compa\u00f1eras del primer ciclo de primaria. Desde aqu\u00ed quiero reconocer el buen trabajo que han realizado tanto el alumnado como su profesora de m\u00fasica \u00a0(Elena) durante este curso. La educaci\u00f3n musical vocal es muy motivadora \u00a0a estas edades y &hellip; <a href=\"https:\/\/www.alqueria.es\/blogs\/alqueriaamarillanaranja\/2017\/06\/18\/recital-de-primero-y-segundo-de-primaria\/\" class=\"more-link\">Seguir leyendo <span class=\"screen-reader-text\">Recital de primero y segundo de primaria<\/span> <span class=\"meta-nav\">&rarr;<\/span><\/a><\/p>\n","protected":false},"author":23,"featured_media":0,"comment_status":"open","ping_status":"open","sticky":false,"template":"","format":"standard","meta":{"jetpack_post_was_ever_published":false,"_jetpack_newsletter_access":"","_jetpack_dont_email_post_to_subs":false,"_jetpack_newsletter_tier_id":0,"_jetpack_memberships_contains_paywalled_content":false,"_jetpack_memberships_contains_paid_content":false,"footnotes":"","jetpack_publicize_message":"","jetpack_publicize_feature_enabled":true,"jetpack_social_post_already_shared":true,"jetpack_social_options":{"image_generator_settings":{"template":"highway","default_image_id":0,"font":"","enabled":false},"version":2}},"categories":[7,8,312],"tags":[450],"class_list":["post-26657","post","type-post","status-publish","format-standard","hentry","category-clase-naranja","category-diario","category-musica","tag-educacion-musical"],"jetpack_publicize_connections":[],"jetpack_featured_media_url":"","jetpack_sharing_enabled":true,"jetpack_shortlink":"https:\/\/wp.me\/p4lG08-6VX","jetpack-related-posts":[],"_links":{"self":[{"href":"https:\/\/www.alqueria.es\/blogs\/alqueriaamarillanaranja\/wp-json\/wp\/v2\/posts\/26657","targetHints":{"allow":["GET"]}}],"collection":[{"href":"https:\/\/www.alqueria.es\/blogs\/alqueriaamarillanaranja\/wp-json\/wp\/v2\/posts"}],"about":[{"href":"https:\/\/www.alqueria.es\/blogs\/alqueriaamarillanaranja\/wp-json\/wp\/v2\/types\/post"}],"author":[{"embeddable":true,"href":"https:\/\/www.alqueria.es\/blogs\/alqueriaamarillanaranja\/wp-json\/wp\/v2\/users\/23"}],"replies":[{"embeddable":true,"href":"https:\/\/www.alqueria.es\/blogs\/alqueriaamarillanaranja\/wp-json\/wp\/v2\/comments?post=26657"}],"version-history":[{"count":0,"href":"https:\/\/www.alqueria.es\/blogs\/alqueriaamarillanaranja\/wp-json\/wp\/v2\/posts\/26657\/revisions"}],"wp:attachment":[{"href":"https:\/\/www.alqueria.es\/blogs\/alqueriaamarillanaranja\/wp-json\/wp\/v2\/media?parent=26657"}],"wp:term":[{"taxonomy":"category","embeddable":true,"href":"https:\/\/www.alqueria.es\/blogs\/alqueriaamarillanaranja\/wp-json\/wp\/v2\/categories?post=26657"},{"taxonomy":"post_tag","embeddable":true,"href":"https:\/\/www.alqueria.es\/blogs\/alqueriaamarillanaranja\/wp-json\/wp\/v2\/tags?post=26657"}],"curies":[{"name":"wp","href":"https:\/\/api.w.org\/{rel}","templated":true}]}}