{"id":267,"date":"2012-05-08T09:53:09","date_gmt":"2012-05-08T09:53:09","guid":{"rendered":"http:\/\/alqueriaamarillanaranja.wordpress.com\/?p=267"},"modified":"2014-02-24T12:37:13","modified_gmt":"2014-02-24T12:37:13","slug":"proyecto-de-lectura","status":"publish","type":"post","link":"https:\/\/www.alqueria.es\/blogs\/alqueriaamarillanaranja\/2012\/05\/08\/proyecto-de-lectura\/","title":{"rendered":"PROYECTO DE LECTURA"},"content":{"rendered":"<p><a href=\"https:\/\/cloud.alqueria.es\/wp-content\/uploads\/sites\/9\/2012\/05\/ninos-leyendo111.gif\"><img decoding=\"async\" data-attachment-id=\"268\" data-permalink=\"https:\/\/www.alqueria.es\/blogs\/alqueriaamarillanaranja\/ninos-leyendo11\/\" data-orig-file=\"https:\/\/www.alqueria.es\/blogs\/alqueriaamarillanaranja\/wp-content\/uploads\/sites\/9\/2012\/05\/ninos-leyendo11.gif\" data-orig-size=\"220,225\" data-comments-opened=\"1\" data-image-meta=\"{&quot;aperture&quot;:&quot;0&quot;,&quot;credit&quot;:&quot;&quot;,&quot;camera&quot;:&quot;&quot;,&quot;caption&quot;:&quot;&quot;,&quot;created_timestamp&quot;:&quot;0&quot;,&quot;copyright&quot;:&quot;&quot;,&quot;focal_length&quot;:&quot;0&quot;,&quot;iso&quot;:&quot;0&quot;,&quot;shutter_speed&quot;:&quot;0&quot;,&quot;title&quot;:&quot;&quot;}\" data-image-title=\"ninos-leyendo1[1]\" data-image-description=\"\" data-image-caption=\"\" data-large-file=\"https:\/\/www.alqueria.es\/blogs\/alqueriaamarillanaranja\/wp-content\/uploads\/sites\/9\/2012\/05\/ninos-leyendo11.gif\" class=\"alignleft size-full wp-image-268\" title=\"ninos-leyendo1[1]\" src=\"https:\/\/cloud.alqueria.es\/wp-content\/uploads\/sites\/9\/2012\/05\/ninos-leyendo111.gif\" alt=\"\" width=\"220\" height=\"225\" \/><\/a>Hoy retomamos nuestro proyecto de lectura, que desde hace varias semanas por distintos motivos no hemos podido llevar a cabo. Como ya sabeis son los propios ni\u00f1os y ni\u00f1as los que realizan esta labor: entregan su libro le\u00eddo, me ense\u00f1an su dibujo, lo comentamos y lo clasificamos, hacemos el registro de la lectura y finalmente escogen un nuevo libro para llevarse a casa. Para ellos es una actividad motivadora pues se sienten los aut\u00e9nticos protagonistas y se dan cuenta de que son ellos los que escogen en cada momento.<\/p>\n<p>El juego de la ma\u00f1ana ha girado en torno a los animales de la granja (como preparativo a nuestro viaje a la granja escuela). Hoy diferenciamos de qu\u00e9 animales se trata, pues la verdad es que algunos todav\u00eda no tienen muy claro si vamos a ver elefantes o no. Tambi\u00e9n empezamos a hablar de qu\u00e9 come cada animal.<\/p>\n<p>En la asamblea de la fruta leemos el cuento: \u00abLa caricia de la mariposa\u00bb. Adem\u00e1s hemos comido unos dulces t\u00edpicos de Busquistar que ha traido Clara, est\u00e1ban riqu\u00edsimos.<\/p>\n<p>Por la tarde tenemos taller de l\u00f3gica-matem\u00e1tica con juegos de construcci\u00f3n y encajables.<\/p>\n<p>Hoy continuamos con el taller de pintura que iniciamos ayer, \u00abLa primavera\u00bb. Como se trata un taller que realizamos de forma individual en el que cada ni\u00f1o\/a dedica el tiempo que necesita para su creaci\u00f3n, estaremos toda la semana pintando (hasta que todos los ni\u00f1os tengan la oportunidad de realizarlo.<\/p>\n<p>\u00a1Hasta ma\u00f1ana!<\/p>\n<p style=\"text-align:right\">Loli G\u00e1lvez<\/p>\n","protected":false},"excerpt":{"rendered":"<p>Hoy retomamos nuestro proyecto de lectura, que desde hace varias semanas por distintos motivos no hemos podido llevar a cabo. Como ya sabeis son los propios ni\u00f1os y ni\u00f1as los que realizan esta labor: entregan su libro le\u00eddo, me ense\u00f1an su dibujo, lo comentamos y lo clasificamos, hacemos el registro de la lectura y finalmente &hellip; <a href=\"https:\/\/www.alqueria.es\/blogs\/alqueriaamarillanaranja\/2012\/05\/08\/proyecto-de-lectura\/\" class=\"more-link\">Seguir leyendo <span class=\"screen-reader-text\">PROYECTO DE LECTURA<\/span> <span class=\"meta-nav\">&rarr;<\/span><\/a><\/p>\n","protected":false},"author":20,"featured_media":0,"comment_status":"open","ping_status":"open","sticky":false,"template":"","format":"standard","meta":{"jetpack_post_was_ever_published":false,"_jetpack_newsletter_access":"","_jetpack_dont_email_post_to_subs":false,"_jetpack_newsletter_tier_id":0,"_jetpack_memberships_contains_paywalled_content":false,"_jetpack_memberships_contains_paid_content":false,"footnotes":"","jetpack_publicize_message":"","jetpack_publicize_feature_enabled":true,"jetpack_social_post_already_shared":true,"jetpack_social_options":{"image_generator_settings":{"template":"highway","default_image_id":0,"font":"","enabled":false},"version":2}},"categories":[6,8],"tags":[],"class_list":["post-267","post","type-post","status-publish","format-standard","hentry","category-clase-amarilla","category-diario"],"jetpack_publicize_connections":[],"jetpack_featured_media_url":"","jetpack_sharing_enabled":true,"jetpack_shortlink":"https:\/\/wp.me\/p4lG08-4j","jetpack-related-posts":[],"_links":{"self":[{"href":"https:\/\/www.alqueria.es\/blogs\/alqueriaamarillanaranja\/wp-json\/wp\/v2\/posts\/267","targetHints":{"allow":["GET"]}}],"collection":[{"href":"https:\/\/www.alqueria.es\/blogs\/alqueriaamarillanaranja\/wp-json\/wp\/v2\/posts"}],"about":[{"href":"https:\/\/www.alqueria.es\/blogs\/alqueriaamarillanaranja\/wp-json\/wp\/v2\/types\/post"}],"author":[{"embeddable":true,"href":"https:\/\/www.alqueria.es\/blogs\/alqueriaamarillanaranja\/wp-json\/wp\/v2\/users\/20"}],"replies":[{"embeddable":true,"href":"https:\/\/www.alqueria.es\/blogs\/alqueriaamarillanaranja\/wp-json\/wp\/v2\/comments?post=267"}],"version-history":[{"count":0,"href":"https:\/\/www.alqueria.es\/blogs\/alqueriaamarillanaranja\/wp-json\/wp\/v2\/posts\/267\/revisions"}],"wp:attachment":[{"href":"https:\/\/www.alqueria.es\/blogs\/alqueriaamarillanaranja\/wp-json\/wp\/v2\/media?parent=267"}],"wp:term":[{"taxonomy":"category","embeddable":true,"href":"https:\/\/www.alqueria.es\/blogs\/alqueriaamarillanaranja\/wp-json\/wp\/v2\/categories?post=267"},{"taxonomy":"post_tag","embeddable":true,"href":"https:\/\/www.alqueria.es\/blogs\/alqueriaamarillanaranja\/wp-json\/wp\/v2\/tags?post=267"}],"curies":[{"name":"wp","href":"https:\/\/api.w.org\/{rel}","templated":true}]}}