{"id":26968,"date":"2017-09-22T17:10:13","date_gmt":"2017-09-22T15:10:13","guid":{"rendered":"https:\/\/www.alqueria.es\/blogs\/alqueriaamarillanaranja\/?p=26968"},"modified":"2017-09-22T16:15:40","modified_gmt":"2017-09-22T14:15:40","slug":"llego-el-dia-tan-esperado","status":"publish","type":"post","link":"https:\/\/www.alqueria.es\/blogs\/alqueriaamarillanaranja\/2017\/09\/22\/llego-el-dia-tan-esperado\/","title":{"rendered":"LLeg\u00f3 el d\u00eda tan esperado&#8230;.."},"content":{"rendered":"<p>Ya estamos a viernes, las semanas van pasando muy r\u00e1pido y ya vamos cogiendo el ritmo tod@s.<\/p>\n<p><img decoding=\"async\" data-attachment-id=\"26969\" data-permalink=\"https:\/\/www.alqueria.es\/blogs\/alqueriaamarillanaranja\/2017\/09\/22\/llego-el-dia-tan-esperado\/attachment\/978842462580\/\" data-orig-file=\"https:\/\/cloud.alqueria.es\/wp-content\/uploads\/sites\/9\/2017\/09\/978842462580.jpg\" data-orig-size=\"167,180\" data-comments-opened=\"1\" data-image-meta=\"{&quot;aperture&quot;:&quot;0&quot;,&quot;credit&quot;:&quot;&quot;,&quot;camera&quot;:&quot;&quot;,&quot;caption&quot;:&quot;&quot;,&quot;created_timestamp&quot;:&quot;0&quot;,&quot;copyright&quot;:&quot;&quot;,&quot;focal_length&quot;:&quot;0&quot;,&quot;iso&quot;:&quot;0&quot;,&quot;shutter_speed&quot;:&quot;0&quot;,&quot;title&quot;:&quot;&quot;,&quot;orientation&quot;:&quot;0&quot;}\" data-image-title=\"978842462580\" data-image-description=\"\" data-image-caption=\"\" data-large-file=\"https:\/\/cloud.alqueria.es\/wp-content\/uploads\/sites\/9\/2017\/09\/978842462580.jpg\" class=\"alignleft wp-image-26969\" src=\"https:\/\/cloud.alqueria.es\/wp-content\/uploads\/sites\/9\/2017\/09\/978842462580.jpg\" alt=\"\" width=\"139\" height=\"150\" \/>Comenzamos la ma\u00f1ana con la <img decoding=\"async\" data-attachment-id=\"26970\" data-permalink=\"https:\/\/www.alqueria.es\/blogs\/alqueriaamarillanaranja\/2017\/09\/22\/llego-el-dia-tan-esperado\/images-1-35\/\" data-orig-file=\"https:\/\/cloud.alqueria.es\/wp-content\/uploads\/sites\/9\/2017\/09\/images-1.jpg\" data-orig-size=\"221,228\" data-comments-opened=\"1\" data-image-meta=\"{&quot;aperture&quot;:&quot;0&quot;,&quot;credit&quot;:&quot;&quot;,&quot;camera&quot;:&quot;&quot;,&quot;caption&quot;:&quot;&quot;,&quot;created_timestamp&quot;:&quot;0&quot;,&quot;copyright&quot;:&quot;&quot;,&quot;focal_length&quot;:&quot;0&quot;,&quot;iso&quot;:&quot;0&quot;,&quot;shutter_speed&quot;:&quot;0&quot;,&quot;title&quot;:&quot;&quot;,&quot;orientation&quot;:&quot;0&quot;}\" data-image-title=\"images-1\" data-image-description=\"\" data-image-caption=\"\" data-large-file=\"https:\/\/cloud.alqueria.es\/wp-content\/uploads\/sites\/9\/2017\/09\/images-1.jpg\" class=\"alignright wp-image-26970\" src=\"https:\/\/cloud.alqueria.es\/wp-content\/uploads\/sites\/9\/2017\/09\/images-1.jpg\" alt=\"\" width=\"123\" height=\"127\" \/>Asamblea y la lectura de cuentos que traen de casa: <span style=\"color: #ff6600\">Nacho \u00abQuino y Martina\u00bb y Hern\u00e1n \u00abTeo en avi\u00f3n\u00bb.<\/span> Contamos las diferentes actividades que vamos a tener para que tengan seguridad y confianza con el cambio de espacios y espacialistas.<\/p>\n<p>A las <span style=\"color: #ff00ff\">9:30 Elena<\/span> los recoge en la clase y se desplazan hasta el aula de M\u00fasica donde se lo pasan muy bien interpretando algunas canciones gesticuladas y representadas con el cuerpo.<\/p>\n<p>Y a las <span style=\"color: #ff00ff\">10:30 reciben a Alberto<\/span> con gran alegr\u00eda ya que lo conocen de las sesiones de motricidad que impart\u00edan el curso pasado, hacemos control de esf\u00ednteres y nos vamos a \u00a1\u00a1la pista deportiva!! Qu\u00e9 ilusionad@s estaban.<\/p>\n<p class=\"jetpack-slideshow-noscript robots-nocontent\">El pase de diapositivas requiere JavaScript.<\/p><div id=\"gallery-26968-1-slideshow\" class=\"jetpack-slideshow-window jetpack-slideshow jetpack-slideshow-black\" data-trans=\"fade\" data-autostart=\"1\" data-gallery=\"[{&quot;src&quot;:&quot;https:\\\/\\\/cloud.alqueria.es\\\/wp-content\\\/uploads\\\/sites\\\/9\\\/2017\\\/09\\\/IMG_00011.jpg&quot;,&quot;id&quot;:&quot;26995&quot;,&quot;title&quot;:&quot;IMG_00011&quot;,&quot;alt&quot;:&quot;&quot;,&quot;caption&quot;:&quot;&quot;,&quot;itemprop&quot;:&quot;image&quot;},{&quot;src&quot;:&quot;https:\\\/\\\/cloud.alqueria.es\\\/wp-content\\\/uploads\\\/sites\\\/9\\\/2017\\\/09\\\/IMG_00041.jpg&quot;,&quot;id&quot;:&quot;26996&quot;,&quot;title&quot;:&quot;IMG_00041&quot;,&quot;alt&quot;:&quot;&quot;,&quot;caption&quot;:&quot;&quot;,&quot;itemprop&quot;:&quot;image&quot;},{&quot;src&quot;:&quot;https:\\\/\\\/cloud.alqueria.es\\\/wp-content\\\/uploads\\\/sites\\\/9\\\/2017\\\/09\\\/IMG_00061.jpg&quot;,&quot;id&quot;:&quot;26997&quot;,&quot;title&quot;:&quot;IMG_00061&quot;,&quot;alt&quot;:&quot;&quot;,&quot;caption&quot;:&quot;&quot;,&quot;itemprop&quot;:&quot;image&quot;},{&quot;src&quot;:&quot;https:\\\/\\\/cloud.alqueria.es\\\/wp-content\\\/uploads\\\/sites\\\/9\\\/2017\\\/09\\\/IMG_00071.jpg&quot;,&quot;id&quot;:&quot;26998&quot;,&quot;title&quot;:&quot;IMG_00071&quot;,&quot;alt&quot;:&quot;&quot;,&quot;caption&quot;:&quot;&quot;,&quot;itemprop&quot;:&quot;image&quot;},{&quot;src&quot;:&quot;https:\\\/\\\/cloud.alqueria.es\\\/wp-content\\\/uploads\\\/sites\\\/9\\\/2017\\\/09\\\/IMG_00131.jpg&quot;,&quot;id&quot;:&quot;26999&quot;,&quot;title&quot;:&quot;IMG_00131&quot;,&quot;alt&quot;:&quot;&quot;,&quot;caption&quot;:&quot;&quot;,&quot;itemprop&quot;:&quot;image&quot;},{&quot;src&quot;:&quot;https:\\\/\\\/cloud.alqueria.es\\\/wp-content\\\/uploads\\\/sites\\\/9\\\/2017\\\/09\\\/IMG_0014.jpg&quot;,&quot;id&quot;:&quot;27000&quot;,&quot;title&quot;:&quot;IMG_0014&quot;,&quot;alt&quot;:&quot;&quot;,&quot;caption&quot;:&quot;&quot;,&quot;itemprop&quot;:&quot;image&quot;},{&quot;src&quot;:&quot;https:\\\/\\\/cloud.alqueria.es\\\/wp-content\\\/uploads\\\/sites\\\/9\\\/2017\\\/09\\\/IMG_0021.jpg&quot;,&quot;id&quot;:&quot;27001&quot;,&quot;title&quot;:&quot;IMG_0021&quot;,&quot;alt&quot;:&quot;&quot;,&quot;caption&quot;:&quot;&quot;,&quot;itemprop&quot;:&quot;image&quot;},{&quot;src&quot;:&quot;https:\\\/\\\/cloud.alqueria.es\\\/wp-content\\\/uploads\\\/sites\\\/9\\\/2017\\\/09\\\/IMG_00151.jpg&quot;,&quot;id&quot;:&quot;27003&quot;,&quot;title&quot;:&quot;IMG_00151&quot;,&quot;alt&quot;:&quot;&quot;,&quot;caption&quot;:&quot;&quot;,&quot;itemprop&quot;:&quot;image&quot;}]\" itemscope itemtype=\"https:\/\/schema.org\/ImageGallery\"><\/div>\n<p><img decoding=\"async\" data-attachment-id=\"26972\" data-permalink=\"https:\/\/www.alqueria.es\/blogs\/alqueriaamarillanaranja\/2017\/09\/22\/llego-el-dia-tan-esperado\/descarga-1-42\/\" data-orig-file=\"https:\/\/cloud.alqueria.es\/wp-content\/uploads\/sites\/9\/2017\/09\/descarga-1.jpg\" data-orig-size=\"223,227\" data-comments-opened=\"1\" data-image-meta=\"{&quot;aperture&quot;:&quot;0&quot;,&quot;credit&quot;:&quot;&quot;,&quot;camera&quot;:&quot;&quot;,&quot;caption&quot;:&quot;&quot;,&quot;created_timestamp&quot;:&quot;0&quot;,&quot;copyright&quot;:&quot;&quot;,&quot;focal_length&quot;:&quot;0&quot;,&quot;iso&quot;:&quot;0&quot;,&quot;shutter_speed&quot;:&quot;0&quot;,&quot;title&quot;:&quot;&quot;,&quot;orientation&quot;:&quot;0&quot;}\" data-image-title=\"descarga-1\" data-image-description=\"\" data-image-caption=\"\" data-large-file=\"https:\/\/cloud.alqueria.es\/wp-content\/uploads\/sites\/9\/2017\/09\/descarga-1.jpg\" class=\"alignleft wp-image-26972\" src=\"https:\/\/cloud.alqueria.es\/wp-content\/uploads\/sites\/9\/2017\/09\/descarga-1.jpg\" alt=\"\" width=\"145\" height=\"148\" \/>Por la tarde, despu\u00e9s de la gran actividad <img decoding=\"async\" data-attachment-id=\"26971\" data-permalink=\"https:\/\/www.alqueria.es\/blogs\/alqueriaamarillanaranja\/2017\/09\/22\/llego-el-dia-tan-esperado\/caperucitadescoloridared\/\" data-orig-file=\"https:\/\/cloud.alqueria.es\/wp-content\/uploads\/sites\/9\/2017\/09\/caperucitadescoloridared.jpg\" data-orig-size=\"230,306\" data-comments-opened=\"1\" data-image-meta=\"{&quot;aperture&quot;:&quot;0&quot;,&quot;credit&quot;:&quot;&quot;,&quot;camera&quot;:&quot;&quot;,&quot;caption&quot;:&quot;&quot;,&quot;created_timestamp&quot;:&quot;0&quot;,&quot;copyright&quot;:&quot;&quot;,&quot;focal_length&quot;:&quot;0&quot;,&quot;iso&quot;:&quot;0&quot;,&quot;shutter_speed&quot;:&quot;0&quot;,&quot;title&quot;:&quot;&quot;,&quot;orientation&quot;:&quot;1&quot;}\" data-image-title=\"caperucitadescoloridared\" data-image-description=\"\" data-image-caption=\"\" data-large-file=\"https:\/\/cloud.alqueria.es\/wp-content\/uploads\/sites\/9\/2017\/09\/caperucitadescoloridared.jpg\" class=\"alignright wp-image-26971\" src=\"https:\/\/cloud.alqueria.es\/wp-content\/uploads\/sites\/9\/2017\/09\/caperucitadescoloridared.jpg\" alt=\"\" width=\"190\" height=\"253\" \/>que traemos del parque, nos aseamos y nos tranquilizamos un poco con la lectura de otros cuentos que aportan <span style=\"color: #ff6600\">Sof\u00eda \u00abEl hada acatarrada\u00bb y Silvia \u00abCaperucita descolorida\u00bb<\/span>. Y como no hemos tenido momento de \u00a0juego por la ma\u00f1ana y han tra\u00eddo de casa algunos juguetes decidimos jugar un ratito antes de la merienda.<\/p>\n<p>Os pongo el horario que vamos a tener en la clase, como ya os dije en la reuni\u00f3n \u00e9ste es flexible y puede ir cambiando seg\u00fan las propuestas e intereses del grupo.<\/p>\n<p><img decoding=\"async\" data-attachment-id=\"26974\" data-permalink=\"https:\/\/www.alqueria.es\/blogs\/alqueriaamarillanaranja\/2017\/09\/22\/llego-el-dia-tan-esperado\/img_0058-2\/\" data-orig-file=\"https:\/\/cloud.alqueria.es\/wp-content\/uploads\/sites\/9\/2017\/09\/IMG_0058.jpg\" data-orig-size=\"480,640\" data-comments-opened=\"1\" data-image-meta=\"{&quot;aperture&quot;:&quot;2.8&quot;,&quot;credit&quot;:&quot;&quot;,&quot;camera&quot;:&quot;Canon DIGITAL IXUS 80 IS&quot;,&quot;caption&quot;:&quot;&quot;,&quot;created_timestamp&quot;:&quot;1506004626&quot;,&quot;copyright&quot;:&quot;&quot;,&quot;focal_length&quot;:&quot;6.2&quot;,&quot;iso&quot;:&quot;200&quot;,&quot;shutter_speed&quot;:&quot;0.016666666666667&quot;,&quot;title&quot;:&quot;&quot;,&quot;orientation&quot;:&quot;1&quot;}\" data-image-title=\"IMG_0058\" data-image-description=\"\" data-image-caption=\"\" data-large-file=\"https:\/\/cloud.alqueria.es\/wp-content\/uploads\/sites\/9\/2017\/09\/IMG_0058.jpg\" class=\"aligncenter wp-image-26974\" src=\"https:\/\/cloud.alqueria.es\/wp-content\/uploads\/sites\/9\/2017\/09\/IMG_0058.jpg\" alt=\"\" width=\"325\" height=\"433\" \/><\/p>\n<p>P.D: NO OLVID\u00c9IS IR PREPARANDO CON ELL@S EL CUENTO QUE VAN A TRAER PARA EL PROYECTO DE LECTURA.<\/p>\n<p>Gracias<\/p>\n<p>\u00a1\u00a1Buen fin de semana a tod@s!!<\/p>\n<p>Carmen<\/p>\n","protected":false},"excerpt":{"rendered":"<p>Ya estamos a viernes, las semanas van pasando muy r\u00e1pido y ya vamos cogiendo el ritmo tod@s. Comenzamos la ma\u00f1ana con la Asamblea y la lectura de cuentos que traen de casa: Nacho \u00abQuino y Martina\u00bb y Hern\u00e1n \u00abTeo en avi\u00f3n\u00bb. Contamos las diferentes actividades que vamos a tener para que tengan seguridad y confianza &hellip; <a href=\"https:\/\/www.alqueria.es\/blogs\/alqueriaamarillanaranja\/2017\/09\/22\/llego-el-dia-tan-esperado\/\" class=\"more-link\">Seguir leyendo <span class=\"screen-reader-text\">LLeg\u00f3 el d\u00eda tan esperado&#8230;..<\/span> <span class=\"meta-nav\">&rarr;<\/span><\/a><\/p>\n","protected":false},"author":23,"featured_media":0,"comment_status":"open","ping_status":"open","sticky":false,"template":"","format":"standard","meta":{"jetpack_post_was_ever_published":false,"_jetpack_newsletter_access":"","_jetpack_dont_email_post_to_subs":false,"_jetpack_newsletter_tier_id":0,"_jetpack_memberships_contains_paywalled_content":false,"_jetpack_memberships_contains_paid_content":false,"footnotes":"","jetpack_publicize_message":"","jetpack_publicize_feature_enabled":true,"jetpack_social_post_already_shared":true,"jetpack_social_options":{"image_generator_settings":{"template":"highway","default_image_id":0,"font":"","enabled":false},"version":2}},"categories":[383,7,8,10],"tags":[],"class_list":["post-26968","post","type-post","status-publish","format-standard","hentry","category-adaptacion","category-clase-naranja","category-diario","category-especialistas"],"jetpack_publicize_connections":[],"jetpack_featured_media_url":"","jetpack_sharing_enabled":true,"jetpack_shortlink":"https:\/\/wp.me\/p4lG08-70Y","jetpack-related-posts":[],"_links":{"self":[{"href":"https:\/\/www.alqueria.es\/blogs\/alqueriaamarillanaranja\/wp-json\/wp\/v2\/posts\/26968","targetHints":{"allow":["GET"]}}],"collection":[{"href":"https:\/\/www.alqueria.es\/blogs\/alqueriaamarillanaranja\/wp-json\/wp\/v2\/posts"}],"about":[{"href":"https:\/\/www.alqueria.es\/blogs\/alqueriaamarillanaranja\/wp-json\/wp\/v2\/types\/post"}],"author":[{"embeddable":true,"href":"https:\/\/www.alqueria.es\/blogs\/alqueriaamarillanaranja\/wp-json\/wp\/v2\/users\/23"}],"replies":[{"embeddable":true,"href":"https:\/\/www.alqueria.es\/blogs\/alqueriaamarillanaranja\/wp-json\/wp\/v2\/comments?post=26968"}],"version-history":[{"count":0,"href":"https:\/\/www.alqueria.es\/blogs\/alqueriaamarillanaranja\/wp-json\/wp\/v2\/posts\/26968\/revisions"}],"wp:attachment":[{"href":"https:\/\/www.alqueria.es\/blogs\/alqueriaamarillanaranja\/wp-json\/wp\/v2\/media?parent=26968"}],"wp:term":[{"taxonomy":"category","embeddable":true,"href":"https:\/\/www.alqueria.es\/blogs\/alqueriaamarillanaranja\/wp-json\/wp\/v2\/categories?post=26968"},{"taxonomy":"post_tag","embeddable":true,"href":"https:\/\/www.alqueria.es\/blogs\/alqueriaamarillanaranja\/wp-json\/wp\/v2\/tags?post=26968"}],"curies":[{"name":"wp","href":"https:\/\/api.w.org\/{rel}","templated":true}]}}