{"id":27745,"date":"2017-10-26T17:00:06","date_gmt":"2017-10-26T15:00:06","guid":{"rendered":"https:\/\/www.alqueria.es\/blogs\/alqueriaamarillanaranja\/?p=27745"},"modified":"2017-10-26T16:49:31","modified_gmt":"2017-10-26T14:49:31","slug":"cancion-de-los-siete-dias-de-la-semana","status":"publish","type":"post","link":"https:\/\/www.alqueria.es\/blogs\/alqueriaamarillanaranja\/2017\/10\/26\/cancion-de-los-siete-dias-de-la-semana\/","title":{"rendered":"CANCI\u00d3N DE LOS SIETE D\u00cdAS DE LA SEMANA"},"content":{"rendered":"<p>Aqu\u00ed os dejo la canci\u00f3n de los siete d\u00edas de la semana interpretada por los ni\u00f1os y las ni\u00f1as de la Clase Naranja. Con la c\u00e1mara se han cortado un poco je, je, je<\/p>\n<p><a href=\"https:\/\/vimeo.com\/240004049\">https:\/\/vimeo.com\/240004049<\/a><\/p>\n<p>Carmen<\/p>\n","protected":false},"excerpt":{"rendered":"<p>Aqu\u00ed os dejo la canci\u00f3n de los siete d\u00edas de la semana interpretada por los ni\u00f1os y las ni\u00f1as de la Clase Naranja. Con la c\u00e1mara se han cortado un poco je, je, je Carmen<\/p>\n","protected":false},"author":23,"featured_media":0,"comment_status":"open","ping_status":"open","sticky":false,"template":"","format":"standard","meta":{"jetpack_post_was_ever_published":false,"_jetpack_newsletter_access":"","_jetpack_dont_email_post_to_subs":false,"_jetpack_newsletter_tier_id":0,"_jetpack_memberships_contains_paywalled_content":false,"_jetpack_memberships_contains_paid_content":false,"footnotes":"","jetpack_publicize_message":"","jetpack_publicize_feature_enabled":true,"jetpack_social_post_already_shared":true,"jetpack_social_options":{"image_generator_settings":{"template":"highway","default_image_id":0,"font":"","enabled":false},"version":2}},"categories":[23,7],"tags":[463],"class_list":["post-27745","post","type-post","status-publish","format-standard","hentry","category-cancionero-clase-naranja-2","category-clase-naranja","tag-cancion-de-los-dias-de-la-semana"],"jetpack_publicize_connections":[],"jetpack_featured_media_url":"","jetpack_sharing_enabled":true,"jetpack_shortlink":"https:\/\/wp.me\/p4lG08-7dv","jetpack-related-posts":[],"_links":{"self":[{"href":"https:\/\/www.alqueria.es\/blogs\/alqueriaamarillanaranja\/wp-json\/wp\/v2\/posts\/27745","targetHints":{"allow":["GET"]}}],"collection":[{"href":"https:\/\/www.alqueria.es\/blogs\/alqueriaamarillanaranja\/wp-json\/wp\/v2\/posts"}],"about":[{"href":"https:\/\/www.alqueria.es\/blogs\/alqueriaamarillanaranja\/wp-json\/wp\/v2\/types\/post"}],"author":[{"embeddable":true,"href":"https:\/\/www.alqueria.es\/blogs\/alqueriaamarillanaranja\/wp-json\/wp\/v2\/users\/23"}],"replies":[{"embeddable":true,"href":"https:\/\/www.alqueria.es\/blogs\/alqueriaamarillanaranja\/wp-json\/wp\/v2\/comments?post=27745"}],"version-history":[{"count":0,"href":"https:\/\/www.alqueria.es\/blogs\/alqueriaamarillanaranja\/wp-json\/wp\/v2\/posts\/27745\/revisions"}],"wp:attachment":[{"href":"https:\/\/www.alqueria.es\/blogs\/alqueriaamarillanaranja\/wp-json\/wp\/v2\/media?parent=27745"}],"wp:term":[{"taxonomy":"category","embeddable":true,"href":"https:\/\/www.alqueria.es\/blogs\/alqueriaamarillanaranja\/wp-json\/wp\/v2\/categories?post=27745"},{"taxonomy":"post_tag","embeddable":true,"href":"https:\/\/www.alqueria.es\/blogs\/alqueriaamarillanaranja\/wp-json\/wp\/v2\/tags?post=27745"}],"curies":[{"name":"wp","href":"https:\/\/api.w.org\/{rel}","templated":true}]}}