{"id":27986,"date":"2017-11-07T18:00:28","date_gmt":"2017-11-07T17:00:28","guid":{"rendered":"https:\/\/www.alqueria.es\/blogs\/alqueriaamarillanaranja\/?p=27986"},"modified":"2017-11-07T18:00:28","modified_gmt":"2017-11-07T17:00:28","slug":"los-cuentos-proyecto-de-lectura","status":"publish","type":"post","link":"https:\/\/www.alqueria.es\/blogs\/alqueriaamarillanaranja\/2017\/11\/07\/los-cuentos-proyecto-de-lectura\/","title":{"rendered":"LOS CUENTOS: Proyecto de Lectura"},"content":{"rendered":"<p><span style=\"color: #800080\">Seguimos trabajando en nuestro<\/span><em> Proyecto de Lectura<\/em><span style=\"color: #800080\"> y os recuerdo que esta actividad es muy importante ya que les tenemos que transmitir el gusto por la lectura y\u00a0 el sentido de\u00bbresponsabilidad\u00bb a la hora de cuidar los cuentos y hacer la tarea del dibujo.<\/span><\/p>\n<p><span style=\"color: #800080\">En en el registro individual puedo saber el nivel de comprensi\u00f3n que cada uno\/a tiene de la historia y ver la evoluci\u00f3n gr\u00e1fica en sus dibujos.<\/span><\/p>\n<p><span style=\"color: #800080\">En la clase de ingl\u00e9s con D\u00e9bora seguimos trabajando el Oto\u00f1o y todo el vocabulario y canciones referentes a esta estaci\u00f3n, siempre a trav\u00e9s del movimiento y el juego.<\/span><\/p>\n<p><span style=\"color: #800080\"><img decoding=\"async\" data-attachment-id=\"27999\" data-permalink=\"https:\/\/www.alqueria.es\/blogs\/alqueriaamarillanaranja\/2017\/11\/07\/los-cuentos-proyecto-de-lectura\/20171107_112615\/\" data-orig-file=\"https:\/\/cloud.alqueria.es\/wp-content\/uploads\/sites\/9\/2017\/11\/20171107_112615.jpg\" data-orig-size=\"1024,768\" data-comments-opened=\"1\" data-image-meta=\"{&quot;aperture&quot;:&quot;0&quot;,&quot;credit&quot;:&quot;&quot;,&quot;camera&quot;:&quot;&quot;,&quot;caption&quot;:&quot;&quot;,&quot;created_timestamp&quot;:&quot;0&quot;,&quot;copyright&quot;:&quot;&quot;,&quot;focal_length&quot;:&quot;0&quot;,&quot;iso&quot;:&quot;0&quot;,&quot;shutter_speed&quot;:&quot;0&quot;,&quot;title&quot;:&quot;&quot;,&quot;orientation&quot;:&quot;0&quot;}\" data-image-title=\"20171107_112615\" data-image-description=\"\" data-image-caption=\"\" data-large-file=\"https:\/\/cloud.alqueria.es\/wp-content\/uploads\/sites\/9\/2017\/11\/20171107_112615-1024x768.jpg\" class=\"aligncenter size-medium wp-image-27999\" src=\"https:\/\/cloud.alqueria.es\/wp-content\/uploads\/sites\/9\/2017\/11\/20171107_112615.jpg\" alt=\"\" width=\"300\" height=\"225\" srcset=\"https:\/\/cloud.alqueria.es\/wp-content\/uploads\/sites\/9\/2017\/11\/20171107_112615.jpg 1024w, https:\/\/cloud.alqueria.es\/wp-content\/uploads\/sites\/9\/2017\/11\/20171107_112615.jpg 300w, https:\/\/cloud.alqueria.es\/wp-content\/uploads\/sites\/9\/2017\/11\/20171107_112615.jpg 768w\" sizes=\"(max-width: 300px) 100vw, 300px\" \/><\/span><\/p>\n<p><span style=\"color: #800080\">La figura del s\u00faper- ayudante es cada vez m\u00e1s importante para la clase naranja y viven el d\u00eda con una gran emoci\u00f3n, colaborando y siendo cada vez m\u00e1s aut\u00f3nomos en todo.<\/span><\/p>\n<p><span style=\"color: #800080\"><img decoding=\"async\" data-attachment-id=\"28000\" data-permalink=\"https:\/\/www.alqueria.es\/blogs\/alqueriaamarillanaranja\/2017\/11\/07\/los-cuentos-proyecto-de-lectura\/20171107_122235\/\" data-orig-file=\"https:\/\/cloud.alqueria.es\/wp-content\/uploads\/sites\/9\/2017\/11\/20171107_122235.jpg\" data-orig-size=\"1024,768\" data-comments-opened=\"1\" data-image-meta=\"{&quot;aperture&quot;:&quot;0&quot;,&quot;credit&quot;:&quot;&quot;,&quot;camera&quot;:&quot;&quot;,&quot;caption&quot;:&quot;&quot;,&quot;created_timestamp&quot;:&quot;0&quot;,&quot;copyright&quot;:&quot;&quot;,&quot;focal_length&quot;:&quot;0&quot;,&quot;iso&quot;:&quot;0&quot;,&quot;shutter_speed&quot;:&quot;0&quot;,&quot;title&quot;:&quot;&quot;,&quot;orientation&quot;:&quot;0&quot;}\" data-image-title=\"20171107_122235\" data-image-description=\"\" data-image-caption=\"\" data-large-file=\"https:\/\/cloud.alqueria.es\/wp-content\/uploads\/sites\/9\/2017\/11\/20171107_122235-1024x768.jpg\" class=\"alignleft wp-image-28000 size-medium\" src=\"https:\/\/cloud.alqueria.es\/wp-content\/uploads\/sites\/9\/2017\/11\/20171107_122235.jpg\" alt=\"\" width=\"300\" height=\"225\" srcset=\"https:\/\/cloud.alqueria.es\/wp-content\/uploads\/sites\/9\/2017\/11\/20171107_122235.jpg 1024w, https:\/\/cloud.alqueria.es\/wp-content\/uploads\/sites\/9\/2017\/11\/20171107_122235.jpg 300w, https:\/\/cloud.alqueria.es\/wp-content\/uploads\/sites\/9\/2017\/11\/20171107_122235.jpg 768w\" sizes=\"(max-width: 300px) 100vw, 300px\" \/>El grupo en estos meses puedo decir que ha ido avanzando mucho en este aspecto y\u00a0 les puedo dejar solos a la hora de ir al ba\u00f1o, lavarse, comer&#8230;. \u00a1\u00a1QU\u00c9 MAYORES ESTAMOS!!<\/span><\/p>\n<p><span style=\"color: #800080\">Ma\u00f1ana continuaremos con nuestro d\u00eda a d\u00eda en la clase naranja.<\/span><\/p>\n<p><span style=\"color: #800080\">Carmen\u00a0<\/span><\/p>\n<p>&nbsp;<\/p>\n","protected":false},"excerpt":{"rendered":"<p>Seguimos trabajando en nuestro Proyecto de Lectura y os recuerdo que esta actividad es muy importante ya que les tenemos que transmitir el gusto por la lectura y\u00a0 el sentido de\u00bbresponsabilidad\u00bb a la hora de cuidar los cuentos y hacer la tarea del dibujo. En en el registro individual puedo saber el nivel de comprensi\u00f3n &hellip; <a href=\"https:\/\/www.alqueria.es\/blogs\/alqueriaamarillanaranja\/2017\/11\/07\/los-cuentos-proyecto-de-lectura\/\" class=\"more-link\">Seguir leyendo <span class=\"screen-reader-text\">LOS CUENTOS: Proyecto de Lectura<\/span> <span class=\"meta-nav\">&rarr;<\/span><\/a><\/p>\n","protected":false},"author":23,"featured_media":0,"comment_status":"open","ping_status":"open","sticky":false,"template":"","format":"standard","meta":{"jetpack_post_was_ever_published":false,"_jetpack_newsletter_access":"","_jetpack_dont_email_post_to_subs":false,"_jetpack_newsletter_tier_id":0,"_jetpack_memberships_contains_paywalled_content":false,"_jetpack_memberships_contains_paid_content":false,"footnotes":"","jetpack_publicize_message":"","jetpack_publicize_feature_enabled":true,"jetpack_social_post_already_shared":true,"jetpack_social_options":{"image_generator_settings":{"template":"highway","default_image_id":0,"font":"","enabled":false},"version":2}},"categories":[5,7,8],"tags":[103],"class_list":["post-27986","post","type-post","status-publish","format-standard","hentry","category-alfabetizacion","category-clase-naranja","category-diario","tag-proyecto-de-lectura"],"jetpack_publicize_connections":[],"jetpack_featured_media_url":"","jetpack_sharing_enabled":true,"jetpack_shortlink":"https:\/\/wp.me\/p4lG08-7ho","jetpack-related-posts":[],"_links":{"self":[{"href":"https:\/\/www.alqueria.es\/blogs\/alqueriaamarillanaranja\/wp-json\/wp\/v2\/posts\/27986","targetHints":{"allow":["GET"]}}],"collection":[{"href":"https:\/\/www.alqueria.es\/blogs\/alqueriaamarillanaranja\/wp-json\/wp\/v2\/posts"}],"about":[{"href":"https:\/\/www.alqueria.es\/blogs\/alqueriaamarillanaranja\/wp-json\/wp\/v2\/types\/post"}],"author":[{"embeddable":true,"href":"https:\/\/www.alqueria.es\/blogs\/alqueriaamarillanaranja\/wp-json\/wp\/v2\/users\/23"}],"replies":[{"embeddable":true,"href":"https:\/\/www.alqueria.es\/blogs\/alqueriaamarillanaranja\/wp-json\/wp\/v2\/comments?post=27986"}],"version-history":[{"count":0,"href":"https:\/\/www.alqueria.es\/blogs\/alqueriaamarillanaranja\/wp-json\/wp\/v2\/posts\/27986\/revisions"}],"wp:attachment":[{"href":"https:\/\/www.alqueria.es\/blogs\/alqueriaamarillanaranja\/wp-json\/wp\/v2\/media?parent=27986"}],"wp:term":[{"taxonomy":"category","embeddable":true,"href":"https:\/\/www.alqueria.es\/blogs\/alqueriaamarillanaranja\/wp-json\/wp\/v2\/categories?post=27986"},{"taxonomy":"post_tag","embeddable":true,"href":"https:\/\/www.alqueria.es\/blogs\/alqueriaamarillanaranja\/wp-json\/wp\/v2\/tags?post=27986"}],"curies":[{"name":"wp","href":"https:\/\/api.w.org\/{rel}","templated":true}]}}