{"id":28130,"date":"2017-11-12T13:10:13","date_gmt":"2017-11-12T12:10:13","guid":{"rendered":"https:\/\/www.alqueria.es\/blogs\/alqueriaamarillanaranja\/?p=28130"},"modified":"2017-11-12T13:10:13","modified_gmt":"2017-11-12T12:10:13","slug":"fiesta-de-otono-7","status":"publish","type":"post","link":"https:\/\/www.alqueria.es\/blogs\/alqueriaamarillanaranja\/2017\/11\/12\/fiesta-de-otono-7\/","title":{"rendered":"FIESTA DE OTO\u00d1O"},"content":{"rendered":"<p><img decoding=\"async\" data-attachment-id=\"28131\" data-permalink=\"https:\/\/www.alqueria.es\/blogs\/alqueriaamarillanaranja\/2017\/11\/12\/fiesta-de-otono-7\/20171110_132328\/\" data-orig-file=\"https:\/\/cloud.alqueria.es\/wp-content\/uploads\/sites\/9\/2017\/11\/20171110_132328.jpg\" data-orig-size=\"1024,768\" data-comments-opened=\"1\" data-image-meta=\"{&quot;aperture&quot;:&quot;0&quot;,&quot;credit&quot;:&quot;&quot;,&quot;camera&quot;:&quot;&quot;,&quot;caption&quot;:&quot;&quot;,&quot;created_timestamp&quot;:&quot;0&quot;,&quot;copyright&quot;:&quot;&quot;,&quot;focal_length&quot;:&quot;0&quot;,&quot;iso&quot;:&quot;0&quot;,&quot;shutter_speed&quot;:&quot;0&quot;,&quot;title&quot;:&quot;&quot;,&quot;orientation&quot;:&quot;0&quot;}\" data-image-title=\"20171110_132328\" data-image-description=\"\" data-image-caption=\"\" data-large-file=\"https:\/\/cloud.alqueria.es\/wp-content\/uploads\/sites\/9\/2017\/11\/20171110_132328-1024x768.jpg\" class=\"aligncenter size-large wp-image-28131\" src=\"https:\/\/cloud.alqueria.es\/wp-content\/uploads\/sites\/9\/2017\/11\/20171110_132328.jpg\" alt=\"\" width=\"474\" height=\"356\" srcset=\"https:\/\/cloud.alqueria.es\/wp-content\/uploads\/sites\/9\/2017\/11\/20171110_132328.jpg 1024w, https:\/\/cloud.alqueria.es\/wp-content\/uploads\/sites\/9\/2017\/11\/20171110_132328.jpg 300w, https:\/\/cloud.alqueria.es\/wp-content\/uploads\/sites\/9\/2017\/11\/20171110_132328.jpg 768w\" sizes=\"(max-width: 474px) 100vw, 474px\" \/><\/p>\n<p><span style=\"color: #993300\">Ya ha pasado esta fiesta tan entra\u00f1able para el grupo naranjita y toda la etapa de infantil. <\/span><\/p>\n<p><span style=\"color: #993300\">Desde primera hora estaban muy emocionados con\u00a0 la tan esperada visita del Sr. y la Sra Oto\u00f1o.<\/span><\/p>\n<p><span style=\"color: #993300\">Nos reunimos con los grupos azul y amarillo para compartir el momento de recibir a estos dos personajes que hacen que este d\u00eda sea muy especial. Nos cuentan de donde vienen, donde viven y como es su d\u00eda a d\u00eda en el bosque. La Sra. Oto\u00f1o se encontraba muy resfriada por lo que no nos pudo contar muchas cosas, pero a ellos\/as les ha encantado su visita. Muchas gracias por ponerle tanta ilusi\u00f3n y participar de esta experiencia en el cole.<\/span><\/p>\n<p><span style=\"color: #993300\">Disfrutamos tambi\u00e9n de dos cuentos muy originales de Roald Dahl\u00a0 \u00abCaperucita roja y el lobo\u00bb y Los tres cerditos\u00bb narrado por el grupo de 5\u00ba de primaria.<\/span><\/p>\n<p><span style=\"color: #993300\">En el jard\u00edn asistimos a la interpretaci\u00f3n de un Romance realizado por el grupo de 6\u00ba de primaria y bailamos en nuestro parque\u00a0 las danzas del mundo.<\/span><\/p>\n<p><span style=\"color: #993300\">Aqu\u00ed os dejo un v\u00eddeo donde se resume lo bien que lo pasamos.<\/span><\/p>\n<p><a href=\"https:\/\/vimeo.com\/242362247\">https:\/\/vimeo.com\/242362247<\/a><\/p>\n<p><span style=\"color: #993300\">Por la tarde la merienda estuvo genial, con algo de fresquito pero pasamos un rato muy agradable. Muchas gracias por compartir con nosotros\/as esta\u00a0 merienda y por vuestra implicaci\u00f3n haciendo esos ricos dulces.<\/span><\/p>\n<p><span style=\"color: #993300\">Carmen<\/span><\/p>\n","protected":false},"excerpt":{"rendered":"<p>Ya ha pasado esta fiesta tan entra\u00f1able para el grupo naranjita y toda la etapa de infantil. Desde primera hora estaban muy emocionados con\u00a0 la tan esperada visita del Sr. y la Sra Oto\u00f1o. Nos reunimos con los grupos azul y amarillo para compartir el momento de recibir a estos dos personajes que hacen que &hellip; <a href=\"https:\/\/www.alqueria.es\/blogs\/alqueriaamarillanaranja\/2017\/11\/12\/fiesta-de-otono-7\/\" class=\"more-link\">Seguir leyendo <span class=\"screen-reader-text\">FIESTA DE OTO\u00d1O<\/span> <span class=\"meta-nav\">&rarr;<\/span><\/a><\/p>\n","protected":false},"author":23,"featured_media":0,"comment_status":"open","ping_status":"open","sticky":false,"template":"","format":"standard","meta":{"jetpack_post_was_ever_published":false,"_jetpack_newsletter_access":"","_jetpack_dont_email_post_to_subs":false,"_jetpack_newsletter_tier_id":0,"_jetpack_memberships_contains_paywalled_content":false,"_jetpack_memberships_contains_paid_content":false,"footnotes":"","jetpack_publicize_message":"","jetpack_publicize_feature_enabled":true,"jetpack_social_post_already_shared":true,"jetpack_social_options":{"image_generator_settings":{"template":"highway","default_image_id":0,"font":"","enabled":false},"version":2}},"categories":[7,8,13],"tags":[66],"class_list":["post-28130","post","type-post","status-publish","format-standard","hentry","category-clase-naranja","category-diario","category-fiestas-y-dias-de-significacion-especial","tag-fiesta-de-otono"],"jetpack_publicize_connections":[],"jetpack_featured_media_url":"","jetpack_sharing_enabled":true,"jetpack_shortlink":"https:\/\/wp.me\/p4lG08-7jI","jetpack-related-posts":[],"_links":{"self":[{"href":"https:\/\/www.alqueria.es\/blogs\/alqueriaamarillanaranja\/wp-json\/wp\/v2\/posts\/28130","targetHints":{"allow":["GET"]}}],"collection":[{"href":"https:\/\/www.alqueria.es\/blogs\/alqueriaamarillanaranja\/wp-json\/wp\/v2\/posts"}],"about":[{"href":"https:\/\/www.alqueria.es\/blogs\/alqueriaamarillanaranja\/wp-json\/wp\/v2\/types\/post"}],"author":[{"embeddable":true,"href":"https:\/\/www.alqueria.es\/blogs\/alqueriaamarillanaranja\/wp-json\/wp\/v2\/users\/23"}],"replies":[{"embeddable":true,"href":"https:\/\/www.alqueria.es\/blogs\/alqueriaamarillanaranja\/wp-json\/wp\/v2\/comments?post=28130"}],"version-history":[{"count":0,"href":"https:\/\/www.alqueria.es\/blogs\/alqueriaamarillanaranja\/wp-json\/wp\/v2\/posts\/28130\/revisions"}],"wp:attachment":[{"href":"https:\/\/www.alqueria.es\/blogs\/alqueriaamarillanaranja\/wp-json\/wp\/v2\/media?parent=28130"}],"wp:term":[{"taxonomy":"category","embeddable":true,"href":"https:\/\/www.alqueria.es\/blogs\/alqueriaamarillanaranja\/wp-json\/wp\/v2\/categories?post=28130"},{"taxonomy":"post_tag","embeddable":true,"href":"https:\/\/www.alqueria.es\/blogs\/alqueriaamarillanaranja\/wp-json\/wp\/v2\/tags?post=28130"}],"curies":[{"name":"wp","href":"https:\/\/api.w.org\/{rel}","templated":true}]}}