{"id":28382,"date":"2017-11-21T17:55:38","date_gmt":"2017-11-21T16:55:38","guid":{"rendered":"https:\/\/www.alqueria.es\/blogs\/alqueriaamarillanaranja\/?p=28382"},"modified":"2017-11-21T17:55:38","modified_gmt":"2017-11-21T16:55:38","slug":"proyecto-de-lectura-34","status":"publish","type":"post","link":"https:\/\/www.alqueria.es\/blogs\/alqueriaamarillanaranja\/2017\/11\/21\/proyecto-de-lectura-34\/","title":{"rendered":"PROYECTO DE LECTURA"},"content":{"rendered":"<p>Como ya os he ido informando a lo largo de estas semanas, ma\u00f1ana es nuestra <strong><span style=\"color: #800080\">primera salida<\/span><\/strong> en la clase naranja. Nos vamos a la <span style=\"color: #800080\">Biblioteca p\u00fablica de la Chana<\/span> como objetivo dentro de nuestro Proyecto de Lectura: el acercamiento a la lectura y conocimiento del\u00a0 funcionamiento de una biblioteca. Est\u00e1n muy ilusionados\/as sobre todo por el paseo en el bus que es toda una aventura.<\/p>\n<p>La clase naranja pasa un buen d\u00eda y podemos agrupar las actividades en tres:<\/p>\n<ol>\n<li><span style=\"color: #800080\"><strong>PROYECTO DE<\/strong><\/span> <strong><span style=\"color: #800080\">LECTURA:<\/span><\/strong> vamos cumpliendo las expectativas <img decoding=\"async\" data-attachment-id=\"28405\" data-permalink=\"https:\/\/www.alqueria.es\/blogs\/alqueriaamarillanaranja\/2017\/11\/21\/proyecto-de-lectura-34\/descarga1-9\/\" data-orig-file=\"https:\/\/cloud.alqueria.es\/wp-content\/uploads\/sites\/9\/2017\/11\/descarga1.jpg\" data-orig-size=\"216,233\" data-comments-opened=\"1\" data-image-meta=\"{&quot;aperture&quot;:&quot;0&quot;,&quot;credit&quot;:&quot;&quot;,&quot;camera&quot;:&quot;&quot;,&quot;caption&quot;:&quot;&quot;,&quot;created_timestamp&quot;:&quot;0&quot;,&quot;copyright&quot;:&quot;&quot;,&quot;focal_length&quot;:&quot;0&quot;,&quot;iso&quot;:&quot;0&quot;,&quot;shutter_speed&quot;:&quot;0&quot;,&quot;title&quot;:&quot;&quot;,&quot;orientation&quot;:&quot;0&quot;}\" data-image-title=\"descarga1\" data-image-description=\"\" data-image-caption=\"\" data-large-file=\"https:\/\/cloud.alqueria.es\/wp-content\/uploads\/sites\/9\/2017\/11\/descarga1.jpg\" class=\"alignright size-full wp-image-28405\" src=\"https:\/\/cloud.alqueria.es\/wp-content\/uploads\/sites\/9\/2017\/11\/descarga1.jpg\" alt=\"\" width=\"216\" height=\"233\" \/>marcadas para este proyecto, est\u00e1n muy motivados\/as, les gustan los cuentos que van leyendo y reproducen oralmente la historia.<\/li>\n<li><strong><span style=\"color: #800080\">EL JUEGO<\/span><\/strong>: siguen aportando juguetes de casa sobre todo coches, superh\u00e9roes y alg\u00fan que otro peluche, que comparten con los compa\u00f1eros\/as y eso est\u00e1 muy bien. Los juegos que aparecen son: los beb\u00e9s y carritos, la peluquer\u00eda y las construcciones con las sillas de la clase.<\/li>\n<li><strong><span style=\"color: #800080\">M\u00daSICA<\/span><\/strong>: por la tarde antes de merendar tienen a la especialista de m\u00fasica, Elena, con la que aprenden nuevas canciones acompa\u00f1adas de la guitarra. El tema que tienen ahora es la navidad que es lo que sigue siempre a la fiesta del oto\u00f1o.<\/li>\n<\/ol>\n<p><strong><span style=\"color: #800080\">NO OLVID\u00c9IS QUE MA\u00d1ANA TEN\u00c9IS QUE SER MUY PUNTUALES PARA LA SALIDA, SER\u00c1 A LAS 9:30 H<\/span><\/strong>. y volveremos para la hora de la comida.<\/p>\n<p>Que pas\u00e9is una buena tarde<\/p>\n<p>Carmen<\/p>\n","protected":false},"excerpt":{"rendered":"<p>Como ya os he ido informando a lo largo de estas semanas, ma\u00f1ana es nuestra primera salida en la clase naranja. Nos vamos a la Biblioteca p\u00fablica de la Chana como objetivo dentro de nuestro Proyecto de Lectura: el acercamiento a la lectura y conocimiento del\u00a0 funcionamiento de una biblioteca. Est\u00e1n muy ilusionados\/as sobre todo &hellip; <a href=\"https:\/\/www.alqueria.es\/blogs\/alqueriaamarillanaranja\/2017\/11\/21\/proyecto-de-lectura-34\/\" class=\"more-link\">Seguir leyendo <span class=\"screen-reader-text\">PROYECTO DE LECTURA<\/span> <span class=\"meta-nav\">&rarr;<\/span><\/a><\/p>\n","protected":false},"author":23,"featured_media":0,"comment_status":"open","ping_status":"open","sticky":false,"template":"","format":"standard","meta":{"jetpack_post_was_ever_published":false,"_jetpack_newsletter_access":"","_jetpack_dont_email_post_to_subs":false,"_jetpack_newsletter_tier_id":0,"_jetpack_memberships_contains_paywalled_content":false,"_jetpack_memberships_contains_paid_content":false,"footnotes":"","jetpack_publicize_message":"","jetpack_publicize_feature_enabled":true,"jetpack_social_post_already_shared":true,"jetpack_social_options":{"image_generator_settings":{"template":"highway","default_image_id":0,"font":"","enabled":false},"version":2}},"categories":[7,8,10,1],"tags":[51,103,140],"class_list":["post-28382","post","type-post","status-publish","format-standard","hentry","category-clase-naranja","category-diario","category-especialistas","category-sin-categoria","tag-el-juego-infantil","tag-proyecto-de-lectura","tag-sesion-de-musica"],"jetpack_publicize_connections":[],"jetpack_featured_media_url":"","jetpack_sharing_enabled":true,"jetpack_shortlink":"https:\/\/wp.me\/p4lG08-7nM","jetpack-related-posts":[],"_links":{"self":[{"href":"https:\/\/www.alqueria.es\/blogs\/alqueriaamarillanaranja\/wp-json\/wp\/v2\/posts\/28382","targetHints":{"allow":["GET"]}}],"collection":[{"href":"https:\/\/www.alqueria.es\/blogs\/alqueriaamarillanaranja\/wp-json\/wp\/v2\/posts"}],"about":[{"href":"https:\/\/www.alqueria.es\/blogs\/alqueriaamarillanaranja\/wp-json\/wp\/v2\/types\/post"}],"author":[{"embeddable":true,"href":"https:\/\/www.alqueria.es\/blogs\/alqueriaamarillanaranja\/wp-json\/wp\/v2\/users\/23"}],"replies":[{"embeddable":true,"href":"https:\/\/www.alqueria.es\/blogs\/alqueriaamarillanaranja\/wp-json\/wp\/v2\/comments?post=28382"}],"version-history":[{"count":0,"href":"https:\/\/www.alqueria.es\/blogs\/alqueriaamarillanaranja\/wp-json\/wp\/v2\/posts\/28382\/revisions"}],"wp:attachment":[{"href":"https:\/\/www.alqueria.es\/blogs\/alqueriaamarillanaranja\/wp-json\/wp\/v2\/media?parent=28382"}],"wp:term":[{"taxonomy":"category","embeddable":true,"href":"https:\/\/www.alqueria.es\/blogs\/alqueriaamarillanaranja\/wp-json\/wp\/v2\/categories?post=28382"},{"taxonomy":"post_tag","embeddable":true,"href":"https:\/\/www.alqueria.es\/blogs\/alqueriaamarillanaranja\/wp-json\/wp\/v2\/tags?post=28382"}],"curies":[{"name":"wp","href":"https:\/\/api.w.org\/{rel}","templated":true}]}}