{"id":28666,"date":"2017-12-01T14:30:43","date_gmt":"2017-12-01T13:30:43","guid":{"rendered":"https:\/\/www.alqueria.es\/blogs\/alqueriaamarillanaranja\/?p=28666"},"modified":"2017-12-02T10:15:37","modified_gmt":"2017-12-02T09:15:37","slug":"iniciamos-la-decoracion-navidena-en-el-aula","status":"publish","type":"post","link":"https:\/\/www.alqueria.es\/blogs\/alqueriaamarillanaranja\/2017\/12\/01\/iniciamos-la-decoracion-navidena-en-el-aula\/","title":{"rendered":"INICIAMOS LA DECORACI\u00d3N NAVIDE\u00d1A EN EL AULA"},"content":{"rendered":"<p>Cambiamos de decoraci\u00f3n. Ellos colaboran observando y ayudando en traer y llevar los adornos o bien para guardar o bien para colgar. Hemos estado muy atareados.<\/p>\n<div class=\"tiled-gallery type-rectangular tiled-gallery-unresized\" data-original-width=\"474\" data-carousel-extra='{&quot;blog_id&quot;:9,&quot;permalink&quot;:&quot;https:\\\/\\\/www.alqueria.es\\\/blogs\\\/alqueriaamarillanaranja\\\/2017\\\/12\\\/01\\\/iniciamos-la-decoracion-navidena-en-el-aula\\\/&quot;,&quot;likes_blog_id&quot;:64271688}' itemscope itemtype=\"http:\/\/schema.org\/ImageGallery\" > <div class=\"gallery-row\" style=\"width: 474px; height: 357px;\" data-original-width=\"474\" data-original-height=\"357\" > <div class=\"gallery-group images-1\" style=\"width: 474px; height: 357px;\" data-original-width=\"474\" data-original-height=\"357\" > <div class=\"tiled-gallery-item tiled-gallery-item-large\" itemprop=\"associatedMedia\" itemscope itemtype=\"http:\/\/schema.org\/ImageObject\"> <a href=\"https:\/\/www.alqueria.es\/blogs\/alqueriaamarillanaranja\/2017\/12\/01\/iniciamos-la-decoracion-navidena-en-el-aula\/dsc01315\/\" border=\"0\" itemprop=\"url\"> <meta itemprop=\"width\" content=\"470\"> <meta itemprop=\"height\" content=\"353\"> <img decoding=\"async\" class=\"\" data-attachment-id=\"28673\" data-orig-file=\"https:\/\/cloud.alqueria.es\/wp-content\/uploads\/sites\/9\/2017\/12\/DSC01315.jpg\" data-orig-size=\"640,480\" data-comments-opened=\"1\" data-image-meta=\"{&quot;aperture&quot;:&quot;2.8&quot;,&quot;credit&quot;:&quot;&quot;,&quot;camera&quot;:&quot;DSC-W510&quot;,&quot;caption&quot;:&quot;&quot;,&quot;created_timestamp&quot;:&quot;1513657502&quot;,&quot;copyright&quot;:&quot;Copyright 2009&quot;,&quot;focal_length&quot;:&quot;4.7&quot;,&quot;iso&quot;:&quot;80&quot;,&quot;shutter_speed&quot;:&quot;0.01&quot;,&quot;title&quot;:&quot;&quot;,&quot;orientation&quot;:&quot;1&quot;}\" data-image-title=\"DSC01315\" data-image-description=\"\" data-medium-file=\"https:\/\/cloud.alqueria.es\/wp-content\/uploads\/sites\/9\/2017\/12\/DSC01315-300x225.jpg\" data-large-file=\"https:\/\/cloud.alqueria.es\/wp-content\/uploads\/sites\/9\/2017\/12\/DSC01315.jpg\" src=\"https:\/\/i0.wp.com\/cloud.alqueria.es\/wp-content\/uploads\/sites\/9\/2017\/12\/DSC01315.jpg?w=470&#038;h=353&#038;ssl=1\" srcset=\"https:\/\/cloud.alqueria.es\/wp-content\/uploads\/sites\/9\/2017\/12\/DSC01315.jpg 640w, https:\/\/cloud.alqueria.es\/wp-content\/uploads\/sites\/9\/2017\/12\/DSC01315.jpg 300w\" width=\"470\" height=\"353\" loading=\"lazy\" data-original-width=\"470\" data-original-height=\"353\" itemprop=\"http:\/\/schema.org\/image\" title=\"DSC01315\" alt=\"DSC01315\" style=\"width: 470px; height: 353px;\" \/> <\/a> <\/div> <\/div> <!-- close group --> <\/div> <!-- close row --> <\/div>\n<p>As\u00ed empieza\u00a0\u00a0el primer\u00a0cambio de\u00a0nuestro espacio. Ahora esperamos <img decoding=\"async\" data-attachment-id=\"28670\" data-permalink=\"https:\/\/www.alqueria.es\/blogs\/alqueriaamarillanaranja\/2017\/12\/01\/iniciamos-la-decoracion-navidena-en-el-aula\/mi-orinal-24-meses_9788408103172\/\" data-orig-file=\"https:\/\/cloud.alqueria.es\/wp-content\/uploads\/sites\/9\/2017\/12\/mi-orinal-24-meses_9788408103172.jpg\" data-orig-size=\"816,1024\" data-comments-opened=\"1\" data-image-meta=\"{&quot;aperture&quot;:&quot;0&quot;,&quot;credit&quot;:&quot;&quot;,&quot;camera&quot;:&quot;&quot;,&quot;caption&quot;:&quot;&quot;,&quot;created_timestamp&quot;:&quot;0&quot;,&quot;copyright&quot;:&quot;&quot;,&quot;focal_length&quot;:&quot;0&quot;,&quot;iso&quot;:&quot;0&quot;,&quot;shutter_speed&quot;:&quot;0&quot;,&quot;title&quot;:&quot;&quot;,&quot;orientation&quot;:&quot;0&quot;}\" data-image-title=\"mi-orinal-24-meses_9788408103172\" data-image-description=\"\" data-image-caption=\"\" data-large-file=\"https:\/\/cloud.alqueria.es\/wp-content\/uploads\/sites\/9\/2017\/12\/mi-orinal-24-meses_9788408103172-816x1024.jpg\" class=\" wp-image-28670 alignright\" src=\"https:\/\/cloud.alqueria.es\/wp-content\/uploads\/sites\/9\/2017\/12\/mi-orinal-24-meses_9788408103172.jpg\" alt=\"\" width=\"222\" height=\"222\" \/>vuestra colaboraci\u00f3n desde casa para que la ambientaci\u00f3n nos quede esplendida. En la asamblea escuchamos atentamente la lectura del cuento titulado \u00abMi orinal\u00bb.\u00a0 El s\u00faper-ayudante es Alejandro. Juego libre: Son los coches y las maderas los elegidos para su desarrollo. Se recuerda constantemente la importancia de respetar al \u00abotro\u00bb, antes de quitar el juguete tenemos que pedir permiso, en caso de recibir una<\/p>\n<div class=\"tiled-gallery type-rectangular tiled-gallery-unresized\" data-original-width=\"474\" data-carousel-extra='{&quot;blog_id&quot;:9,&quot;permalink&quot;:&quot;https:\\\/\\\/www.alqueria.es\\\/blogs\\\/alqueriaamarillanaranja\\\/2017\\\/12\\\/01\\\/iniciamos-la-decoracion-navidena-en-el-aula\\\/&quot;,&quot;likes_blog_id&quot;:64271688}' itemscope itemtype=\"http:\/\/schema.org\/ImageGallery\" > <div class=\"gallery-row\" style=\"width: 474px; height: 357px;\" data-original-width=\"474\" data-original-height=\"357\" > <div class=\"gallery-group images-1\" style=\"width: 474px; height: 357px;\" data-original-width=\"474\" data-original-height=\"357\" > <div class=\"tiled-gallery-item tiled-gallery-item-large\" itemprop=\"associatedMedia\" itemscope itemtype=\"http:\/\/schema.org\/ImageObject\"> <a href=\"https:\/\/www.alqueria.es\/blogs\/alqueriaamarillanaranja\/2017\/12\/01\/iniciamos-la-decoracion-navidena-en-el-aula\/dsc01314\/\" border=\"0\" itemprop=\"url\"> <meta itemprop=\"width\" content=\"470\"> <meta itemprop=\"height\" content=\"353\"> <img decoding=\"async\" class=\"\" data-attachment-id=\"28672\" data-orig-file=\"https:\/\/cloud.alqueria.es\/wp-content\/uploads\/sites\/9\/2017\/12\/DSC01314.jpg\" data-orig-size=\"640,480\" data-comments-opened=\"1\" data-image-meta=\"{&quot;aperture&quot;:&quot;2.8&quot;,&quot;credit&quot;:&quot;&quot;,&quot;camera&quot;:&quot;DSC-W510&quot;,&quot;caption&quot;:&quot;&quot;,&quot;created_timestamp&quot;:&quot;1513657436&quot;,&quot;copyright&quot;:&quot;Copyright 2009&quot;,&quot;focal_length&quot;:&quot;4.7&quot;,&quot;iso&quot;:&quot;80&quot;,&quot;shutter_speed&quot;:&quot;0.016666666666667&quot;,&quot;title&quot;:&quot;&quot;,&quot;orientation&quot;:&quot;1&quot;}\" data-image-title=\"DSC01314\" data-image-description=\"\" data-medium-file=\"https:\/\/cloud.alqueria.es\/wp-content\/uploads\/sites\/9\/2017\/12\/DSC01314-300x225.jpg\" data-large-file=\"https:\/\/cloud.alqueria.es\/wp-content\/uploads\/sites\/9\/2017\/12\/DSC01314.jpg\" src=\"https:\/\/i0.wp.com\/cloud.alqueria.es\/wp-content\/uploads\/sites\/9\/2017\/12\/DSC01314.jpg?w=470&#038;h=353&#038;ssl=1\" srcset=\"https:\/\/cloud.alqueria.es\/wp-content\/uploads\/sites\/9\/2017\/12\/DSC01314.jpg 640w, https:\/\/cloud.alqueria.es\/wp-content\/uploads\/sites\/9\/2017\/12\/DSC01314.jpg 300w\" width=\"470\" height=\"353\" loading=\"lazy\" data-original-width=\"470\" data-original-height=\"353\" itemprop=\"http:\/\/schema.org\/image\" title=\"DSC01314\" alt=\"DSC01314\" style=\"width: 470px; height: 353px;\" \/> <\/a> <\/div> <\/div> <!-- close group --> <\/div> <!-- close row --> <\/div>\n<p>negativa aprender a aceptar y esperar nuestro turno, mientras buscar otro juguete. En el taller de hoy bailamos y\u00a0jugamos a identificar partes del cuerpo: pie,mano,cabeza&#8230; Damos la bienvenida a Adriana, tras estar enfermita una semana retoma con fuerza. Los ni\u00f1os al verla se han vuelto locuelos.\u00a0 Tras el saludo efusivo pasamos a recoger los juguetes y pasamos a tomar asiento en la asamblea de la fruta, contamos en ingl\u00e9s cu\u00e1ntas peras tenemos. Recordamos \u00abmore please\u00bb y \u00abthank you\u00bb. Ampliamos vocabulario: \u00abswoman\u00bb, \u00abred nose\u00bb<\/p>\n<div class=\"tiled-gallery type-circle tiled-gallery-unresized\" data-original-width=\"474\" data-carousel-extra='{&quot;blog_id&quot;:9,&quot;permalink&quot;:&quot;https:\\\/\\\/www.alqueria.es\\\/blogs\\\/alqueriaamarillanaranja\\\/2017\\\/12\\\/01\\\/iniciamos-la-decoracion-navidena-en-el-aula\\\/&quot;,&quot;likes_blog_id&quot;:64271688}' itemscope itemtype=\"http:\/\/schema.org\/ImageGallery\" > <div class=\"gallery-row\" style=\"width: 474px; height: 237px;\" data-original-width=\"474\" data-original-height=\"237\" > <div class=\"gallery-group\" style=\"width: 237px; height: 237px;\" data-original-width=\"237\" data-original-height=\"237\" > <div class=\"tiled-gallery-item \" itemprop=\"associatedMedia\" itemscope itemtype=\"http:\/\/schema.org\/ImageObject\"> <a href=\"https:\/\/www.alqueria.es\/blogs\/alqueriaamarillanaranja\/2017\/12\/01\/iniciamos-la-decoracion-navidena-en-el-aula\/dsc01317\/\" border=\"0\" itemprop=\"url\"> <meta itemprop=\"width\" content=\"233\"> <meta itemprop=\"height\" content=\"233\"> <img decoding=\"async\" class=\"\" data-attachment-id=\"28675\" data-orig-file=\"https:\/\/cloud.alqueria.es\/wp-content\/uploads\/sites\/9\/2017\/12\/DSC01317.jpg\" data-orig-size=\"640,480\" data-comments-opened=\"1\" data-image-meta=\"{&quot;aperture&quot;:&quot;2.8&quot;,&quot;credit&quot;:&quot;&quot;,&quot;camera&quot;:&quot;DSC-W510&quot;,&quot;caption&quot;:&quot;&quot;,&quot;created_timestamp&quot;:&quot;1513659593&quot;,&quot;copyright&quot;:&quot;Copyright 2009&quot;,&quot;focal_length&quot;:&quot;4.7&quot;,&quot;iso&quot;:&quot;80&quot;,&quot;shutter_speed&quot;:&quot;0.016666666666667&quot;,&quot;title&quot;:&quot;&quot;,&quot;orientation&quot;:&quot;1&quot;}\" data-image-title=\"DSC01317\" data-image-description=\"\" data-medium-file=\"https:\/\/cloud.alqueria.es\/wp-content\/uploads\/sites\/9\/2017\/12\/DSC01317-300x225.jpg\" data-large-file=\"https:\/\/cloud.alqueria.es\/wp-content\/uploads\/sites\/9\/2017\/12\/DSC01317.jpg\" src=\"https:\/\/i0.wp.com\/cloud.alqueria.es\/wp-content\/uploads\/sites\/9\/2017\/12\/DSC01317.jpg?w=233&#038;h=233&#038;crop=1&#038;ssl=1\" width=\"233\" height=\"233\" loading=\"lazy\" data-original-width=\"233\" data-original-height=\"233\" itemprop=\"http:\/\/schema.org\/image\" title=\"DSC01317\" alt=\"DSC01317\" style=\"width: 233px; height: 233px;\" \/> <\/a> <\/div> <\/div> <div class=\"gallery-group\" style=\"width: 237px; height: 237px;\" data-original-width=\"237\" data-original-height=\"237\" > <div class=\"tiled-gallery-item \" itemprop=\"associatedMedia\" itemscope itemtype=\"http:\/\/schema.org\/ImageObject\"> <a href=\"https:\/\/www.alqueria.es\/blogs\/alqueriaamarillanaranja\/2017\/12\/01\/iniciamos-la-decoracion-navidena-en-el-aula\/dsc01321\/\" border=\"0\" itemprop=\"url\"> <meta itemprop=\"width\" content=\"233\"> <meta itemprop=\"height\" content=\"233\"> <img decoding=\"async\" class=\"\" data-attachment-id=\"28676\" data-orig-file=\"https:\/\/cloud.alqueria.es\/wp-content\/uploads\/sites\/9\/2017\/12\/DSC01321.jpg\" data-orig-size=\"640,480\" data-comments-opened=\"1\" data-image-meta=\"{&quot;aperture&quot;:&quot;2.8&quot;,&quot;credit&quot;:&quot;&quot;,&quot;camera&quot;:&quot;DSC-W510&quot;,&quot;caption&quot;:&quot;&quot;,&quot;created_timestamp&quot;:&quot;1513660288&quot;,&quot;copyright&quot;:&quot;Copyright 2009&quot;,&quot;focal_length&quot;:&quot;4.7&quot;,&quot;iso&quot;:&quot;100&quot;,&quot;shutter_speed&quot;:&quot;0.033333333333333&quot;,&quot;title&quot;:&quot;&quot;,&quot;orientation&quot;:&quot;1&quot;}\" data-image-title=\"DSC01321\" data-image-description=\"\" data-medium-file=\"https:\/\/cloud.alqueria.es\/wp-content\/uploads\/sites\/9\/2017\/12\/DSC01321-300x225.jpg\" data-large-file=\"https:\/\/cloud.alqueria.es\/wp-content\/uploads\/sites\/9\/2017\/12\/DSC01321.jpg\" src=\"https:\/\/i0.wp.com\/cloud.alqueria.es\/wp-content\/uploads\/sites\/9\/2017\/12\/DSC01321.jpg?w=233&#038;h=233&#038;crop=1&#038;ssl=1\" width=\"233\" height=\"233\" loading=\"lazy\" data-original-width=\"233\" data-original-height=\"233\" itemprop=\"http:\/\/schema.org\/image\" title=\"DSC01321\" alt=\"DSC01321\" style=\"width: 233px; height: 233px;\" \/> <\/a> <\/div> <\/div> <\/div> <\/div>\n<p>Salimos de visita a los tablones de fuera \u00a1\u00a1\u00a1wow!!! junto con Adriana. Nos pintamos de Rudolph\u00a0 . Terminamos cantando y bailando el siguiente villancico\u00a0con nuestras narices rojas.<\/p>\n<p><span class=\"embed-youtube\" style=\"text-align:center; display: block;\"><div class=\"a25-CTUOC-hidding-box\" data-original-content=\"&lt;iframe loading=&quot;lazy&quot; class=&quot;youtube-player&quot; width=&quot;474&quot; height=&quot;267&quot; src=&quot;https:\/\/www.youtube.com\/embed\/lM6mDRhKAcA?version=3&amp;#038;rel=1&amp;#038;showsearch=0&amp;#038;showinfo=1&amp;#038;iv_load_policy=1&amp;#038;fs=1&amp;#038;hl=es-ES&amp;#038;autohide=2&amp;#038;wmode=transparent&quot; allowfullscreen=&quot;true&quot; style=&quot;border:0;&quot; sandbox=&quot;allow-scripts allow-same-origin allow-popups allow-presentation allow-popups-to-escape-sandbox&quot;&gt;&lt;\/iframe&gt;\">Esta p\u00e1gina incluye contenido multimedia que requiere aceptar todas las cookies. Pulse aqu\u00ed para abrir la configuraci\u00f3n de cookies.<\/div><\/span><\/p>\n<p>NOTA: Os recuerdo que la entrega de los trabajos se efectuar\u00e1n el primer d\u00eda despu\u00e9s del puente pr\u00f3ximo. Gracias.<\/p>\n<p style=\"text-align: center\">\u00a1\u00a1Buen fin de semana!!<\/p>\n<p style=\"text-align: right\">Encarna Cam\u00fas.<\/p>\n","protected":false},"excerpt":{"rendered":"<p>Cambiamos de decoraci\u00f3n. Ellos colaboran observando y ayudando en traer y llevar los adornos o bien para guardar o bien para colgar. Hemos estado muy atareados. As\u00ed empieza\u00a0\u00a0el primer\u00a0cambio de\u00a0nuestro espacio. Ahora esperamos vuestra colaboraci\u00f3n desde casa para que la ambientaci\u00f3n nos quede esplendida. En la asamblea escuchamos atentamente la lectura del cuento titulado \u00abMi &hellip; <a href=\"https:\/\/www.alqueria.es\/blogs\/alqueriaamarillanaranja\/2017\/12\/01\/iniciamos-la-decoracion-navidena-en-el-aula\/\" class=\"more-link\">Seguir leyendo <span class=\"screen-reader-text\">INICIAMOS LA DECORACI\u00d3N NAVIDE\u00d1A EN EL AULA<\/span> <span class=\"meta-nav\">&rarr;<\/span><\/a><\/p>\n","protected":false},"author":23,"featured_media":0,"comment_status":"open","ping_status":"open","sticky":false,"template":"","format":"standard","meta":{"jetpack_post_was_ever_published":false,"_jetpack_newsletter_access":"","_jetpack_dont_email_post_to_subs":false,"_jetpack_newsletter_tier_id":0,"_jetpack_memberships_contains_paywalled_content":false,"_jetpack_memberships_contains_paid_content":false,"footnotes":"","jetpack_publicize_message":"","jetpack_publicize_feature_enabled":true,"jetpack_social_post_already_shared":true,"jetpack_social_options":{"image_generator_settings":{"template":"highway","default_image_id":0,"font":"","enabled":false},"version":2}},"categories":[6,9],"tags":[285,476,452],"class_list":["post-28666","post","type-post","status-publish","format-standard","hentry","category-clase-amarilla","category-diario-clase-amarilla","tag-alfabetizacion","tag-ambientacion-aula","tag-taller-de-musica"],"jetpack_publicize_connections":[],"jetpack_featured_media_url":"","jetpack_sharing_enabled":true,"jetpack_shortlink":"https:\/\/wp.me\/p4lG08-7sm","jetpack-related-posts":[],"_links":{"self":[{"href":"https:\/\/www.alqueria.es\/blogs\/alqueriaamarillanaranja\/wp-json\/wp\/v2\/posts\/28666","targetHints":{"allow":["GET"]}}],"collection":[{"href":"https:\/\/www.alqueria.es\/blogs\/alqueriaamarillanaranja\/wp-json\/wp\/v2\/posts"}],"about":[{"href":"https:\/\/www.alqueria.es\/blogs\/alqueriaamarillanaranja\/wp-json\/wp\/v2\/types\/post"}],"author":[{"embeddable":true,"href":"https:\/\/www.alqueria.es\/blogs\/alqueriaamarillanaranja\/wp-json\/wp\/v2\/users\/23"}],"replies":[{"embeddable":true,"href":"https:\/\/www.alqueria.es\/blogs\/alqueriaamarillanaranja\/wp-json\/wp\/v2\/comments?post=28666"}],"version-history":[{"count":0,"href":"https:\/\/www.alqueria.es\/blogs\/alqueriaamarillanaranja\/wp-json\/wp\/v2\/posts\/28666\/revisions"}],"wp:attachment":[{"href":"https:\/\/www.alqueria.es\/blogs\/alqueriaamarillanaranja\/wp-json\/wp\/v2\/media?parent=28666"}],"wp:term":[{"taxonomy":"category","embeddable":true,"href":"https:\/\/www.alqueria.es\/blogs\/alqueriaamarillanaranja\/wp-json\/wp\/v2\/categories?post=28666"},{"taxonomy":"post_tag","embeddable":true,"href":"https:\/\/www.alqueria.es\/blogs\/alqueriaamarillanaranja\/wp-json\/wp\/v2\/tags?post=28666"}],"curies":[{"name":"wp","href":"https:\/\/api.w.org\/{rel}","templated":true}]}}