{"id":29817,"date":"2018-02-07T14:45:18","date_gmt":"2018-02-07T13:45:18","guid":{"rendered":"https:\/\/www.alqueria.es\/blogs\/alqueriaamarillanaranja\/?p=29817"},"modified":"2018-02-08T07:16:08","modified_gmt":"2018-02-08T06:16:08","slug":"taller-sensorial-2","status":"publish","type":"post","link":"https:\/\/www.alqueria.es\/blogs\/alqueriaamarillanaranja\/2018\/02\/07\/taller-sensorial-2\/","title":{"rendered":"TALLER SENSORIAL."},"content":{"rendered":"<h6><em>El taller que centra la atenci\u00f3n\u00a0 y curiosidad de los ni\u00f1os y ni\u00f1as ha sido el taller sensorial: Jugamos con los sentidos concretamente con el tacto y la vista. Tenemos tablas de diferenes texturas (rugosa, lisa, \u00e1spera), de diferentes colores (con brillos y sin ellos) y otras con siluetas de diversos objetos (coche,casa&#8230;). Clasificamos las tablas por colores, im\u00e1genes o texturas.<\/em><\/h6>\n<div class=\"tiled-gallery type-rectangular tiled-gallery-unresized\" data-original-width=\"474\" data-carousel-extra='{&quot;blog_id&quot;:9,&quot;permalink&quot;:&quot;https:\\\/\\\/www.alqueria.es\\\/blogs\\\/alqueriaamarillanaranja\\\/2018\\\/02\\\/07\\\/taller-sensorial-2\\\/&quot;,&quot;likes_blog_id&quot;:64271688}' itemscope itemtype=\"http:\/\/schema.org\/ImageGallery\" > <div class=\"gallery-row\" style=\"width: 474px; height: 238px;\" data-original-width=\"474\" data-original-height=\"238\" > <div class=\"gallery-group images-2\" style=\"width: 158px; height: 238px;\" data-original-width=\"158\" data-original-height=\"238\" > <div class=\"tiled-gallery-item tiled-gallery-item-small\" itemprop=\"associatedMedia\" itemscope itemtype=\"http:\/\/schema.org\/ImageObject\"> <a href=\"https:\/\/www.alqueria.es\/blogs\/alqueriaamarillanaranja\/2018\/02\/07\/taller-sensorial-2\/dsc02475\/\" border=\"0\" itemprop=\"url\"> <meta itemprop=\"width\" content=\"154\"> <meta itemprop=\"height\" content=\"115\"> <img decoding=\"async\" class=\"\" data-attachment-id=\"29819\" data-orig-file=\"https:\/\/cloud.alqueria.es\/wp-content\/uploads\/sites\/9\/2018\/02\/DSC02475.jpg\" data-orig-size=\"640,480\" data-comments-opened=\"1\" data-image-meta=\"{&quot;aperture&quot;:&quot;2.8&quot;,&quot;credit&quot;:&quot;&quot;,&quot;camera&quot;:&quot;DSC-W510&quot;,&quot;caption&quot;:&quot;&quot;,&quot;created_timestamp&quot;:&quot;1519534103&quot;,&quot;copyright&quot;:&quot;Copyright 2009&quot;,&quot;focal_length&quot;:&quot;4.7&quot;,&quot;iso&quot;:&quot;80&quot;,&quot;shutter_speed&quot;:&quot;0.033333333333333&quot;,&quot;title&quot;:&quot;&quot;,&quot;orientation&quot;:&quot;1&quot;}\" data-image-title=\"DSC02475\" data-image-description=\"\" data-medium-file=\"https:\/\/cloud.alqueria.es\/wp-content\/uploads\/sites\/9\/2018\/02\/DSC02475-300x225.jpg\" data-large-file=\"https:\/\/cloud.alqueria.es\/wp-content\/uploads\/sites\/9\/2018\/02\/DSC02475.jpg\" src=\"https:\/\/i0.wp.com\/cloud.alqueria.es\/wp-content\/uploads\/sites\/9\/2018\/02\/DSC02475.jpg?w=154&#038;h=115&#038;ssl=1\" srcset=\"https:\/\/cloud.alqueria.es\/wp-content\/uploads\/sites\/9\/2018\/02\/DSC02475.jpg 640w, https:\/\/cloud.alqueria.es\/wp-content\/uploads\/sites\/9\/2018\/02\/DSC02475.jpg 300w\" width=\"154\" height=\"115\" loading=\"lazy\" data-original-width=\"154\" data-original-height=\"115\" itemprop=\"http:\/\/schema.org\/image\" title=\"DSC02475\" alt=\"DSC02475\" style=\"width: 154px; height: 115px;\" \/> <\/a> <\/div> <div class=\"tiled-gallery-item tiled-gallery-item-small\" itemprop=\"associatedMedia\" itemscope itemtype=\"http:\/\/schema.org\/ImageObject\"> <a href=\"https:\/\/www.alqueria.es\/blogs\/alqueriaamarillanaranja\/2018\/02\/07\/taller-sensorial-2\/dsc02476\/\" border=\"0\" itemprop=\"url\"> <meta itemprop=\"width\" content=\"154\"> <meta itemprop=\"height\" content=\"115\"> <img decoding=\"async\" class=\"\" data-attachment-id=\"29820\" data-orig-file=\"https:\/\/cloud.alqueria.es\/wp-content\/uploads\/sites\/9\/2018\/02\/DSC02476.jpg\" data-orig-size=\"640,480\" data-comments-opened=\"1\" data-image-meta=\"{&quot;aperture&quot;:&quot;2.8&quot;,&quot;credit&quot;:&quot;&quot;,&quot;camera&quot;:&quot;DSC-W510&quot;,&quot;caption&quot;:&quot;&quot;,&quot;created_timestamp&quot;:&quot;1519534113&quot;,&quot;copyright&quot;:&quot;Copyright 2009&quot;,&quot;focal_length&quot;:&quot;4.7&quot;,&quot;iso&quot;:&quot;80&quot;,&quot;shutter_speed&quot;:&quot;0.02&quot;,&quot;title&quot;:&quot;&quot;,&quot;orientation&quot;:&quot;1&quot;}\" data-image-title=\"DSC02476\" data-image-description=\"\" data-medium-file=\"https:\/\/cloud.alqueria.es\/wp-content\/uploads\/sites\/9\/2018\/02\/DSC02476-300x225.jpg\" data-large-file=\"https:\/\/cloud.alqueria.es\/wp-content\/uploads\/sites\/9\/2018\/02\/DSC02476.jpg\" src=\"https:\/\/i0.wp.com\/cloud.alqueria.es\/wp-content\/uploads\/sites\/9\/2018\/02\/DSC02476.jpg?w=154&#038;h=115&#038;ssl=1\" srcset=\"https:\/\/cloud.alqueria.es\/wp-content\/uploads\/sites\/9\/2018\/02\/DSC02476.jpg 640w, https:\/\/cloud.alqueria.es\/wp-content\/uploads\/sites\/9\/2018\/02\/DSC02476.jpg 300w\" width=\"154\" height=\"115\" loading=\"lazy\" data-original-width=\"154\" data-original-height=\"115\" itemprop=\"http:\/\/schema.org\/image\" title=\"DSC02476\" alt=\"DSC02476\" style=\"width: 154px; height: 115px;\" \/> <\/a> <\/div> <\/div> <!-- close group --> <div class=\"gallery-group images-1\" style=\"width: 316px; height: 238px;\" data-original-width=\"316\" data-original-height=\"238\" > <div class=\"tiled-gallery-item tiled-gallery-item-large\" itemprop=\"associatedMedia\" itemscope itemtype=\"http:\/\/schema.org\/ImageObject\"> <a href=\"https:\/\/www.alqueria.es\/blogs\/alqueriaamarillanaranja\/2018\/02\/07\/taller-sensorial-2\/dsc02477\/\" border=\"0\" itemprop=\"url\"> <meta itemprop=\"width\" content=\"312\"> <meta itemprop=\"height\" content=\"234\"> <img decoding=\"async\" class=\"\" data-attachment-id=\"29821\" data-orig-file=\"https:\/\/cloud.alqueria.es\/wp-content\/uploads\/sites\/9\/2018\/02\/DSC02477.jpg\" data-orig-size=\"640,480\" data-comments-opened=\"1\" data-image-meta=\"{&quot;aperture&quot;:&quot;2.8&quot;,&quot;credit&quot;:&quot;&quot;,&quot;camera&quot;:&quot;DSC-W510&quot;,&quot;caption&quot;:&quot;&quot;,&quot;created_timestamp&quot;:&quot;1519534122&quot;,&quot;copyright&quot;:&quot;Copyright 2009&quot;,&quot;focal_length&quot;:&quot;4.7&quot;,&quot;iso&quot;:&quot;80&quot;,&quot;shutter_speed&quot;:&quot;0.02&quot;,&quot;title&quot;:&quot;&quot;,&quot;orientation&quot;:&quot;1&quot;}\" data-image-title=\"DSC02477\" data-image-description=\"\" data-medium-file=\"https:\/\/cloud.alqueria.es\/wp-content\/uploads\/sites\/9\/2018\/02\/DSC02477-300x225.jpg\" data-large-file=\"https:\/\/cloud.alqueria.es\/wp-content\/uploads\/sites\/9\/2018\/02\/DSC02477.jpg\" src=\"https:\/\/i0.wp.com\/cloud.alqueria.es\/wp-content\/uploads\/sites\/9\/2018\/02\/DSC02477.jpg?w=312&#038;h=234&#038;ssl=1\" srcset=\"https:\/\/cloud.alqueria.es\/wp-content\/uploads\/sites\/9\/2018\/02\/DSC02477.jpg 640w, https:\/\/cloud.alqueria.es\/wp-content\/uploads\/sites\/9\/2018\/02\/DSC02477.jpg 300w\" width=\"312\" height=\"234\" loading=\"lazy\" data-original-width=\"312\" data-original-height=\"234\" itemprop=\"http:\/\/schema.org\/image\" title=\"DSC02477\" alt=\"DSC02477\" style=\"width: 312px; height: 234px;\" \/> <\/a> <\/div> <\/div> <!-- close group --> <\/div> <!-- close row --> <\/div>\n<h6><em>Tambi\u00e9n hacemos una selecci\u00f3n de m\u00e1scaras de carnaval de cursos pasados. Algun@ reconoci\u00f3 su m\u00e1scara. Hecha dicha selecci\u00f3n pasamos al juego libre. En dicha actividad hoy prefieren: la cocinita, los tel\u00e9fonos y los coches. En los \u00faltimos momentos aparecen los pianos. <\/em><\/h6>\n<h6 style=\"text-align: right\"><em>Encarna Cam\u00fas.<\/em><\/h6>\n","protected":false},"excerpt":{"rendered":"<p>El taller que centra la atenci\u00f3n\u00a0 y curiosidad de los ni\u00f1os y ni\u00f1as ha sido el taller sensorial: Jugamos con los sentidos concretamente con el tacto y la vista. Tenemos tablas de diferenes texturas (rugosa, lisa, \u00e1spera), de diferentes colores (con brillos y sin ellos) y otras con siluetas de diversos objetos (coche,casa&#8230;). Clasificamos las &hellip; <a href=\"https:\/\/www.alqueria.es\/blogs\/alqueriaamarillanaranja\/2018\/02\/07\/taller-sensorial-2\/\" class=\"more-link\">Seguir leyendo <span class=\"screen-reader-text\">TALLER SENSORIAL.<\/span> <span class=\"meta-nav\">&rarr;<\/span><\/a><\/p>\n","protected":false},"author":23,"featured_media":0,"comment_status":"open","ping_status":"open","sticky":false,"template":"","format":"standard","meta":{"jetpack_post_was_ever_published":false,"_jetpack_newsletter_access":"","_jetpack_dont_email_post_to_subs":false,"_jetpack_newsletter_tier_id":0,"_jetpack_memberships_contains_paywalled_content":false,"_jetpack_memberships_contains_paid_content":false,"footnotes":"","jetpack_publicize_message":"","jetpack_publicize_feature_enabled":true,"jetpack_social_post_already_shared":true,"jetpack_social_options":{"image_generator_settings":{"template":"highway","default_image_id":0,"font":"","enabled":false},"version":2}},"categories":[6,9,18],"tags":[492],"class_list":["post-29817","post","type-post","status-publish","format-standard","hentry","category-clase-amarilla","category-diario-clase-amarilla","category-talleres","tag-taller-sensorial-visual-tacto"],"jetpack_publicize_connections":[],"jetpack_featured_media_url":"","jetpack_sharing_enabled":true,"jetpack_shortlink":"https:\/\/wp.me\/p4lG08-7KV","jetpack-related-posts":[],"_links":{"self":[{"href":"https:\/\/www.alqueria.es\/blogs\/alqueriaamarillanaranja\/wp-json\/wp\/v2\/posts\/29817","targetHints":{"allow":["GET"]}}],"collection":[{"href":"https:\/\/www.alqueria.es\/blogs\/alqueriaamarillanaranja\/wp-json\/wp\/v2\/posts"}],"about":[{"href":"https:\/\/www.alqueria.es\/blogs\/alqueriaamarillanaranja\/wp-json\/wp\/v2\/types\/post"}],"author":[{"embeddable":true,"href":"https:\/\/www.alqueria.es\/blogs\/alqueriaamarillanaranja\/wp-json\/wp\/v2\/users\/23"}],"replies":[{"embeddable":true,"href":"https:\/\/www.alqueria.es\/blogs\/alqueriaamarillanaranja\/wp-json\/wp\/v2\/comments?post=29817"}],"version-history":[{"count":0,"href":"https:\/\/www.alqueria.es\/blogs\/alqueriaamarillanaranja\/wp-json\/wp\/v2\/posts\/29817\/revisions"}],"wp:attachment":[{"href":"https:\/\/www.alqueria.es\/blogs\/alqueriaamarillanaranja\/wp-json\/wp\/v2\/media?parent=29817"}],"wp:term":[{"taxonomy":"category","embeddable":true,"href":"https:\/\/www.alqueria.es\/blogs\/alqueriaamarillanaranja\/wp-json\/wp\/v2\/categories?post=29817"},{"taxonomy":"post_tag","embeddable":true,"href":"https:\/\/www.alqueria.es\/blogs\/alqueriaamarillanaranja\/wp-json\/wp\/v2\/tags?post=29817"}],"curies":[{"name":"wp","href":"https:\/\/api.w.org\/{rel}","templated":true}]}}