{"id":29895,"date":"2018-02-09T14:45:04","date_gmt":"2018-02-09T13:45:04","guid":{"rendered":"https:\/\/www.alqueria.es\/blogs\/alqueriaamarillanaranja\/?p=29895"},"modified":"2018-02-12T07:32:04","modified_gmt":"2018-02-12T06:32:04","slug":"prestar-y-compartir","status":"publish","type":"post","link":"https:\/\/www.alqueria.es\/blogs\/alqueriaamarillanaranja\/2018\/02\/09\/prestar-y-compartir\/","title":{"rendered":"PRESTAR Y COMPARTIR."},"content":{"rendered":"<h6><em>Poco a poco,\u00a0 se comienza a respirar aires de fiesta.\u00a0Mientras tanto seguimos trabajando en nuestros quehaceres del d\u00eda a d\u00eda. Hoy Mateo aporta un juego de encajar, Julio sus mu\u00f1ecos\u00a0y Rafa sus coches. Todos\u00a0son muy bien recibidos por todos.\u00a0 Muy\u00a0 amablemente \u00a1\u00a1sorprendentemente!!\u00a0ellos comparten sus juguetes con los compa\u00f1eros.\u00a0 El compartir &#8211; ceder un objeto \/desprenderse de \u00e9l &#8211; en estas edades es bien complicado pues solo ven el \u00abyo\u00bb y el \u00abm\u00edo\u00bb; est\u00e1n comenzando a descubrir el mundo y a descubrirse as\u00ed mismos.\u00a0\u00a0Aprendemos<\/em><\/h6>\n<div class=\"tiled-gallery type-rectangular tiled-gallery-unresized\" data-original-width=\"474\" data-carousel-extra='{&quot;blog_id&quot;:9,&quot;permalink&quot;:&quot;https:\\\/\\\/www.alqueria.es\\\/blogs\\\/alqueriaamarillanaranja\\\/2018\\\/02\\\/09\\\/prestar-y-compartir\\\/&quot;,&quot;likes_blog_id&quot;:64271688}' itemscope itemtype=\"http:\/\/schema.org\/ImageGallery\" > <div class=\"gallery-row\" style=\"width: 474px; height: 357px;\" data-original-width=\"474\" data-original-height=\"357\" > <div class=\"gallery-group images-1\" style=\"width: 474px; height: 357px;\" data-original-width=\"474\" data-original-height=\"357\" > <div class=\"tiled-gallery-item tiled-gallery-item-large\" itemprop=\"associatedMedia\" itemscope itemtype=\"http:\/\/schema.org\/ImageObject\"> <a href=\"https:\/\/www.alqueria.es\/blogs\/alqueriaamarillanaranja\/2018\/02\/08\/taller-creativo-carnaval\/dsc02523\/\" border=\"0\" itemprop=\"url\"> <meta itemprop=\"width\" content=\"470\"> <meta itemprop=\"height\" content=\"353\"> <img decoding=\"async\" class=\"\" data-attachment-id=\"29870\" data-orig-file=\"https:\/\/cloud.alqueria.es\/wp-content\/uploads\/sites\/9\/2018\/02\/DSC02523.jpg\" data-orig-size=\"640,480\" data-comments-opened=\"1\" data-image-meta=\"{&quot;aperture&quot;:&quot;2.8&quot;,&quot;credit&quot;:&quot;&quot;,&quot;camera&quot;:&quot;DSC-W510&quot;,&quot;caption&quot;:&quot;&quot;,&quot;created_timestamp&quot;:&quot;1519702412&quot;,&quot;copyright&quot;:&quot;Copyright 2009&quot;,&quot;focal_length&quot;:&quot;4.7&quot;,&quot;iso&quot;:&quot;100&quot;,&quot;shutter_speed&quot;:&quot;0.033333333333333&quot;,&quot;title&quot;:&quot;&quot;,&quot;orientation&quot;:&quot;1&quot;}\" data-image-title=\"DSC02523\" data-image-description=\"\" data-medium-file=\"https:\/\/cloud.alqueria.es\/wp-content\/uploads\/sites\/9\/2018\/02\/DSC02523-300x225.jpg\" data-large-file=\"https:\/\/cloud.alqueria.es\/wp-content\/uploads\/sites\/9\/2018\/02\/DSC02523.jpg\" src=\"https:\/\/i0.wp.com\/cloud.alqueria.es\/wp-content\/uploads\/sites\/9\/2018\/02\/DSC02523.jpg?w=470&#038;h=353&#038;ssl=1\" srcset=\"https:\/\/cloud.alqueria.es\/wp-content\/uploads\/sites\/9\/2018\/02\/DSC02523.jpg 640w, https:\/\/cloud.alqueria.es\/wp-content\/uploads\/sites\/9\/2018\/02\/DSC02523.jpg 300w\" width=\"470\" height=\"353\" loading=\"lazy\" data-original-width=\"470\" data-original-height=\"353\" itemprop=\"http:\/\/schema.org\/image\" title=\"DSC02523\" alt=\"DSC02523\" style=\"width: 470px; height: 353px;\" \/> <\/a> <\/div> <\/div> <!-- close group --> <\/div> <!-- close row --> <\/div>\n<h6><em>a socializarnos y a crecer a nivel individual. Como tambi\u00e9n queda reflejada en nuestra canci\u00f3n de carnaval.\u00a0\u00a0<\/em><em>Otra de las actividades de las que nos hemos encargado hoy han sido:\u00a0 <\/em><\/h6>\n<ul>\n<li>\n<h6><em>Jugar con los animales, los coches\u00a0grandes y la cocinita.\u00a0 <\/em><\/h6>\n<\/li>\n<li>\n<h6><em>Decorar la clase con las m\u00e1scaras que ya hab\u00edamos seleccionado d\u00edas atr\u00e1s. El papel de ellos a sido observar como se cuelgan y colaborar en la entrega de las m\u00e1scaras para colgar.\u00a0 <\/em><\/h6>\n<\/li>\n<li>\n<h6><em>Ultimamos las gorras de nuestro disfraz. Pegamos los ojos que dan personalidad a nuestro personaje. A continuaci\u00f3n un peque\u00f1o grupo de forma voluntaria colaboran en exponerlos en el exterior del aula.\u00a0 <\/em><\/h6>\n<\/li>\n<li>\n<h6><em>TALLER DE M\u00daSICA:<\/em><\/h6>\n<\/li>\n<\/ul>\n<div class=\"tiled-gallery type-rectangular tiled-gallery-unresized\" data-original-width=\"474\" data-carousel-extra='{&quot;blog_id&quot;:9,&quot;permalink&quot;:&quot;https:\\\/\\\/www.alqueria.es\\\/blogs\\\/alqueriaamarillanaranja\\\/2018\\\/02\\\/09\\\/prestar-y-compartir\\\/&quot;,&quot;likes_blog_id&quot;:64271688}' itemscope itemtype=\"http:\/\/schema.org\/ImageGallery\" > <div class=\"gallery-row\" style=\"width: 474px; height: 179px;\" data-original-width=\"474\" data-original-height=\"179\" > <div class=\"gallery-group images-2\" style=\"width: 118px; height: 179px;\" data-original-width=\"118\" data-original-height=\"179\" > <div class=\"tiled-gallery-item tiled-gallery-item-small\" itemprop=\"associatedMedia\" itemscope itemtype=\"http:\/\/schema.org\/ImageObject\"> <a href=\"https:\/\/www.alqueria.es\/blogs\/alqueriaamarillanaranja\/2018\/02\/08\/taller-creativo-carnaval\/dsc02554\/\" border=\"0\" itemprop=\"url\"> <meta itemprop=\"width\" content=\"114\"> <meta itemprop=\"height\" content=\"86\"> <img decoding=\"async\" class=\"\" data-attachment-id=\"29875\" data-orig-file=\"https:\/\/cloud.alqueria.es\/wp-content\/uploads\/sites\/9\/2018\/02\/DSC02554.jpg\" data-orig-size=\"640,480\" data-comments-opened=\"1\" data-image-meta=\"{&quot;aperture&quot;:&quot;2.8&quot;,&quot;credit&quot;:&quot;&quot;,&quot;camera&quot;:&quot;DSC-W510&quot;,&quot;caption&quot;:&quot;&quot;,&quot;created_timestamp&quot;:&quot;1519708219&quot;,&quot;copyright&quot;:&quot;Copyright 2009&quot;,&quot;focal_length&quot;:&quot;4.7&quot;,&quot;iso&quot;:&quot;80&quot;,&quot;shutter_speed&quot;:&quot;0.025&quot;,&quot;title&quot;:&quot;&quot;,&quot;orientation&quot;:&quot;1&quot;}\" data-image-title=\"DSC02554\" data-image-description=\"\" data-medium-file=\"https:\/\/cloud.alqueria.es\/wp-content\/uploads\/sites\/9\/2018\/02\/DSC02554-300x225.jpg\" data-large-file=\"https:\/\/cloud.alqueria.es\/wp-content\/uploads\/sites\/9\/2018\/02\/DSC02554.jpg\" src=\"https:\/\/i0.wp.com\/cloud.alqueria.es\/wp-content\/uploads\/sites\/9\/2018\/02\/DSC02554.jpg?w=114&#038;h=86&#038;ssl=1\" srcset=\"https:\/\/cloud.alqueria.es\/wp-content\/uploads\/sites\/9\/2018\/02\/DSC02554.jpg 640w, https:\/\/cloud.alqueria.es\/wp-content\/uploads\/sites\/9\/2018\/02\/DSC02554.jpg 300w\" width=\"114\" height=\"86\" loading=\"lazy\" data-original-width=\"114\" data-original-height=\"86\" itemprop=\"http:\/\/schema.org\/image\" title=\"DSC02554\" alt=\"DSC02554\" style=\"width: 114px; height: 86px;\" \/> <\/a> <\/div> <div class=\"tiled-gallery-item tiled-gallery-item-small\" itemprop=\"associatedMedia\" itemscope itemtype=\"http:\/\/schema.org\/ImageObject\"> <a href=\"https:\/\/www.alqueria.es\/blogs\/alqueriaamarillanaranja\/2018\/02\/08\/taller-creativo-carnaval\/dsc02553\/\" border=\"0\" itemprop=\"url\"> <meta itemprop=\"width\" content=\"114\"> <meta itemprop=\"height\" content=\"85\"> <img decoding=\"async\" class=\"\" data-attachment-id=\"29874\" data-orig-file=\"https:\/\/cloud.alqueria.es\/wp-content\/uploads\/sites\/9\/2018\/02\/DSC02553.jpg\" data-orig-size=\"640,480\" data-comments-opened=\"1\" data-image-meta=\"{&quot;aperture&quot;:&quot;2.8&quot;,&quot;credit&quot;:&quot;&quot;,&quot;camera&quot;:&quot;DSC-W510&quot;,&quot;caption&quot;:&quot;&quot;,&quot;created_timestamp&quot;:&quot;1519708192&quot;,&quot;copyright&quot;:&quot;Copyright 2009&quot;,&quot;focal_length&quot;:&quot;4.7&quot;,&quot;iso&quot;:&quot;80&quot;,&quot;shutter_speed&quot;:&quot;0.02&quot;,&quot;title&quot;:&quot;&quot;,&quot;orientation&quot;:&quot;1&quot;}\" data-image-title=\"DSC02553\" data-image-description=\"\" data-medium-file=\"https:\/\/cloud.alqueria.es\/wp-content\/uploads\/sites\/9\/2018\/02\/DSC02553-300x225.jpg\" data-large-file=\"https:\/\/cloud.alqueria.es\/wp-content\/uploads\/sites\/9\/2018\/02\/DSC02553.jpg\" src=\"https:\/\/i0.wp.com\/cloud.alqueria.es\/wp-content\/uploads\/sites\/9\/2018\/02\/DSC02553.jpg?w=114&#038;h=85&#038;ssl=1\" srcset=\"https:\/\/cloud.alqueria.es\/wp-content\/uploads\/sites\/9\/2018\/02\/DSC02553.jpg 640w, https:\/\/cloud.alqueria.es\/wp-content\/uploads\/sites\/9\/2018\/02\/DSC02553.jpg 300w\" width=\"114\" height=\"85\" loading=\"lazy\" data-original-width=\"114\" data-original-height=\"85\" itemprop=\"http:\/\/schema.org\/image\" title=\"DSC02553\" alt=\"DSC02553\" style=\"width: 114px; height: 85px;\" \/> <\/a> <\/div> <\/div> <!-- close group --> <div class=\"gallery-group images-2\" style=\"width: 118px; height: 179px;\" data-original-width=\"118\" data-original-height=\"179\" > <div class=\"tiled-gallery-item tiled-gallery-item-small\" itemprop=\"associatedMedia\" itemscope itemtype=\"http:\/\/schema.org\/ImageObject\"> <a href=\"https:\/\/www.alqueria.es\/blogs\/alqueriaamarillanaranja\/2018\/02\/08\/taller-creativo-carnaval\/dsc02552\/\" border=\"0\" itemprop=\"url\"> <meta itemprop=\"width\" content=\"114\"> <meta itemprop=\"height\" content=\"86\"> <img decoding=\"async\" class=\"\" data-attachment-id=\"29873\" data-orig-file=\"https:\/\/cloud.alqueria.es\/wp-content\/uploads\/sites\/9\/2018\/02\/DSC02552.jpg\" data-orig-size=\"640,480\" data-comments-opened=\"1\" data-image-meta=\"{&quot;aperture&quot;:&quot;2.8&quot;,&quot;credit&quot;:&quot;&quot;,&quot;camera&quot;:&quot;DSC-W510&quot;,&quot;caption&quot;:&quot;&quot;,&quot;created_timestamp&quot;:&quot;1519708158&quot;,&quot;copyright&quot;:&quot;Copyright 2009&quot;,&quot;focal_length&quot;:&quot;4.7&quot;,&quot;iso&quot;:&quot;80&quot;,&quot;shutter_speed&quot;:&quot;0.02&quot;,&quot;title&quot;:&quot;&quot;,&quot;orientation&quot;:&quot;1&quot;}\" data-image-title=\"DSC02552\" data-image-description=\"\" data-medium-file=\"https:\/\/cloud.alqueria.es\/wp-content\/uploads\/sites\/9\/2018\/02\/DSC02552-300x225.jpg\" data-large-file=\"https:\/\/cloud.alqueria.es\/wp-content\/uploads\/sites\/9\/2018\/02\/DSC02552.jpg\" src=\"https:\/\/i0.wp.com\/cloud.alqueria.es\/wp-content\/uploads\/sites\/9\/2018\/02\/DSC02552.jpg?w=114&#038;h=86&#038;ssl=1\" srcset=\"https:\/\/cloud.alqueria.es\/wp-content\/uploads\/sites\/9\/2018\/02\/DSC02552.jpg 640w, https:\/\/cloud.alqueria.es\/wp-content\/uploads\/sites\/9\/2018\/02\/DSC02552.jpg 300w\" width=\"114\" height=\"86\" loading=\"lazy\" data-original-width=\"114\" data-original-height=\"86\" itemprop=\"http:\/\/schema.org\/image\" title=\"DSC02552\" alt=\"DSC02552\" style=\"width: 114px; height: 86px;\" \/> <\/a> <\/div> <div class=\"tiled-gallery-item tiled-gallery-item-small\" itemprop=\"associatedMedia\" itemscope itemtype=\"http:\/\/schema.org\/ImageObject\"> <a href=\"https:\/\/www.alqueria.es\/blogs\/alqueriaamarillanaranja\/2018\/02\/08\/taller-creativo-carnaval\/dsc02551\/\" border=\"0\" itemprop=\"url\"> <meta itemprop=\"width\" content=\"114\"> <meta itemprop=\"height\" content=\"85\"> <img decoding=\"async\" class=\"\" data-attachment-id=\"29872\" data-orig-file=\"https:\/\/cloud.alqueria.es\/wp-content\/uploads\/sites\/9\/2018\/02\/DSC02551.jpg\" data-orig-size=\"640,480\" data-comments-opened=\"1\" data-image-meta=\"{&quot;aperture&quot;:&quot;2.8&quot;,&quot;credit&quot;:&quot;&quot;,&quot;camera&quot;:&quot;DSC-W510&quot;,&quot;caption&quot;:&quot;&quot;,&quot;created_timestamp&quot;:&quot;1519708119&quot;,&quot;copyright&quot;:&quot;Copyright 2009&quot;,&quot;focal_length&quot;:&quot;4.7&quot;,&quot;iso&quot;:&quot;80&quot;,&quot;shutter_speed&quot;:&quot;0.025&quot;,&quot;title&quot;:&quot;&quot;,&quot;orientation&quot;:&quot;1&quot;}\" data-image-title=\"DSC02551\" data-image-description=\"\" data-medium-file=\"https:\/\/cloud.alqueria.es\/wp-content\/uploads\/sites\/9\/2018\/02\/DSC02551-300x225.jpg\" data-large-file=\"https:\/\/cloud.alqueria.es\/wp-content\/uploads\/sites\/9\/2018\/02\/DSC02551.jpg\" src=\"https:\/\/i0.wp.com\/cloud.alqueria.es\/wp-content\/uploads\/sites\/9\/2018\/02\/DSC02551.jpg?w=114&#038;h=85&#038;ssl=1\" srcset=\"https:\/\/cloud.alqueria.es\/wp-content\/uploads\/sites\/9\/2018\/02\/DSC02551.jpg 640w, https:\/\/cloud.alqueria.es\/wp-content\/uploads\/sites\/9\/2018\/02\/DSC02551.jpg 300w\" width=\"114\" height=\"85\" loading=\"lazy\" data-original-width=\"114\" data-original-height=\"85\" itemprop=\"http:\/\/schema.org\/image\" title=\"DSC02551\" alt=\"DSC02551\" style=\"width: 114px; height: 85px;\" \/> <\/a> <\/div> <\/div> <!-- close group --> <div class=\"gallery-group images-1\" style=\"width: 238px; height: 179px;\" data-original-width=\"238\" data-original-height=\"179\" > <div class=\"tiled-gallery-item tiled-gallery-item-small\" itemprop=\"associatedMedia\" itemscope itemtype=\"http:\/\/schema.org\/ImageObject\"> <a href=\"https:\/\/www.alqueria.es\/blogs\/alqueriaamarillanaranja\/2018\/02\/08\/taller-creativo-carnaval\/dsc02550\/\" border=\"0\" itemprop=\"url\"> <meta itemprop=\"width\" content=\"234\"> <meta itemprop=\"height\" content=\"175\"> <img decoding=\"async\" class=\"\" data-attachment-id=\"29871\" data-orig-file=\"https:\/\/cloud.alqueria.es\/wp-content\/uploads\/sites\/9\/2018\/02\/DSC02550.jpg\" data-orig-size=\"640,480\" data-comments-opened=\"1\" data-image-meta=\"{&quot;aperture&quot;:&quot;2.8&quot;,&quot;credit&quot;:&quot;&quot;,&quot;camera&quot;:&quot;DSC-W510&quot;,&quot;caption&quot;:&quot;&quot;,&quot;created_timestamp&quot;:&quot;1519707967&quot;,&quot;copyright&quot;:&quot;Copyright 2009&quot;,&quot;focal_length&quot;:&quot;4.7&quot;,&quot;iso&quot;:&quot;80&quot;,&quot;shutter_speed&quot;:&quot;0.02&quot;,&quot;title&quot;:&quot;&quot;,&quot;orientation&quot;:&quot;1&quot;}\" data-image-title=\"DSC02550\" data-image-description=\"\" data-medium-file=\"https:\/\/cloud.alqueria.es\/wp-content\/uploads\/sites\/9\/2018\/02\/DSC02550-300x225.jpg\" data-large-file=\"https:\/\/cloud.alqueria.es\/wp-content\/uploads\/sites\/9\/2018\/02\/DSC02550.jpg\" src=\"https:\/\/i0.wp.com\/cloud.alqueria.es\/wp-content\/uploads\/sites\/9\/2018\/02\/DSC02550.jpg?w=234&#038;h=175&#038;ssl=1\" srcset=\"https:\/\/cloud.alqueria.es\/wp-content\/uploads\/sites\/9\/2018\/02\/DSC02550.jpg 640w, https:\/\/cloud.alqueria.es\/wp-content\/uploads\/sites\/9\/2018\/02\/DSC02550.jpg 300w\" width=\"234\" height=\"175\" loading=\"lazy\" data-original-width=\"234\" data-original-height=\"175\" itemprop=\"http:\/\/schema.org\/image\" title=\"DSC02550\" alt=\"DSC02550\" style=\"width: 234px; height: 175px;\" \/> <\/a> <\/div> <\/div> <!-- close group --> <\/div> <!-- close row --> <\/div>\n<h6><em>Creamos nuestra peque\u00f1a batucada, muy peculiar por cierto. Manipulan y experimentan con diferentes instrumentos musicales.<\/em><\/h6>\n<h6 style=\"text-align: center\"><em>\u00a1BUEN FIN DE SEMANA!<\/em><\/h6>\n<h6 style=\"text-align: right\"><em>Encarna Cam\u00fas.<\/em><\/h6>\n","protected":false},"excerpt":{"rendered":"<p>Poco a poco,\u00a0 se comienza a respirar aires de fiesta.\u00a0Mientras tanto seguimos trabajando en nuestros quehaceres del d\u00eda a d\u00eda. Hoy Mateo aporta un juego de encajar, Julio sus mu\u00f1ecos\u00a0y Rafa sus coches. Todos\u00a0son muy bien recibidos por todos.\u00a0 Muy\u00a0 amablemente \u00a1\u00a1sorprendentemente!!\u00a0ellos comparten sus juguetes con los compa\u00f1eros.\u00a0 El compartir &#8211; ceder un objeto \/desprenderse &hellip; <a href=\"https:\/\/www.alqueria.es\/blogs\/alqueriaamarillanaranja\/2018\/02\/09\/prestar-y-compartir\/\" class=\"more-link\">Seguir leyendo <span class=\"screen-reader-text\">PRESTAR Y COMPARTIR.<\/span> <span class=\"meta-nav\">&rarr;<\/span><\/a><\/p>\n","protected":false},"author":23,"featured_media":0,"comment_status":"open","ping_status":"open","sticky":false,"template":"","format":"standard","meta":{"jetpack_post_was_ever_published":false,"_jetpack_newsletter_access":"","_jetpack_dont_email_post_to_subs":false,"_jetpack_newsletter_tier_id":0,"_jetpack_memberships_contains_paywalled_content":false,"_jetpack_memberships_contains_paid_content":false,"footnotes":"","jetpack_publicize_message":"","jetpack_publicize_feature_enabled":true,"jetpack_social_post_already_shared":true,"jetpack_social_options":{"image_generator_settings":{"template":"highway","default_image_id":0,"font":"","enabled":false},"version":2}},"categories":[6,9,18],"tags":[493,452],"class_list":["post-29895","post","type-post","status-publish","format-standard","hentry","category-clase-amarilla","category-diario-clase-amarilla","category-talleres","tag-actividad-de-ambientacion","tag-taller-de-musica"],"jetpack_publicize_connections":[],"jetpack_featured_media_url":"","jetpack_sharing_enabled":true,"jetpack_shortlink":"https:\/\/wp.me\/p4lG08-7Mb","jetpack-related-posts":[],"_links":{"self":[{"href":"https:\/\/www.alqueria.es\/blogs\/alqueriaamarillanaranja\/wp-json\/wp\/v2\/posts\/29895","targetHints":{"allow":["GET"]}}],"collection":[{"href":"https:\/\/www.alqueria.es\/blogs\/alqueriaamarillanaranja\/wp-json\/wp\/v2\/posts"}],"about":[{"href":"https:\/\/www.alqueria.es\/blogs\/alqueriaamarillanaranja\/wp-json\/wp\/v2\/types\/post"}],"author":[{"embeddable":true,"href":"https:\/\/www.alqueria.es\/blogs\/alqueriaamarillanaranja\/wp-json\/wp\/v2\/users\/23"}],"replies":[{"embeddable":true,"href":"https:\/\/www.alqueria.es\/blogs\/alqueriaamarillanaranja\/wp-json\/wp\/v2\/comments?post=29895"}],"version-history":[{"count":0,"href":"https:\/\/www.alqueria.es\/blogs\/alqueriaamarillanaranja\/wp-json\/wp\/v2\/posts\/29895\/revisions"}],"wp:attachment":[{"href":"https:\/\/www.alqueria.es\/blogs\/alqueriaamarillanaranja\/wp-json\/wp\/v2\/media?parent=29895"}],"wp:term":[{"taxonomy":"category","embeddable":true,"href":"https:\/\/www.alqueria.es\/blogs\/alqueriaamarillanaranja\/wp-json\/wp\/v2\/categories?post=29895"},{"taxonomy":"post_tag","embeddable":true,"href":"https:\/\/www.alqueria.es\/blogs\/alqueriaamarillanaranja\/wp-json\/wp\/v2\/tags?post=29895"}],"curies":[{"name":"wp","href":"https:\/\/api.w.org\/{rel}","templated":true}]}}