{"id":299,"date":"2012-05-08T13:07:07","date_gmt":"2012-05-08T13:07:07","guid":{"rendered":"http:\/\/alqueriaamarillanaranja.wordpress.com\/?p=299"},"modified":"2014-02-24T12:37:15","modified_gmt":"2014-02-24T12:37:15","slug":"a-mi-manera","status":"publish","type":"post","link":"https:\/\/www.alqueria.es\/blogs\/alqueriaamarillanaranja\/2012\/05\/08\/a-mi-manera\/","title":{"rendered":"\u00abA MI MANERA\u00bb"},"content":{"rendered":"<p>\u00a1Hola!<\/p>\n<p>En esta ocasi\u00f3n, en nuestra actividad motriz manipulamos e investigamos con los tacos de madera y con las pelotas peque\u00f1as.<\/p>\n<p>Asamblea: contamos los d\u00edas que faltan para ir de excursi\u00f3n, \u00a1diez d\u00edas!. Est\u00e1n deseando y muy ilusionados.<\/p>\n<p>En la actividad central del d\u00eda escribimos a nuestra manera, cada uno en su hoja, el men\u00fa que comeremos en el campo. Mientras un grupo pasa por dicho taller el resto se dedican a realizar la \u201clectura\u201d visual, en la biblioteca de la clase.<a href=\"http:\/\/alqueriaamarillanaranja.files.wordpress.com\/2012\/05\/20101516191683877801.jpg\"><img decoding=\"async\" data-attachment-id=\"300\" data-permalink=\"https:\/\/www.alqueria.es\/blogs\/alqueriaamarillanaranja\/20101516191683877801\/\" data-orig-file=\"https:\/\/www.alqueria.es\/blogs\/alqueriaamarillanaranja\/wp-content\/uploads\/sites\/9\/2012\/05\/20101516191683877801.jpg\" data-orig-size=\"600,445\" data-comments-opened=\"1\" data-image-meta=\"{&quot;aperture&quot;:&quot;0&quot;,&quot;credit&quot;:&quot;&quot;,&quot;camera&quot;:&quot;&quot;,&quot;caption&quot;:&quot;&quot;,&quot;created_timestamp&quot;:&quot;0&quot;,&quot;copyright&quot;:&quot;&quot;,&quot;focal_length&quot;:&quot;0&quot;,&quot;iso&quot;:&quot;0&quot;,&quot;shutter_speed&quot;:&quot;0&quot;,&quot;title&quot;:&quot;&quot;}\" data-image-title=\"20101516191683877801\" data-image-description=\"\" data-image-caption=\"\" data-large-file=\"https:\/\/www.alqueria.es\/blogs\/alqueriaamarillanaranja\/wp-content\/uploads\/sites\/9\/2012\/05\/20101516191683877801.jpg\" class=\"alignright size-medium wp-image-300\" title=\"20101516191683877801\" src=\"https:\/\/cloud.alqueria.es\/wp-content\/uploads\/sites\/9\/2012\/05\/201015161916838778011.jpg\" alt=\"\" width=\"300\" height=\"222\" \/><\/a><\/p>\n<p>Tambi\u00e9n tenemos un momento para compartir la lectura de los siguientes cuentos:<\/p>\n<p>&#8211;\u00a0\u00a0\u00a0 Orejo el Conejo.<\/p>\n<p>&#8211;\u00a0 \u00bfQu\u00e9 es lo que como?<\/p>\n<p>&#8211;\u00a0\u00a0 El drag\u00f3n Sim\u00f3n.<\/p>\n<p>Despu\u00e9s del juego, tras los incidentes volvemos a retomar y recordar las normas de convivencia.<\/p>\n<p><a href=\"http:\/\/alqueriaamarillanaranja.files.wordpress.com\/2012\/05\/100_4025.jpg\"><img decoding=\"async\" data-attachment-id=\"301\" data-permalink=\"https:\/\/www.alqueria.es\/blogs\/alqueriaamarillanaranja\/100_4025\/\" data-orig-file=\"https:\/\/www.alqueria.es\/blogs\/alqueriaamarillanaranja\/wp-content\/uploads\/sites\/9\/2012\/05\/100_4025.jpg\" data-orig-size=\"768,1024\" data-comments-opened=\"1\" data-image-meta=\"{&quot;aperture&quot;:&quot;0&quot;,&quot;credit&quot;:&quot;&quot;,&quot;camera&quot;:&quot;&quot;,&quot;caption&quot;:&quot;&quot;,&quot;created_timestamp&quot;:&quot;0&quot;,&quot;copyright&quot;:&quot;&quot;,&quot;focal_length&quot;:&quot;0&quot;,&quot;iso&quot;:&quot;0&quot;,&quot;shutter_speed&quot;:&quot;0&quot;,&quot;title&quot;:&quot;&quot;}\" data-image-title=\"100_4025\" data-image-description=\"\" data-image-caption=\"\" data-large-file=\"https:\/\/www.alqueria.es\/blogs\/alqueriaamarillanaranja\/wp-content\/uploads\/sites\/9\/2012\/05\/100_4025-768x1024.jpg\" class=\"alignleft size-medium wp-image-301\" title=\"100_4025\" src=\"https:\/\/cloud.alqueria.es\/wp-content\/uploads\/sites\/9\/2012\/05\/100_40251.jpg\" alt=\"\" width=\"225\" height=\"300\" \/><\/a><\/p>\n<p>Este es nuestro camino a la monta\u00f1a. Os recuerdo que todos est\u00e1is invitados.<\/p>\n<p>La hora de encuentro ser\u00e1 sobre las dos del mediod\u00eda. Nosotros salimos del cole a las diez de la ma\u00f1ana, con la mochila y el&#8230;&#8230;&#8230;<\/p>\n<p>En el tabl\u00f3n, que hemos fabricado, cada familia indicar\u00e1 lo que aportar\u00e1 para la puesta en com\u00fan. El cole tendr\u00e1 lista la deliciosa tortilla de patatas, pechuga empanada, tomatito y bebidas refrescantes.<\/p>\n<p align=\"right\">\n<p align=\"right\">Encarna Camus Mart\u00ednez.<\/p>\n<p>&nbsp;<\/p>\n","protected":false},"excerpt":{"rendered":"<p>\u00a1Hola! En esta ocasi\u00f3n, en nuestra actividad motriz manipulamos e investigamos con los tacos de madera y con las pelotas peque\u00f1as. Asamblea: contamos los d\u00edas que faltan para ir de excursi\u00f3n, \u00a1diez d\u00edas!. Est\u00e1n deseando y muy ilusionados. En la actividad central del d\u00eda escribimos a nuestra manera, cada uno en su hoja, el men\u00fa &hellip; <a href=\"https:\/\/www.alqueria.es\/blogs\/alqueriaamarillanaranja\/2012\/05\/08\/a-mi-manera\/\" class=\"more-link\">Seguir leyendo <span class=\"screen-reader-text\">\u00abA MI MANERA\u00bb<\/span> <span class=\"meta-nav\">&rarr;<\/span><\/a><\/p>\n","protected":false},"author":21,"featured_media":0,"comment_status":"open","ping_status":"open","sticky":false,"template":"","format":"standard","meta":{"jetpack_post_was_ever_published":false,"_jetpack_newsletter_access":"","_jetpack_dont_email_post_to_subs":false,"_jetpack_newsletter_tier_id":0,"_jetpack_memberships_contains_paywalled_content":false,"_jetpack_memberships_contains_paid_content":false,"footnotes":"","jetpack_publicize_message":"","jetpack_publicize_feature_enabled":true,"jetpack_social_post_already_shared":true,"jetpack_social_options":{"image_generator_settings":{"template":"highway","default_image_id":0,"font":"","enabled":false},"version":2}},"categories":[7,9],"tags":[],"class_list":["post-299","post","type-post","status-publish","format-standard","hentry","category-clase-naranja","category-diario-clase-amarilla"],"jetpack_publicize_connections":[],"jetpack_featured_media_url":"","jetpack_sharing_enabled":true,"jetpack_shortlink":"https:\/\/wp.me\/p4lG08-4P","jetpack-related-posts":[],"_links":{"self":[{"href":"https:\/\/www.alqueria.es\/blogs\/alqueriaamarillanaranja\/wp-json\/wp\/v2\/posts\/299","targetHints":{"allow":["GET"]}}],"collection":[{"href":"https:\/\/www.alqueria.es\/blogs\/alqueriaamarillanaranja\/wp-json\/wp\/v2\/posts"}],"about":[{"href":"https:\/\/www.alqueria.es\/blogs\/alqueriaamarillanaranja\/wp-json\/wp\/v2\/types\/post"}],"author":[{"embeddable":true,"href":"https:\/\/www.alqueria.es\/blogs\/alqueriaamarillanaranja\/wp-json\/wp\/v2\/users\/21"}],"replies":[{"embeddable":true,"href":"https:\/\/www.alqueria.es\/blogs\/alqueriaamarillanaranja\/wp-json\/wp\/v2\/comments?post=299"}],"version-history":[{"count":0,"href":"https:\/\/www.alqueria.es\/blogs\/alqueriaamarillanaranja\/wp-json\/wp\/v2\/posts\/299\/revisions"}],"wp:attachment":[{"href":"https:\/\/www.alqueria.es\/blogs\/alqueriaamarillanaranja\/wp-json\/wp\/v2\/media?parent=299"}],"wp:term":[{"taxonomy":"category","embeddable":true,"href":"https:\/\/www.alqueria.es\/blogs\/alqueriaamarillanaranja\/wp-json\/wp\/v2\/categories?post=299"},{"taxonomy":"post_tag","embeddable":true,"href":"https:\/\/www.alqueria.es\/blogs\/alqueriaamarillanaranja\/wp-json\/wp\/v2\/tags?post=299"}],"curies":[{"name":"wp","href":"https:\/\/api.w.org\/{rel}","templated":true}]}}