{"id":30983,"date":"2018-04-06T17:30:42","date_gmt":"2018-04-06T15:30:42","guid":{"rendered":"https:\/\/www.alqueria.es\/blogs\/alqueriaamarillanaranja\/?p=30983"},"modified":"2018-04-06T14:58:58","modified_gmt":"2018-04-06T12:58:58","slug":"paseo-por-la-vega-2","status":"publish","type":"post","link":"https:\/\/www.alqueria.es\/blogs\/alqueriaamarillanaranja\/2018\/04\/06\/paseo-por-la-vega-2\/","title":{"rendered":"PASEO POR LA VEGA"},"content":{"rendered":"<p><span style=\"color: #008000\">Ayer disfrutamos de un buen d\u00eda de Primavera.<\/span><\/p>\n<p><span style=\"color: #008000\">Por fin, tras tanta lluvia podemos salir a dar un paseo por nuestro entorno m\u00e1s cercano, La Vega. Decidimos que vamos a caminar hasta el r\u00edo para poder ver cu\u00e1nta agua lleva. Durante el trayecto vamos observando c\u00f3mo ha ido cambiando el paisaje, tanto en los \u00e1rboles que est\u00e1n echando sus hojas verdes, las flores que est\u00e1n creciendo, insectos, ortigas\u00a0 y la temperatura tan agradable para ir sin abrigos.<\/span><\/p>\n<p><span style=\"color: #008000\">Cuando llegamos al carril bici pudimos comprobar el mont\u00f3n de agua que lleva el r\u00edo Genil. La vuelta la hicimos atravesando el campo con mucho cuidado, superando algunos mont\u00edculos y siguiendo un peque\u00f1o sendero. Tambi\u00e9n pudimos ver caballos que pasaban por all\u00ed dando un paseo. Lo que m\u00e1s llam\u00f3 su atenci\u00f3n fue el mont\u00f3n de ortigas que han crecido en el borde de la acequia.<\/span><\/p>\n<p><span style=\"color: #008000\">Por la tarde, hacemos un dibujo para nuestro cuaderno de campo, recordamos lo vivenciado por la ma\u00f1ana y cada uno dibuja libremente lo que le ha parecido m\u00e1s significativo.<\/span><\/p>\n<p><span style=\"color: #008000\">Aqu\u00ed os dejo las fotos de esta salida tan bonita:<\/span><\/p>\n<p class=\"jetpack-slideshow-noscript robots-nocontent\">El pase de diapositivas requiere JavaScript.<\/p><div id=\"gallery-30983-1-slideshow\" class=\"jetpack-slideshow-window jetpack-slideshow jetpack-slideshow-black\" data-trans=\"fade\" data-autostart=\"1\" data-gallery=\"[{&quot;src&quot;:&quot;https:\\\/\\\/cloud.alqueria.es\\\/wp-content\\\/uploads\\\/sites\\\/9\\\/2018\\\/04\\\/IMG_0979.jpg&quot;,&quot;id&quot;:&quot;30999&quot;,&quot;title&quot;:&quot;IMG_0979&quot;,&quot;alt&quot;:&quot;&quot;,&quot;caption&quot;:&quot;&quot;,&quot;itemprop&quot;:&quot;image&quot;},{&quot;src&quot;:&quot;https:\\\/\\\/cloud.alqueria.es\\\/wp-content\\\/uploads\\\/sites\\\/9\\\/2018\\\/04\\\/IMG_0978.jpg&quot;,&quot;id&quot;:&quot;30998&quot;,&quot;title&quot;:&quot;IMG_0978&quot;,&quot;alt&quot;:&quot;&quot;,&quot;caption&quot;:&quot;&quot;,&quot;itemprop&quot;:&quot;image&quot;},{&quot;src&quot;:&quot;https:\\\/\\\/cloud.alqueria.es\\\/wp-content\\\/uploads\\\/sites\\\/9\\\/2018\\\/04\\\/IMG_0977.jpg&quot;,&quot;id&quot;:&quot;30997&quot;,&quot;title&quot;:&quot;IMG_0977&quot;,&quot;alt&quot;:&quot;&quot;,&quot;caption&quot;:&quot;&quot;,&quot;itemprop&quot;:&quot;image&quot;},{&quot;src&quot;:&quot;https:\\\/\\\/www.alqueria.es\\\/blogs\\\/alqueriaamarillanaranja\\\/wp-content\\\/uploads\\\/sites\\\/9\\\/2018\\\/04\\\/IMG_0976.jpg&quot;,&quot;id&quot;:&quot;30996&quot;,&quot;title&quot;:&quot;IMG_0976&quot;,&quot;alt&quot;:&quot;&quot;,&quot;caption&quot;:&quot;&quot;,&quot;itemprop&quot;:&quot;image&quot;},{&quot;src&quot;:&quot;https:\\\/\\\/cloud.alqueria.es\\\/wp-content\\\/uploads\\\/sites\\\/9\\\/2018\\\/04\\\/IMG_0975.jpg&quot;,&quot;id&quot;:&quot;30995&quot;,&quot;title&quot;:&quot;IMG_0975&quot;,&quot;alt&quot;:&quot;&quot;,&quot;caption&quot;:&quot;&quot;,&quot;itemprop&quot;:&quot;image&quot;},{&quot;src&quot;:&quot;https:\\\/\\\/cloud.alqueria.es\\\/wp-content\\\/uploads\\\/sites\\\/9\\\/2018\\\/04\\\/IMG_0974.jpg&quot;,&quot;id&quot;:&quot;30994&quot;,&quot;title&quot;:&quot;IMG_0974&quot;,&quot;alt&quot;:&quot;&quot;,&quot;caption&quot;:&quot;&quot;,&quot;itemprop&quot;:&quot;image&quot;},{&quot;src&quot;:&quot;https:\\\/\\\/cloud.alqueria.es\\\/wp-content\\\/uploads\\\/sites\\\/9\\\/2018\\\/04\\\/IMG_0973.jpg&quot;,&quot;id&quot;:&quot;30993&quot;,&quot;title&quot;:&quot;IMG_0973&quot;,&quot;alt&quot;:&quot;&quot;,&quot;caption&quot;:&quot;&quot;,&quot;itemprop&quot;:&quot;image&quot;},{&quot;src&quot;:&quot;https:\\\/\\\/cloud.alqueria.es\\\/wp-content\\\/uploads\\\/sites\\\/9\\\/2018\\\/04\\\/IMG_0972.jpg&quot;,&quot;id&quot;:&quot;30992&quot;,&quot;title&quot;:&quot;IMG_0972&quot;,&quot;alt&quot;:&quot;&quot;,&quot;caption&quot;:&quot;&quot;,&quot;itemprop&quot;:&quot;image&quot;},{&quot;src&quot;:&quot;https:\\\/\\\/cloud.alqueria.es\\\/wp-content\\\/uploads\\\/sites\\\/9\\\/2018\\\/04\\\/IMG_0971.jpg&quot;,&quot;id&quot;:&quot;30991&quot;,&quot;title&quot;:&quot;IMG_0971&quot;,&quot;alt&quot;:&quot;&quot;,&quot;caption&quot;:&quot;&quot;,&quot;itemprop&quot;:&quot;image&quot;},{&quot;src&quot;:&quot;https:\\\/\\\/cloud.alqueria.es\\\/wp-content\\\/uploads\\\/sites\\\/9\\\/2018\\\/04\\\/IMG_0969.jpg&quot;,&quot;id&quot;:&quot;30990&quot;,&quot;title&quot;:&quot;IMG_0969&quot;,&quot;alt&quot;:&quot;&quot;,&quot;caption&quot;:&quot;&quot;,&quot;itemprop&quot;:&quot;image&quot;},{&quot;src&quot;:&quot;https:\\\/\\\/cloud.alqueria.es\\\/wp-content\\\/uploads\\\/sites\\\/9\\\/2018\\\/04\\\/IMG_0968.jpg&quot;,&quot;id&quot;:&quot;30989&quot;,&quot;title&quot;:&quot;IMG_0968&quot;,&quot;alt&quot;:&quot;&quot;,&quot;caption&quot;:&quot;&quot;,&quot;itemprop&quot;:&quot;image&quot;},{&quot;src&quot;:&quot;https:\\\/\\\/cloud.alqueria.es\\\/wp-content\\\/uploads\\\/sites\\\/9\\\/2018\\\/04\\\/IMG_0967.jpg&quot;,&quot;id&quot;:&quot;30988&quot;,&quot;title&quot;:&quot;IMG_0967&quot;,&quot;alt&quot;:&quot;&quot;,&quot;caption&quot;:&quot;&quot;,&quot;itemprop&quot;:&quot;image&quot;},{&quot;src&quot;:&quot;https:\\\/\\\/cloud.alqueria.es\\\/wp-content\\\/uploads\\\/sites\\\/9\\\/2018\\\/04\\\/IMG_0966.jpg&quot;,&quot;id&quot;:&quot;30987&quot;,&quot;title&quot;:&quot;IMG_0966&quot;,&quot;alt&quot;:&quot;&quot;,&quot;caption&quot;:&quot;&quot;,&quot;itemprop&quot;:&quot;image&quot;},{&quot;src&quot;:&quot;https:\\\/\\\/cloud.alqueria.es\\\/wp-content\\\/uploads\\\/sites\\\/9\\\/2018\\\/04\\\/IMG_0964.jpg&quot;,&quot;id&quot;:&quot;30986&quot;,&quot;title&quot;:&quot;IMG_0964&quot;,&quot;alt&quot;:&quot;&quot;,&quot;caption&quot;:&quot;&quot;,&quot;itemprop&quot;:&quot;image&quot;}]\" itemscope itemtype=\"https:\/\/schema.org\/ImageGallery\"><\/div>\n<p><span style=\"color: #008000\">Hoy tenemos un buen d\u00eda en el que han disfrutado con Elena en la clase de M\u00fasica y en la pista deportiva con Alberto por la ma\u00f1ana.<\/span><\/p>\n<p><span style=\"color: #008000\">Por la tarde, compartimos La Tarde Cooperativa, plantando y jugando todo el ciclo 3-6 a\u00f1os.<\/span><\/p>\n<p><span style=\"color: #008000\">Me despido hasta el Lunes.<\/span><\/p>\n<p style=\"text-align: center\"><span style=\"color: #008000\">\u00a1BUEN FIN DE SEMANA!<\/span><\/p>\n<p><span style=\"color: #008000\">Carmen<\/span><\/p>\n","protected":false},"excerpt":{"rendered":"<p>Ayer disfrutamos de un buen d\u00eda de Primavera. Por fin, tras tanta lluvia podemos salir a dar un paseo por nuestro entorno m\u00e1s cercano, La Vega. Decidimos que vamos a caminar hasta el r\u00edo para poder ver cu\u00e1nta agua lleva. Durante el trayecto vamos observando c\u00f3mo ha ido cambiando el paisaje, tanto en los \u00e1rboles &hellip; <a href=\"https:\/\/www.alqueria.es\/blogs\/alqueriaamarillanaranja\/2018\/04\/06\/paseo-por-la-vega-2\/\" class=\"more-link\">Seguir leyendo <span class=\"screen-reader-text\">PASEO POR LA VEGA<\/span> <span class=\"meta-nav\">&rarr;<\/span><\/a><\/p>\n","protected":false},"author":23,"featured_media":0,"comment_status":"open","ping_status":"open","sticky":false,"template":"","format":"standard","meta":{"jetpack_post_was_ever_published":false,"_jetpack_newsletter_access":"","_jetpack_dont_email_post_to_subs":false,"_jetpack_newsletter_tier_id":0,"_jetpack_memberships_contains_paywalled_content":false,"_jetpack_memberships_contains_paid_content":false,"footnotes":"","jetpack_publicize_message":"","jetpack_publicize_feature_enabled":true,"jetpack_social_post_already_shared":true,"jetpack_social_options":{"image_generator_settings":{"template":"highway","default_image_id":0,"font":"","enabled":false},"version":2}},"categories":[7,8],"tags":[305,101,107,176],"class_list":["post-30983","post","type-post","status-publish","format-standard","hentry","category-clase-naranja","category-diario","tag-huerto","tag-plantamos","tag-salida-a-la-vega","tag-tardes-cooperativas"],"jetpack_publicize_connections":[],"jetpack_featured_media_url":"","jetpack_sharing_enabled":true,"jetpack_shortlink":"https:\/\/wp.me\/p4lG08-83J","jetpack-related-posts":[],"_links":{"self":[{"href":"https:\/\/www.alqueria.es\/blogs\/alqueriaamarillanaranja\/wp-json\/wp\/v2\/posts\/30983","targetHints":{"allow":["GET"]}}],"collection":[{"href":"https:\/\/www.alqueria.es\/blogs\/alqueriaamarillanaranja\/wp-json\/wp\/v2\/posts"}],"about":[{"href":"https:\/\/www.alqueria.es\/blogs\/alqueriaamarillanaranja\/wp-json\/wp\/v2\/types\/post"}],"author":[{"embeddable":true,"href":"https:\/\/www.alqueria.es\/blogs\/alqueriaamarillanaranja\/wp-json\/wp\/v2\/users\/23"}],"replies":[{"embeddable":true,"href":"https:\/\/www.alqueria.es\/blogs\/alqueriaamarillanaranja\/wp-json\/wp\/v2\/comments?post=30983"}],"version-history":[{"count":0,"href":"https:\/\/www.alqueria.es\/blogs\/alqueriaamarillanaranja\/wp-json\/wp\/v2\/posts\/30983\/revisions"}],"wp:attachment":[{"href":"https:\/\/www.alqueria.es\/blogs\/alqueriaamarillanaranja\/wp-json\/wp\/v2\/media?parent=30983"}],"wp:term":[{"taxonomy":"category","embeddable":true,"href":"https:\/\/www.alqueria.es\/blogs\/alqueriaamarillanaranja\/wp-json\/wp\/v2\/categories?post=30983"},{"taxonomy":"post_tag","embeddable":true,"href":"https:\/\/www.alqueria.es\/blogs\/alqueriaamarillanaranja\/wp-json\/wp\/v2\/tags?post=30983"}],"curies":[{"name":"wp","href":"https:\/\/api.w.org\/{rel}","templated":true}]}}