{"id":312,"date":"2012-05-09T11:55:24","date_gmt":"2012-05-09T11:55:24","guid":{"rendered":"http:\/\/alqueriaamarillanaranja.wordpress.com\/?p=312"},"modified":"2014-02-24T12:37:14","modified_gmt":"2014-02-24T12:37:14","slug":"feliz-cumpleanos-jaime","status":"publish","type":"post","link":"https:\/\/www.alqueria.es\/blogs\/alqueriaamarillanaranja\/2012\/05\/09\/feliz-cumpleanos-jaime\/","title":{"rendered":"\u00a1FELIZ CUMPLEA\u00d1OS !  JAIME."},"content":{"rendered":"<p>\u00a1Hola!<\/p>\n<p>Actividad motriz: preparamos nuestro cuerpo, para ello comenzamos por las piernas, (arriba-abajo), bajamos a los pies (punta-tal\u00f3n), continuamos con el resto del cuerpo.<\/p>\n<p>Celebramos el cumplea\u00f1os feliz de nuestro compa\u00f1ero y amigo, Jaime. Hoy cumple tres a\u00f1os.<\/p>\n<p>A primera hora de la ma\u00f1ana comenzamos a preparar la fiesta. Decidimos maquillarnos, el tema central, los payasotes.<\/p>\n<p>Cantamos el cumplea\u00f1os feliz; todo se oscurece \u2013\u00a0 \u00a1atenci\u00f3n! Llega el duende de los cumplea\u00f1os, a la de tres, uno\u2026.dos\u2026y\u2026.tres, todos al mismo cantamos el cumplea\u00f1os feliz, al terminar Jaime sopla las velas.<\/p>\n<p><a href=\"https:\/\/cloud.alqueria.es\/wp-content\/uploads\/sites\/9\/2012\/05\/cumple1.jpg\"><img decoding=\"async\" data-attachment-id=\"313\" data-permalink=\"https:\/\/www.alqueria.es\/blogs\/alqueriaamarillanaranja\/cumple\/\" data-orig-file=\"https:\/\/www.alqueria.es\/blogs\/alqueriaamarillanaranja\/wp-content\/uploads\/sites\/9\/2012\/05\/cumple.jpg\" data-orig-size=\"120,162\" data-comments-opened=\"1\" data-image-meta=\"{&quot;aperture&quot;:&quot;0&quot;,&quot;credit&quot;:&quot;&quot;,&quot;camera&quot;:&quot;&quot;,&quot;caption&quot;:&quot;&quot;,&quot;created_timestamp&quot;:&quot;0&quot;,&quot;copyright&quot;:&quot;&quot;,&quot;focal_length&quot;:&quot;0&quot;,&quot;iso&quot;:&quot;0&quot;,&quot;shutter_speed&quot;:&quot;0&quot;,&quot;title&quot;:&quot;&quot;}\" data-image-title=\"cumple\" data-image-description=\"\" data-image-caption=\"\" data-large-file=\"https:\/\/www.alqueria.es\/blogs\/alqueriaamarillanaranja\/wp-content\/uploads\/sites\/9\/2012\/05\/cumple.jpg\" class=\"aligncenter size-full wp-image-313\" title=\"cumple\" src=\"https:\/\/cloud.alqueria.es\/wp-content\/uploads\/sites\/9\/2012\/05\/cumple1.jpg\" alt=\"\" width=\"120\" height=\"162\" \/><\/a><\/p>\n<p>Asamblea: contamos los d\u00edas que faltan para ir de excursi\u00f3n, \u00a1nueve d\u00edas! Tenemos unos invitados a los que acogen muy cari\u00f1osamente, respetando el espacio del \u201cotro\u201d.<\/p>\n<p>Tambi\u00e9n tenemos un momento para compartir con los Azules, el cuento del \u201cThe very hungry caterpillar\u201d a cargo de la mam\u00e1 de Candela, en ingl\u00e9s, cuento que realizamos en el patio.<\/p>\n<p>&nbsp;<\/p>\n<p align=\"right\">Encarna Camus Mart\u00ednez.<\/p>\n","protected":false},"excerpt":{"rendered":"<p>\u00a1Hola! Actividad motriz: preparamos nuestro cuerpo, para ello comenzamos por las piernas, (arriba-abajo), bajamos a los pies (punta-tal\u00f3n), continuamos con el resto del cuerpo. Celebramos el cumplea\u00f1os feliz de nuestro compa\u00f1ero y amigo, Jaime. Hoy cumple tres a\u00f1os. A primera hora de la ma\u00f1ana comenzamos a preparar la fiesta. Decidimos maquillarnos, el tema central, los &hellip; <a href=\"https:\/\/www.alqueria.es\/blogs\/alqueriaamarillanaranja\/2012\/05\/09\/feliz-cumpleanos-jaime\/\" class=\"more-link\">Seguir leyendo <span class=\"screen-reader-text\">\u00a1FELIZ CUMPLEA\u00d1OS !  JAIME.<\/span> <span class=\"meta-nav\">&rarr;<\/span><\/a><\/p>\n","protected":false},"author":21,"featured_media":0,"comment_status":"open","ping_status":"open","sticky":false,"template":"","format":"standard","meta":{"jetpack_post_was_ever_published":false,"_jetpack_newsletter_access":"","_jetpack_dont_email_post_to_subs":false,"_jetpack_newsletter_tier_id":0,"_jetpack_memberships_contains_paywalled_content":false,"_jetpack_memberships_contains_paid_content":false,"footnotes":"","jetpack_publicize_message":"","jetpack_publicize_feature_enabled":true,"jetpack_social_post_already_shared":true,"jetpack_social_options":{"image_generator_settings":{"template":"highway","default_image_id":0,"font":"","enabled":false},"version":2}},"categories":[7,9],"tags":[],"class_list":["post-312","post","type-post","status-publish","format-standard","hentry","category-clase-naranja","category-diario-clase-amarilla"],"jetpack_publicize_connections":[],"jetpack_featured_media_url":"","jetpack_sharing_enabled":true,"jetpack_shortlink":"https:\/\/wp.me\/p4lG08-52","jetpack-related-posts":[],"_links":{"self":[{"href":"https:\/\/www.alqueria.es\/blogs\/alqueriaamarillanaranja\/wp-json\/wp\/v2\/posts\/312","targetHints":{"allow":["GET"]}}],"collection":[{"href":"https:\/\/www.alqueria.es\/blogs\/alqueriaamarillanaranja\/wp-json\/wp\/v2\/posts"}],"about":[{"href":"https:\/\/www.alqueria.es\/blogs\/alqueriaamarillanaranja\/wp-json\/wp\/v2\/types\/post"}],"author":[{"embeddable":true,"href":"https:\/\/www.alqueria.es\/blogs\/alqueriaamarillanaranja\/wp-json\/wp\/v2\/users\/21"}],"replies":[{"embeddable":true,"href":"https:\/\/www.alqueria.es\/blogs\/alqueriaamarillanaranja\/wp-json\/wp\/v2\/comments?post=312"}],"version-history":[{"count":0,"href":"https:\/\/www.alqueria.es\/blogs\/alqueriaamarillanaranja\/wp-json\/wp\/v2\/posts\/312\/revisions"}],"wp:attachment":[{"href":"https:\/\/www.alqueria.es\/blogs\/alqueriaamarillanaranja\/wp-json\/wp\/v2\/media?parent=312"}],"wp:term":[{"taxonomy":"category","embeddable":true,"href":"https:\/\/www.alqueria.es\/blogs\/alqueriaamarillanaranja\/wp-json\/wp\/v2\/categories?post=312"},{"taxonomy":"post_tag","embeddable":true,"href":"https:\/\/www.alqueria.es\/blogs\/alqueriaamarillanaranja\/wp-json\/wp\/v2\/tags?post=312"}],"curies":[{"name":"wp","href":"https:\/\/api.w.org\/{rel}","templated":true}]}}