{"id":31333,"date":"2018-04-22T20:07:09","date_gmt":"2018-04-22T18:07:09","guid":{"rendered":"https:\/\/www.alqueria.es\/blogs\/alqueriaamarillanaranja\/?p=31333"},"modified":"2018-04-22T20:07:09","modified_gmt":"2018-04-22T18:07:09","slug":"despedimos-a-matias","status":"publish","type":"post","link":"https:\/\/www.alqueria.es\/blogs\/alqueriaamarillanaranja\/2018\/04\/22\/despedimos-a-matias\/","title":{"rendered":"DESPEDIMOS A MAT\u00cdAS"},"content":{"rendered":"<p><span style=\"color: #000080\">Hoy nos toca despedirnos de nuestro compa\u00f1ero Mat\u00edas con mucha pena, pero\u00a0 a la vez nos alegramos de haberlo conocido y haber podido compartir con \u00e9l todos estos meses. Seguro que le va a ir muy bien en Barcelona y esperemos que no se olvide de nosotros\/as y venga a visitarnos.<\/span><\/p>\n<p><span style=\"color: #000080\">Mat\u00edas les ha tra\u00eddo un regalo a cada uno\/a y con mucha ilusi\u00f3n lo ha repartido en la Asamblea. Los compa\u00f1eros\/as le han dado las gracias con besos y abrazos.<\/span><\/p>\n<p class=\"jetpack-slideshow-noscript robots-nocontent\">El pase de diapositivas requiere JavaScript.<\/p><div id=\"gallery-31333-1-slideshow\" class=\"jetpack-slideshow-window jetpack-slideshow jetpack-slideshow-black\" data-trans=\"fade\" data-autostart=\"1\" data-gallery=\"[{&quot;src&quot;:&quot;https:\\\/\\\/cloud.alqueria.es\\\/wp-content\\\/uploads\\\/sites\\\/9\\\/2018\\\/04\\\/IMG_1083.jpg&quot;,&quot;id&quot;:&quot;31341&quot;,&quot;title&quot;:&quot;IMG_1083&quot;,&quot;alt&quot;:&quot;&quot;,&quot;caption&quot;:&quot;&quot;,&quot;itemprop&quot;:&quot;image&quot;},{&quot;src&quot;:&quot;https:\\\/\\\/cloud.alqueria.es\\\/wp-content\\\/uploads\\\/sites\\\/9\\\/2018\\\/04\\\/IMG_1084.jpg&quot;,&quot;id&quot;:&quot;31342&quot;,&quot;title&quot;:&quot;IMG_1084&quot;,&quot;alt&quot;:&quot;&quot;,&quot;caption&quot;:&quot;&quot;,&quot;itemprop&quot;:&quot;image&quot;},{&quot;src&quot;:&quot;https:\\\/\\\/cloud.alqueria.es\\\/wp-content\\\/uploads\\\/sites\\\/9\\\/2018\\\/04\\\/IMG_1085.jpg&quot;,&quot;id&quot;:&quot;31343&quot;,&quot;title&quot;:&quot;IMG_1085&quot;,&quot;alt&quot;:&quot;&quot;,&quot;caption&quot;:&quot;&quot;,&quot;itemprop&quot;:&quot;image&quot;},{&quot;src&quot;:&quot;https:\\\/\\\/cloud.alqueria.es\\\/wp-content\\\/uploads\\\/sites\\\/9\\\/2018\\\/04\\\/IMG_1086.jpg&quot;,&quot;id&quot;:&quot;31344&quot;,&quot;title&quot;:&quot;IMG_1086&quot;,&quot;alt&quot;:&quot;&quot;,&quot;caption&quot;:&quot;&quot;,&quot;itemprop&quot;:&quot;image&quot;},{&quot;src&quot;:&quot;https:\\\/\\\/cloud.alqueria.es\\\/wp-content\\\/uploads\\\/sites\\\/9\\\/2018\\\/04\\\/IMG_1087.jpg&quot;,&quot;id&quot;:&quot;31345&quot;,&quot;title&quot;:&quot;IMG_1087&quot;,&quot;alt&quot;:&quot;&quot;,&quot;caption&quot;:&quot;&quot;,&quot;itemprop&quot;:&quot;image&quot;},{&quot;src&quot;:&quot;https:\\\/\\\/cloud.alqueria.es\\\/wp-content\\\/uploads\\\/sites\\\/9\\\/2018\\\/04\\\/IMG_1088.jpg&quot;,&quot;id&quot;:&quot;31346&quot;,&quot;title&quot;:&quot;IMG_1088&quot;,&quot;alt&quot;:&quot;&quot;,&quot;caption&quot;:&quot;&quot;,&quot;itemprop&quot;:&quot;image&quot;},{&quot;src&quot;:&quot;https:\\\/\\\/cloud.alqueria.es\\\/wp-content\\\/uploads\\\/sites\\\/9\\\/2018\\\/04\\\/IMG_1089.jpg&quot;,&quot;id&quot;:&quot;31347&quot;,&quot;title&quot;:&quot;IMG_1089&quot;,&quot;alt&quot;:&quot;&quot;,&quot;caption&quot;:&quot;&quot;,&quot;itemprop&quot;:&quot;image&quot;}]\" itemscope itemtype=\"https:\/\/schema.org\/ImageGallery\"><\/div>\n<p><span style=\"color: #000080\">En seguida toca la hora de la clase de m\u00fasica con Elena en la que hoy realizan una actividad muy divertida con la pantalla digital en la que pueden ir formando figuras y jugando con las notas m\u00e1s graves y m\u00e1s agudas hasta crear cada uno\/a su propia melod\u00eda.<\/span><\/p>\n<p><div class=\"a25-CTUOC-hidding-box\" data-original-content=\"&lt;iframe loading=&quot;lazy&quot; title=&quot;VID_20180420_094706&quot; src=&quot;https:\/\/player.vimeo.com\/video\/265990858?dnt=1&amp;amp;app_id=122963&quot; width=&quot;474&quot; height=&quot;267&quot; frameborder=&quot;0&quot; allow=&quot;autoplay; fullscreen; picture-in-picture; clipboard-write&quot;&gt;&lt;\/iframe&gt;\">Esta p\u00e1gina incluye contenido multimedia que requiere aceptar todas las cookies. Pulse aqu\u00ed para abrir la configuraci\u00f3n de cookies.<\/div><\/p>\n<p><span style=\"color: #000080\">Despu\u00e9s un peque\u00f1o descanso para ir al aseo, salimos a la pista con Alberto para continuar trabajando la coordinaci\u00f3n, las percepci\u00f3n espacial, seguir los roles en los juegos que nos plantea y peque\u00f1as normas de juego&#8230;. Se lo pasan muy bien.<\/span><\/p>\n<p><span style=\"color: #000080\"><img decoding=\"async\" data-attachment-id=\"31349\" data-permalink=\"https:\/\/www.alqueria.es\/blogs\/alqueriaamarillanaranja\/2018\/04\/22\/despedimos-a-matias\/img_20180420_152141\/\" data-orig-file=\"https:\/\/cloud.alqueria.es\/wp-content\/uploads\/sites\/9\/2018\/04\/IMG_20180420_152141.jpg\" data-orig-size=\"448,336\" data-comments-opened=\"1\" data-image-meta=\"{&quot;aperture&quot;:&quot;2.2&quot;,&quot;credit&quot;:&quot;&quot;,&quot;camera&quot;:&quot;Redmi 4A&quot;,&quot;caption&quot;:&quot;&quot;,&quot;created_timestamp&quot;:&quot;1524237701&quot;,&quot;copyright&quot;:&quot;&quot;,&quot;focal_length&quot;:&quot;3.81&quot;,&quot;iso&quot;:&quot;100&quot;,&quot;shutter_speed&quot;:&quot;0.0025380710659898&quot;,&quot;title&quot;:&quot;&quot;,&quot;orientation&quot;:&quot;0&quot;}\" data-image-title=\"IMG_20180420_152141\" data-image-description=\"\" data-image-caption=\"\" data-large-file=\"https:\/\/cloud.alqueria.es\/wp-content\/uploads\/sites\/9\/2018\/04\/IMG_20180420_152141.jpg\" class=\"alignleft size-medium wp-image-31349\" src=\"https:\/\/cloud.alqueria.es\/wp-content\/uploads\/sites\/9\/2018\/04\/IMG_20180420_152141.jpg\" alt=\"\" width=\"300\" height=\"225\" srcset=\"https:\/\/cloud.alqueria.es\/wp-content\/uploads\/sites\/9\/2018\/04\/IMG_20180420_152141.jpg 448w, https:\/\/cloud.alqueria.es\/wp-content\/uploads\/sites\/9\/2018\/04\/IMG_20180420_152141.jpg 300w\" sizes=\"(max-width: 300px) 100vw, 300px\" \/>Por la tarde, tenemos todo el ciclo TARDE COOPERATIVA, en la que hacemos recuento las tres clases del dinero de nuestro vivero para repartirlo a partes iguales y poder comprar cuentos la semana pr\u00f3xima en la feria del libro. Tambi\u00e9n disfrutamos del jard\u00edn que est\u00e1 precioso y merendamos fuera ya que la tarde nos lo permite.<img decoding=\"async\" data-attachment-id=\"31350\" data-permalink=\"https:\/\/www.alqueria.es\/blogs\/alqueriaamarillanaranja\/2018\/04\/22\/despedimos-a-matias\/img_20180420_154252\/\" data-orig-file=\"https:\/\/cloud.alqueria.es\/wp-content\/uploads\/sites\/9\/2018\/04\/IMG_20180420_154252.jpg\" data-orig-size=\"448,336\" data-comments-opened=\"1\" data-image-meta=\"{&quot;aperture&quot;:&quot;2.2&quot;,&quot;credit&quot;:&quot;&quot;,&quot;camera&quot;:&quot;Redmi 4A&quot;,&quot;caption&quot;:&quot;&quot;,&quot;created_timestamp&quot;:&quot;1524238972&quot;,&quot;copyright&quot;:&quot;&quot;,&quot;focal_length&quot;:&quot;3.81&quot;,&quot;iso&quot;:&quot;100&quot;,&quot;shutter_speed&quot;:&quot;0.0031152647975078&quot;,&quot;title&quot;:&quot;&quot;,&quot;orientation&quot;:&quot;0&quot;}\" data-image-title=\"IMG_20180420_154252\" data-image-description=\"\" data-image-caption=\"\" data-large-file=\"https:\/\/cloud.alqueria.es\/wp-content\/uploads\/sites\/9\/2018\/04\/IMG_20180420_154252.jpg\" class=\"alignright size-thumbnail wp-image-31350\" src=\"https:\/\/cloud.alqueria.es\/wp-content\/uploads\/sites\/9\/2018\/04\/IMG_20180420_154252.jpg\" alt=\"\" width=\"150\" height=\"150\" \/><\/span><\/p>\n<p><span style=\"color: #000080\">Ma\u00f1ana lunes comenzamos nuestra Semana de la Lectura con un mont\u00f3n de actividades y celebrando el d\u00eda del libro.<\/span><\/p>\n<p>&nbsp;<\/p>\n<p>INTERESANTE ART\u00cdCULO:<\/p>\n<p><a href=\"https:\/\/m.eldiario.es\/catalunya\/educacion\/David-Bueno-aprobacion-maestro-gratificante_0_377962930.html\">https:\/\/m.eldiario.es\/catalunya\/educacion\/David-Bueno-aprobacion-maestro-gratificante_0_377962930.html<\/a><\/p>\n<p>Carmen<\/p>\n<p>&nbsp;<\/p>\n","protected":false},"excerpt":{"rendered":"<p>Hoy nos toca despedirnos de nuestro compa\u00f1ero Mat\u00edas con mucha pena, pero\u00a0 a la vez nos alegramos de haberlo conocido y haber podido compartir con \u00e9l todos estos meses. Seguro que le va a ir muy bien en Barcelona y esperemos que no se olvide de nosotros\/as y venga a visitarnos. Mat\u00edas les ha tra\u00eddo &hellip; <a href=\"https:\/\/www.alqueria.es\/blogs\/alqueriaamarillanaranja\/2018\/04\/22\/despedimos-a-matias\/\" class=\"more-link\">Seguir leyendo <span class=\"screen-reader-text\">DESPEDIMOS A MAT\u00cdAS<\/span> <span class=\"meta-nav\">&rarr;<\/span><\/a><\/p>\n","protected":false},"author":23,"featured_media":0,"comment_status":"open","ping_status":"open","sticky":false,"template":"","format":"standard","meta":{"jetpack_post_was_ever_published":false,"_jetpack_newsletter_access":"","_jetpack_dont_email_post_to_subs":false,"_jetpack_newsletter_tier_id":0,"_jetpack_memberships_contains_paywalled_content":false,"_jetpack_memberships_contains_paid_content":false,"footnotes":"","jetpack_publicize_message":"","jetpack_publicize_feature_enabled":true,"jetpack_social_post_already_shared":true,"jetpack_social_options":{"image_generator_settings":{"template":"highway","default_image_id":0,"font":"","enabled":false},"version":2}},"categories":[7,8],"tags":[453,526],"class_list":["post-31333","post","type-post","status-publish","format-standard","hentry","category-clase-naranja","category-diario","tag-actividad-musical","tag-pdi-musica"],"jetpack_publicize_connections":[],"jetpack_featured_media_url":"","jetpack_sharing_enabled":true,"jetpack_shortlink":"https:\/\/wp.me\/p4lG08-89n","jetpack-related-posts":[],"_links":{"self":[{"href":"https:\/\/www.alqueria.es\/blogs\/alqueriaamarillanaranja\/wp-json\/wp\/v2\/posts\/31333","targetHints":{"allow":["GET"]}}],"collection":[{"href":"https:\/\/www.alqueria.es\/blogs\/alqueriaamarillanaranja\/wp-json\/wp\/v2\/posts"}],"about":[{"href":"https:\/\/www.alqueria.es\/blogs\/alqueriaamarillanaranja\/wp-json\/wp\/v2\/types\/post"}],"author":[{"embeddable":true,"href":"https:\/\/www.alqueria.es\/blogs\/alqueriaamarillanaranja\/wp-json\/wp\/v2\/users\/23"}],"replies":[{"embeddable":true,"href":"https:\/\/www.alqueria.es\/blogs\/alqueriaamarillanaranja\/wp-json\/wp\/v2\/comments?post=31333"}],"version-history":[{"count":0,"href":"https:\/\/www.alqueria.es\/blogs\/alqueriaamarillanaranja\/wp-json\/wp\/v2\/posts\/31333\/revisions"}],"wp:attachment":[{"href":"https:\/\/www.alqueria.es\/blogs\/alqueriaamarillanaranja\/wp-json\/wp\/v2\/media?parent=31333"}],"wp:term":[{"taxonomy":"category","embeddable":true,"href":"https:\/\/www.alqueria.es\/blogs\/alqueriaamarillanaranja\/wp-json\/wp\/v2\/categories?post=31333"},{"taxonomy":"post_tag","embeddable":true,"href":"https:\/\/www.alqueria.es\/blogs\/alqueriaamarillanaranja\/wp-json\/wp\/v2\/tags?post=31333"}],"curies":[{"name":"wp","href":"https:\/\/api.w.org\/{rel}","templated":true}]}}