{"id":31485,"date":"2018-04-25T23:18:22","date_gmt":"2018-04-25T21:18:22","guid":{"rendered":"https:\/\/www.alqueria.es\/blogs\/alqueriaamarillanaranja\/?p=31485"},"modified":"2018-04-25T23:18:22","modified_gmt":"2018-04-25T21:18:22","slug":"cuento-multimedia-y-en-braille","status":"publish","type":"post","link":"https:\/\/www.alqueria.es\/blogs\/alqueriaamarillanaranja\/2018\/04\/25\/cuento-multimedia-y-en-braille\/","title":{"rendered":"CUENTO MULTIMEDIA Y EN BRAILLE"},"content":{"rendered":"<p>\u00a1\u00a1QU\u00c9 BIEN LO ESTAMOS PASANDO ESTA SEMANA!!<\/p>\n<p><img decoding=\"async\" data-attachment-id=\"31490\" data-permalink=\"https:\/\/www.alqueria.es\/blogs\/alqueriaamarillanaranja\/2018\/04\/25\/cuento-multimedia-y-en-braille\/img_1123\/\" data-orig-file=\"https:\/\/cloud.alqueria.es\/wp-content\/uploads\/sites\/9\/2018\/04\/IMG_1123.jpg\" data-orig-size=\"480,640\" data-comments-opened=\"1\" data-image-meta=\"{&quot;aperture&quot;:&quot;2.8&quot;,&quot;credit&quot;:&quot;&quot;,&quot;camera&quot;:&quot;Canon DIGITAL IXUS 80 IS&quot;,&quot;caption&quot;:&quot;&quot;,&quot;created_timestamp&quot;:&quot;1524647486&quot;,&quot;copyright&quot;:&quot;&quot;,&quot;focal_length&quot;:&quot;6.2&quot;,&quot;iso&quot;:&quot;250&quot;,&quot;shutter_speed&quot;:&quot;0.016666666666667&quot;,&quot;title&quot;:&quot;&quot;,&quot;orientation&quot;:&quot;1&quot;}\" data-image-title=\"IMG_1123\" data-image-description=\"\" data-image-caption=\"\" data-large-file=\"https:\/\/cloud.alqueria.es\/wp-content\/uploads\/sites\/9\/2018\/04\/IMG_1123.jpg\" class=\"alignleft size-thumbnail wp-image-31490\" src=\"https:\/\/cloud.alqueria.es\/wp-content\/uploads\/sites\/9\/2018\/04\/IMG_1123.jpg\" alt=\"\" width=\"150\" height=\"150\" \/>Hoy disfrutamos desde primera hora con un<span style=\"color: #ff00ff\"> cuento multimedia<\/span> propuesto por Arturo (padre de Arturo). El cuento ya era conocido por ellos\/as <span style=\"color: #ff00ff\">\u00abOrejas de mariposa\u00bb<\/span>, pero les ha gustado mucho ya que el cuento proyectado en la pizarra digital lo iba contando una ni\u00f1a de la misma edad que ellos\/as y les hac\u00eda mucha gracia.<\/p>\n<p>Despu\u00e9s de la visualizaci\u00f3n del cuento Arturo les hace algunas preguntas acerca de la historia de Mara, una chica diferente en cuanto a su aspecto, de la que se r\u00eden los dem\u00e1s. Desde el nivel de comprensi\u00f3n que tienen los naranjitas hemos llegado a la conclusi\u00f3n que no hay que re\u00edrse de los dem\u00e1s por ser diferentes f\u00edsicamente y que hay que respetarnos.\u00a0 Aqu\u00ed os dejo el cuento para que lo disfrut\u00e9is con ellos\/as:<\/p>\n<p><div class=\"a25-CTUOC-hidding-box\" data-original-content=\"&lt;iframe loading=&quot;lazy&quot; title=&quot;V\u00eddeo&quot; src=&quot;https:\/\/player.vimeo.com\/video\/266575130?dnt=1&amp;amp;app_id=122963&quot; width=&quot;474&quot; height=&quot;269&quot; frameborder=&quot;0&quot; allow=&quot;autoplay; fullscreen; picture-in-picture; clipboard-write&quot;&gt;&lt;\/iframe&gt;\">Esta p\u00e1gina incluye contenido multimedia que requiere aceptar todas las cookies. Pulse aqu\u00ed para abrir la configuraci\u00f3n de cookies.<\/div><\/p>\n<p style=\"text-align: center\">\u00a1\u00a1MUCHAS GRACIAS ARTURO POR TU PARTICIPACI\u00d3N!!<\/p>\n<p><img decoding=\"async\" data-attachment-id=\"31494\" data-permalink=\"https:\/\/www.alqueria.es\/blogs\/alqueriaamarillanaranja\/2018\/04\/25\/cuento-multimedia-y-en-braille\/img_1128\/\" data-orig-file=\"https:\/\/cloud.alqueria.es\/wp-content\/uploads\/sites\/9\/2018\/04\/IMG_1128.jpg\" data-orig-size=\"640,480\" data-comments-opened=\"1\" data-image-meta=\"{&quot;aperture&quot;:&quot;2.8&quot;,&quot;credit&quot;:&quot;&quot;,&quot;camera&quot;:&quot;Canon DIGITAL IXUS 80 IS&quot;,&quot;caption&quot;:&quot;&quot;,&quot;created_timestamp&quot;:&quot;1524650931&quot;,&quot;copyright&quot;:&quot;&quot;,&quot;focal_length&quot;:&quot;6.2&quot;,&quot;iso&quot;:&quot;400&quot;,&quot;shutter_speed&quot;:&quot;0.008&quot;,&quot;title&quot;:&quot;&quot;,&quot;orientation&quot;:&quot;1&quot;}\" data-image-title=\"IMG_1128\" data-image-description=\"\" data-image-caption=\"\" data-large-file=\"https:\/\/cloud.alqueria.es\/wp-content\/uploads\/sites\/9\/2018\/04\/IMG_1128.jpg\" class=\"alignleft size-thumbnail wp-image-31494\" src=\"https:\/\/cloud.alqueria.es\/wp-content\/uploads\/sites\/9\/2018\/04\/IMG_1128.jpg\" alt=\"\" width=\"150\" height=\"150\" \/>Tambi\u00e9n disfrutamos de un cuento <span style=\"color: #ff00ff\">\u00abCaen las Hojas\u00bb<\/span> le\u00eddo por Roc\u00edo S\u00e1nchez una invidente amiga de Natalia (madre de Leo de la clase roja) que nos ha explicado el <span style=\"color: #ff00ff\">sistema Braille<\/span> a trav\u00e9s del cual leen las personas que no ven. Han estado muy atentos a la historia y muy observadores de c\u00f3mo ella iba tocando con su mano los puntos que representan cada letra y leyendo el cuento, parece incre\u00edble.<\/p>\n<div class=\"tiled-gallery type-rectangular tiled-gallery-unresized\" data-original-width=\"474\" data-carousel-extra='{&quot;blog_id&quot;:9,&quot;permalink&quot;:&quot;https:\\\/\\\/www.alqueria.es\\\/blogs\\\/alqueriaamarillanaranja\\\/2018\\\/04\\\/25\\\/cuento-multimedia-y-en-braille\\\/&quot;,&quot;likes_blog_id&quot;:64271688}' itemscope itemtype=\"http:\/\/schema.org\/ImageGallery\" > <div class=\"gallery-row\" style=\"width: 474px; height: 143px;\" data-original-width=\"474\" data-original-height=\"143\" > <div class=\"gallery-group images-2\" style=\"width: 94px; height: 143px;\" data-original-width=\"94\" data-original-height=\"143\" > <div class=\"tiled-gallery-item tiled-gallery-item-small\" itemprop=\"associatedMedia\" itemscope itemtype=\"http:\/\/schema.org\/ImageObject\"> <a href=\"https:\/\/www.alqueria.es\/blogs\/alqueriaamarillanaranja\/2018\/04\/25\/cuento-multimedia-y-en-braille\/img_1127\/\" border=\"0\" itemprop=\"url\"> <meta itemprop=\"width\" content=\"90\"> <meta itemprop=\"height\" content=\"68\"> <img decoding=\"async\" class=\"\" data-attachment-id=\"31493\" data-orig-file=\"https:\/\/cloud.alqueria.es\/wp-content\/uploads\/sites\/9\/2018\/04\/IMG_1127.jpg\" data-orig-size=\"640,480\" data-comments-opened=\"1\" data-image-meta=\"{&quot;aperture&quot;:&quot;2.8&quot;,&quot;credit&quot;:&quot;&quot;,&quot;camera&quot;:&quot;Canon DIGITAL IXUS 80 IS&quot;,&quot;caption&quot;:&quot;&quot;,&quot;created_timestamp&quot;:&quot;1524650871&quot;,&quot;copyright&quot;:&quot;&quot;,&quot;focal_length&quot;:&quot;6.2&quot;,&quot;iso&quot;:&quot;400&quot;,&quot;shutter_speed&quot;:&quot;0.01&quot;,&quot;title&quot;:&quot;&quot;,&quot;orientation&quot;:&quot;1&quot;}\" data-image-title=\"IMG_1127\" data-image-description=\"\" data-medium-file=\"https:\/\/cloud.alqueria.es\/wp-content\/uploads\/sites\/9\/2018\/04\/IMG_1127-300x225.jpg\" data-large-file=\"https:\/\/cloud.alqueria.es\/wp-content\/uploads\/sites\/9\/2018\/04\/IMG_1127.jpg\" src=\"https:\/\/i0.wp.com\/cloud.alqueria.es\/wp-content\/uploads\/sites\/9\/2018\/04\/IMG_1127.jpg?w=90&#038;h=68&#038;ssl=1\" srcset=\"https:\/\/cloud.alqueria.es\/wp-content\/uploads\/sites\/9\/2018\/04\/IMG_1127.jpg 640w, https:\/\/cloud.alqueria.es\/wp-content\/uploads\/sites\/9\/2018\/04\/IMG_1127.jpg 300w\" width=\"90\" height=\"68\" loading=\"lazy\" data-original-width=\"90\" data-original-height=\"68\" itemprop=\"http:\/\/schema.org\/image\" title=\"IMG_1127\" alt=\"IMG_1127\" style=\"width: 90px; height: 68px;\" \/> <\/a> <\/div> <div class=\"tiled-gallery-item tiled-gallery-item-small\" itemprop=\"associatedMedia\" itemscope itemtype=\"http:\/\/schema.org\/ImageObject\"> <a href=\"https:\/\/www.alqueria.es\/blogs\/alqueriaamarillanaranja\/2018\/04\/25\/cuento-multimedia-y-en-braille\/img_1125\/\" border=\"0\" itemprop=\"url\"> <meta itemprop=\"width\" content=\"90\"> <meta itemprop=\"height\" content=\"67\"> <img decoding=\"async\" class=\"\" data-attachment-id=\"31492\" data-orig-file=\"https:\/\/cloud.alqueria.es\/wp-content\/uploads\/sites\/9\/2018\/04\/IMG_1125.jpg\" data-orig-size=\"640,480\" data-comments-opened=\"1\" data-image-meta=\"{&quot;aperture&quot;:&quot;2.8&quot;,&quot;credit&quot;:&quot;&quot;,&quot;camera&quot;:&quot;Canon DIGITAL IXUS 80 IS&quot;,&quot;caption&quot;:&quot;&quot;,&quot;created_timestamp&quot;:&quot;1524650760&quot;,&quot;copyright&quot;:&quot;&quot;,&quot;focal_length&quot;:&quot;6.2&quot;,&quot;iso&quot;:&quot;250&quot;,&quot;shutter_speed&quot;:&quot;0.016666666666667&quot;,&quot;title&quot;:&quot;&quot;,&quot;orientation&quot;:&quot;1&quot;}\" data-image-title=\"IMG_1125\" data-image-description=\"\" data-medium-file=\"https:\/\/cloud.alqueria.es\/wp-content\/uploads\/sites\/9\/2018\/04\/IMG_1125-300x225.jpg\" data-large-file=\"https:\/\/cloud.alqueria.es\/wp-content\/uploads\/sites\/9\/2018\/04\/IMG_1125.jpg\" src=\"https:\/\/i0.wp.com\/cloud.alqueria.es\/wp-content\/uploads\/sites\/9\/2018\/04\/IMG_1125.jpg?w=90&#038;h=67&#038;ssl=1\" srcset=\"https:\/\/cloud.alqueria.es\/wp-content\/uploads\/sites\/9\/2018\/04\/IMG_1125.jpg 640w, https:\/\/cloud.alqueria.es\/wp-content\/uploads\/sites\/9\/2018\/04\/IMG_1125.jpg 300w\" width=\"90\" height=\"67\" loading=\"lazy\" data-original-width=\"90\" data-original-height=\"67\" itemprop=\"http:\/\/schema.org\/image\" title=\"IMG_1125\" alt=\"IMG_1125\" style=\"width: 90px; height: 67px;\" \/> <\/a> <\/div> <\/div> <!-- close group --> <div class=\"gallery-group images-1\" style=\"width: 190px; height: 143px;\" data-original-width=\"190\" data-original-height=\"143\" > <div class=\"tiled-gallery-item tiled-gallery-item-small\" itemprop=\"associatedMedia\" itemscope itemtype=\"http:\/\/schema.org\/ImageObject\"> <a href=\"https:\/\/www.alqueria.es\/blogs\/alqueriaamarillanaranja\/2018\/04\/25\/cuento-multimedia-y-en-braille\/img_1129\/\" border=\"0\" itemprop=\"url\"> <meta itemprop=\"width\" content=\"186\"> <meta itemprop=\"height\" content=\"139\"> <img decoding=\"async\" class=\"\" data-attachment-id=\"31495\" data-orig-file=\"https:\/\/cloud.alqueria.es\/wp-content\/uploads\/sites\/9\/2018\/04\/IMG_1129.jpg\" data-orig-size=\"640,480\" data-comments-opened=\"1\" data-image-meta=\"{&quot;aperture&quot;:&quot;2.8&quot;,&quot;credit&quot;:&quot;&quot;,&quot;camera&quot;:&quot;Canon DIGITAL IXUS 80 IS&quot;,&quot;caption&quot;:&quot;&quot;,&quot;created_timestamp&quot;:&quot;1524651064&quot;,&quot;copyright&quot;:&quot;&quot;,&quot;focal_length&quot;:&quot;6.2&quot;,&quot;iso&quot;:&quot;400&quot;,&quot;shutter_speed&quot;:&quot;0.0125&quot;,&quot;title&quot;:&quot;&quot;,&quot;orientation&quot;:&quot;1&quot;}\" data-image-title=\"IMG_1129\" data-image-description=\"\" data-medium-file=\"https:\/\/cloud.alqueria.es\/wp-content\/uploads\/sites\/9\/2018\/04\/IMG_1129-300x225.jpg\" data-large-file=\"https:\/\/cloud.alqueria.es\/wp-content\/uploads\/sites\/9\/2018\/04\/IMG_1129.jpg\" src=\"https:\/\/i0.wp.com\/cloud.alqueria.es\/wp-content\/uploads\/sites\/9\/2018\/04\/IMG_1129.jpg?w=186&#038;h=139&#038;ssl=1\" srcset=\"https:\/\/cloud.alqueria.es\/wp-content\/uploads\/sites\/9\/2018\/04\/IMG_1129.jpg 640w, https:\/\/cloud.alqueria.es\/wp-content\/uploads\/sites\/9\/2018\/04\/IMG_1129.jpg 300w\" width=\"186\" height=\"139\" loading=\"lazy\" data-original-width=\"186\" data-original-height=\"139\" itemprop=\"http:\/\/schema.org\/image\" title=\"IMG_1129\" alt=\"IMG_1129\" style=\"width: 186px; height: 139px;\" \/> <\/a> <\/div> <\/div> <!-- close group --> <div class=\"gallery-group images-1\" style=\"width: 190px; height: 143px;\" data-original-width=\"190\" data-original-height=\"143\" > <div class=\"tiled-gallery-item tiled-gallery-item-small\" itemprop=\"associatedMedia\" itemscope itemtype=\"http:\/\/schema.org\/ImageObject\"> <a href=\"https:\/\/www.alqueria.es\/blogs\/alqueriaamarillanaranja\/2018\/04\/25\/cuento-multimedia-y-en-braille\/img_1130\/\" border=\"0\" itemprop=\"url\"> <meta itemprop=\"width\" content=\"186\"> <meta itemprop=\"height\" content=\"139\"> <img decoding=\"async\" class=\"\" data-attachment-id=\"31496\" data-orig-file=\"https:\/\/cloud.alqueria.es\/wp-content\/uploads\/sites\/9\/2018\/04\/IMG_1130.jpg\" data-orig-size=\"640,480\" data-comments-opened=\"1\" data-image-meta=\"{&quot;aperture&quot;:&quot;2.8&quot;,&quot;credit&quot;:&quot;&quot;,&quot;camera&quot;:&quot;Canon DIGITAL IXUS 80 IS&quot;,&quot;caption&quot;:&quot;&quot;,&quot;created_timestamp&quot;:&quot;1524651169&quot;,&quot;copyright&quot;:&quot;&quot;,&quot;focal_length&quot;:&quot;6.2&quot;,&quot;iso&quot;:&quot;400&quot;,&quot;shutter_speed&quot;:&quot;0.0125&quot;,&quot;title&quot;:&quot;&quot;,&quot;orientation&quot;:&quot;1&quot;}\" data-image-title=\"IMG_1130\" data-image-description=\"\" data-medium-file=\"https:\/\/cloud.alqueria.es\/wp-content\/uploads\/sites\/9\/2018\/04\/IMG_1130-300x225.jpg\" data-large-file=\"https:\/\/cloud.alqueria.es\/wp-content\/uploads\/sites\/9\/2018\/04\/IMG_1130.jpg\" src=\"https:\/\/i0.wp.com\/cloud.alqueria.es\/wp-content\/uploads\/sites\/9\/2018\/04\/IMG_1130.jpg?w=186&#038;h=139&#038;ssl=1\" srcset=\"https:\/\/cloud.alqueria.es\/wp-content\/uploads\/sites\/9\/2018\/04\/IMG_1130.jpg 640w, https:\/\/cloud.alqueria.es\/wp-content\/uploads\/sites\/9\/2018\/04\/IMG_1130.jpg 300w\" width=\"186\" height=\"139\" loading=\"lazy\" data-original-width=\"186\" data-original-height=\"139\" itemprop=\"http:\/\/schema.org\/image\" title=\"IMG_1130\" alt=\"IMG_1130\" style=\"width: 186px; height: 139px;\" \/> <\/a> <\/div> <\/div> <!-- close group --> <\/div> <!-- close row --> <\/div>\n<p>Roc\u00edo nos cuenta tambi\u00e9n c\u00f3mo se utiliza el bast\u00f3n ( que parece un bast\u00f3n m\u00e1gico porque es plegable y se abre s\u00faper r\u00e1pido) para caminar y no tropezar con los obst\u00e1culos que se puede encontrar en su vida diaria. Natalia le pone obst\u00e1culos para demostrar a los ni\u00f1os c\u00f3mo se utiliza y despu\u00e9s hemos podido probar todos\/as c\u00f3mo se usa y la sensaci\u00f3n de no poder ver lo que nos rodea. Algunos\/as no se han atrevido a cerrar los ojos.<\/p>\n<p class=\"jetpack-slideshow-noscript robots-nocontent\">El pase de diapositivas requiere JavaScript.<\/p><div id=\"gallery-31485-1-slideshow\" class=\"jetpack-slideshow-window jetpack-slideshow jetpack-slideshow-black\" data-trans=\"fade\" data-autostart=\"1\" data-gallery=\"[{&quot;src&quot;:&quot;https:\\\/\\\/cloud.alqueria.es\\\/wp-content\\\/uploads\\\/sites\\\/9\\\/2018\\\/04\\\/IMG_1144.jpg&quot;,&quot;id&quot;:&quot;31505&quot;,&quot;title&quot;:&quot;IMG_1144&quot;,&quot;alt&quot;:&quot;&quot;,&quot;caption&quot;:&quot;&quot;,&quot;itemprop&quot;:&quot;image&quot;},{&quot;src&quot;:&quot;https:\\\/\\\/cloud.alqueria.es\\\/wp-content\\\/uploads\\\/sites\\\/9\\\/2018\\\/04\\\/IMG_1142.jpg&quot;,&quot;id&quot;:&quot;31504&quot;,&quot;title&quot;:&quot;IMG_1142&quot;,&quot;alt&quot;:&quot;&quot;,&quot;caption&quot;:&quot;&quot;,&quot;itemprop&quot;:&quot;image&quot;},{&quot;src&quot;:&quot;https:\\\/\\\/cloud.alqueria.es\\\/wp-content\\\/uploads\\\/sites\\\/9\\\/2018\\\/04\\\/IMG_1141.jpg&quot;,&quot;id&quot;:&quot;31503&quot;,&quot;title&quot;:&quot;IMG_1141&quot;,&quot;alt&quot;:&quot;&quot;,&quot;caption&quot;:&quot;&quot;,&quot;itemprop&quot;:&quot;image&quot;},{&quot;src&quot;:&quot;https:\\\/\\\/cloud.alqueria.es\\\/wp-content\\\/uploads\\\/sites\\\/9\\\/2018\\\/04\\\/IMG_1140.jpg&quot;,&quot;id&quot;:&quot;31502&quot;,&quot;title&quot;:&quot;IMG_1140&quot;,&quot;alt&quot;:&quot;&quot;,&quot;caption&quot;:&quot;&quot;,&quot;itemprop&quot;:&quot;image&quot;},{&quot;src&quot;:&quot;https:\\\/\\\/cloud.alqueria.es\\\/wp-content\\\/uploads\\\/sites\\\/9\\\/2018\\\/04\\\/IMG_1138.jpg&quot;,&quot;id&quot;:&quot;31501&quot;,&quot;title&quot;:&quot;IMG_1138&quot;,&quot;alt&quot;:&quot;&quot;,&quot;caption&quot;:&quot;&quot;,&quot;itemprop&quot;:&quot;image&quot;},{&quot;src&quot;:&quot;https:\\\/\\\/cloud.alqueria.es\\\/wp-content\\\/uploads\\\/sites\\\/9\\\/2018\\\/04\\\/IMG_1137.jpg&quot;,&quot;id&quot;:&quot;31500&quot;,&quot;title&quot;:&quot;IMG_1137&quot;,&quot;alt&quot;:&quot;&quot;,&quot;caption&quot;:&quot;&quot;,&quot;itemprop&quot;:&quot;image&quot;},{&quot;src&quot;:&quot;https:\\\/\\\/cloud.alqueria.es\\\/wp-content\\\/uploads\\\/sites\\\/9\\\/2018\\\/04\\\/IMG_1134.jpg&quot;,&quot;id&quot;:&quot;31499&quot;,&quot;title&quot;:&quot;IMG_1134&quot;,&quot;alt&quot;:&quot;&quot;,&quot;caption&quot;:&quot;&quot;,&quot;itemprop&quot;:&quot;image&quot;},{&quot;src&quot;:&quot;https:\\\/\\\/cloud.alqueria.es\\\/wp-content\\\/uploads\\\/sites\\\/9\\\/2018\\\/04\\\/IMG_1132.jpg&quot;,&quot;id&quot;:&quot;31498&quot;,&quot;title&quot;:&quot;IMG_1132&quot;,&quot;alt&quot;:&quot;&quot;,&quot;caption&quot;:&quot;&quot;,&quot;itemprop&quot;:&quot;image&quot;},{&quot;src&quot;:&quot;https:\\\/\\\/cloud.alqueria.es\\\/wp-content\\\/uploads\\\/sites\\\/9\\\/2018\\\/04\\\/IMG_1131.jpg&quot;,&quot;id&quot;:&quot;31497&quot;,&quot;title&quot;:&quot;IMG_1131&quot;,&quot;alt&quot;:&quot;&quot;,&quot;caption&quot;:&quot;&quot;,&quot;itemprop&quot;:&quot;image&quot;}]\" itemscope itemtype=\"https:\/\/schema.org\/ImageGallery\"><\/div>\n<p>Despu\u00e9s con la colaboraci\u00f3n de Natalia nos han preparado nuestros nombres y por la parte de atr\u00e1s traducidos al Braille, por lo que al puntearlo con el l\u00e1piz y darle la vuelta, tenemos nuestro nombre escrito en este sistema tan interesante.<\/p>\n<div class=\"tiled-gallery type-rectangular tiled-gallery-unresized\" data-original-width=\"474\" data-carousel-extra='{&quot;blog_id&quot;:9,&quot;permalink&quot;:&quot;https:\\\/\\\/www.alqueria.es\\\/blogs\\\/alqueriaamarillanaranja\\\/2018\\\/04\\\/25\\\/cuento-multimedia-y-en-braille\\\/&quot;,&quot;likes_blog_id&quot;:64271688}' itemscope itemtype=\"http:\/\/schema.org\/ImageGallery\" > <div class=\"gallery-row\" style=\"width: 474px; height: 179px;\" data-original-width=\"474\" data-original-height=\"179\" > <div class=\"gallery-group images-1\" style=\"width: 237px; height: 179px;\" data-original-width=\"237\" data-original-height=\"179\" > <div class=\"tiled-gallery-item tiled-gallery-item-small\" itemprop=\"associatedMedia\" itemscope itemtype=\"http:\/\/schema.org\/ImageObject\"> <a href=\"https:\/\/www.alqueria.es\/blogs\/alqueriaamarillanaranja\/2018\/04\/25\/cuento-multimedia-y-en-braille\/img_1145\/\" border=\"0\" itemprop=\"url\"> <meta itemprop=\"width\" content=\"233\"> <meta itemprop=\"height\" content=\"175\"> <img decoding=\"async\" class=\"\" data-attachment-id=\"31506\" data-orig-file=\"https:\/\/cloud.alqueria.es\/wp-content\/uploads\/sites\/9\/2018\/04\/IMG_1145.jpg\" data-orig-size=\"640,480\" data-comments-opened=\"1\" data-image-meta=\"{&quot;aperture&quot;:&quot;2.8&quot;,&quot;credit&quot;:&quot;&quot;,&quot;camera&quot;:&quot;Canon DIGITAL IXUS 80 IS&quot;,&quot;caption&quot;:&quot;&quot;,&quot;created_timestamp&quot;:&quot;1524652348&quot;,&quot;copyright&quot;:&quot;&quot;,&quot;focal_length&quot;:&quot;6.2&quot;,&quot;iso&quot;:&quot;400&quot;,&quot;shutter_speed&quot;:&quot;0.00625&quot;,&quot;title&quot;:&quot;&quot;,&quot;orientation&quot;:&quot;1&quot;}\" data-image-title=\"IMG_1145\" data-image-description=\"\" data-medium-file=\"https:\/\/cloud.alqueria.es\/wp-content\/uploads\/sites\/9\/2018\/04\/IMG_1145-300x225.jpg\" data-large-file=\"https:\/\/cloud.alqueria.es\/wp-content\/uploads\/sites\/9\/2018\/04\/IMG_1145.jpg\" src=\"https:\/\/i0.wp.com\/cloud.alqueria.es\/wp-content\/uploads\/sites\/9\/2018\/04\/IMG_1145.jpg?w=233&#038;h=175&#038;ssl=1\" srcset=\"https:\/\/cloud.alqueria.es\/wp-content\/uploads\/sites\/9\/2018\/04\/IMG_1145.jpg 640w, https:\/\/cloud.alqueria.es\/wp-content\/uploads\/sites\/9\/2018\/04\/IMG_1145.jpg 300w\" width=\"233\" height=\"175\" loading=\"lazy\" data-original-width=\"233\" data-original-height=\"175\" itemprop=\"http:\/\/schema.org\/image\" title=\"IMG_1145\" alt=\"IMG_1145\" style=\"width: 233px; height: 175px;\" \/> <\/a> <\/div> <\/div> <!-- close group --> <div class=\"gallery-group images-1\" style=\"width: 237px; height: 179px;\" data-original-width=\"237\" data-original-height=\"179\" > <div class=\"tiled-gallery-item tiled-gallery-item-small\" itemprop=\"associatedMedia\" itemscope itemtype=\"http:\/\/schema.org\/ImageObject\"> <a href=\"https:\/\/www.alqueria.es\/blogs\/alqueriaamarillanaranja\/2018\/04\/25\/cuento-multimedia-y-en-braille\/img_1146\/\" border=\"0\" itemprop=\"url\"> <meta itemprop=\"width\" content=\"233\"> <meta itemprop=\"height\" content=\"175\"> <img decoding=\"async\" class=\"\" data-attachment-id=\"31507\" data-orig-file=\"https:\/\/cloud.alqueria.es\/wp-content\/uploads\/sites\/9\/2018\/04\/IMG_1146.jpg\" data-orig-size=\"640,480\" data-comments-opened=\"1\" data-image-meta=\"{&quot;aperture&quot;:&quot;2.8&quot;,&quot;credit&quot;:&quot;&quot;,&quot;camera&quot;:&quot;Canon DIGITAL IXUS 80 IS&quot;,&quot;caption&quot;:&quot;&quot;,&quot;created_timestamp&quot;:&quot;1524652359&quot;,&quot;copyright&quot;:&quot;&quot;,&quot;focal_length&quot;:&quot;6.2&quot;,&quot;iso&quot;:&quot;400&quot;,&quot;shutter_speed&quot;:&quot;0.008&quot;,&quot;title&quot;:&quot;&quot;,&quot;orientation&quot;:&quot;1&quot;}\" data-image-title=\"IMG_1146\" data-image-description=\"\" data-medium-file=\"https:\/\/cloud.alqueria.es\/wp-content\/uploads\/sites\/9\/2018\/04\/IMG_1146-300x225.jpg\" data-large-file=\"https:\/\/cloud.alqueria.es\/wp-content\/uploads\/sites\/9\/2018\/04\/IMG_1146.jpg\" src=\"https:\/\/i0.wp.com\/cloud.alqueria.es\/wp-content\/uploads\/sites\/9\/2018\/04\/IMG_1146.jpg?w=233&#038;h=175&#038;ssl=1\" srcset=\"https:\/\/cloud.alqueria.es\/wp-content\/uploads\/sites\/9\/2018\/04\/IMG_1146.jpg 640w, https:\/\/cloud.alqueria.es\/wp-content\/uploads\/sites\/9\/2018\/04\/IMG_1146.jpg 300w\" width=\"233\" height=\"175\" loading=\"lazy\" data-original-width=\"233\" data-original-height=\"175\" itemprop=\"http:\/\/schema.org\/image\" title=\"IMG_1146\" alt=\"IMG_1146\" style=\"width: 233px; height: 175px;\" \/> <\/a> <\/div> <\/div> <!-- close group --> <\/div> <!-- close row --> <\/div>\n<p>\u00a1\u00a1MUCHAS GRACIAS NATALIA Y ROC\u00cdO!<\/p>\n<p>Adem\u00e1s de todo esto, hemos podido terminar los marcap\u00e1ginas y comenzar con unas ideas previas de rimas partiendo del nombre propio.<\/p>\n<p>Y ma\u00f1ana m\u00e1s&#8230;&#8230;<\/p>\n<p>Carmen<\/p>\n","protected":false},"excerpt":{"rendered":"<p>\u00a1\u00a1QU\u00c9 BIEN LO ESTAMOS PASANDO ESTA SEMANA!! Hoy disfrutamos desde primera hora con un cuento multimedia propuesto por Arturo (padre de Arturo). El cuento ya era conocido por ellos\/as \u00abOrejas de mariposa\u00bb, pero les ha gustado mucho ya que el cuento proyectado en la pizarra digital lo iba contando una ni\u00f1a de la misma edad &hellip; <a href=\"https:\/\/www.alqueria.es\/blogs\/alqueriaamarillanaranja\/2018\/04\/25\/cuento-multimedia-y-en-braille\/\" class=\"more-link\">Seguir leyendo <span class=\"screen-reader-text\">CUENTO MULTIMEDIA Y EN BRAILLE<\/span> <span class=\"meta-nav\">&rarr;<\/span><\/a><\/p>\n","protected":false},"author":23,"featured_media":0,"comment_status":"open","ping_status":"open","sticky":false,"template":"","format":"standard","meta":{"jetpack_post_was_ever_published":false,"_jetpack_newsletter_access":"","_jetpack_dont_email_post_to_subs":false,"_jetpack_newsletter_tier_id":0,"_jetpack_memberships_contains_paywalled_content":false,"_jetpack_memberships_contains_paid_content":false,"footnotes":"","jetpack_publicize_message":"","jetpack_publicize_feature_enabled":true,"jetpack_social_post_already_shared":true,"jetpack_social_options":{"image_generator_settings":{"template":"highway","default_image_id":0,"font":"","enabled":false},"version":2}},"categories":[7,8,13],"tags":[531,530,529],"class_list":["post-31485","post","type-post","status-publish","format-standard","hentry","category-clase-naranja","category-diario","category-fiestas-y-dias-de-significacion-especial","tag-cuento-en-braille","tag-cuento-multimedia","tag-semana-lectura-2018"],"jetpack_publicize_connections":[],"jetpack_featured_media_url":"","jetpack_sharing_enabled":true,"jetpack_shortlink":"https:\/\/wp.me\/p4lG08-8bP","jetpack-related-posts":[],"_links":{"self":[{"href":"https:\/\/www.alqueria.es\/blogs\/alqueriaamarillanaranja\/wp-json\/wp\/v2\/posts\/31485","targetHints":{"allow":["GET"]}}],"collection":[{"href":"https:\/\/www.alqueria.es\/blogs\/alqueriaamarillanaranja\/wp-json\/wp\/v2\/posts"}],"about":[{"href":"https:\/\/www.alqueria.es\/blogs\/alqueriaamarillanaranja\/wp-json\/wp\/v2\/types\/post"}],"author":[{"embeddable":true,"href":"https:\/\/www.alqueria.es\/blogs\/alqueriaamarillanaranja\/wp-json\/wp\/v2\/users\/23"}],"replies":[{"embeddable":true,"href":"https:\/\/www.alqueria.es\/blogs\/alqueriaamarillanaranja\/wp-json\/wp\/v2\/comments?post=31485"}],"version-history":[{"count":0,"href":"https:\/\/www.alqueria.es\/blogs\/alqueriaamarillanaranja\/wp-json\/wp\/v2\/posts\/31485\/revisions"}],"wp:attachment":[{"href":"https:\/\/www.alqueria.es\/blogs\/alqueriaamarillanaranja\/wp-json\/wp\/v2\/media?parent=31485"}],"wp:term":[{"taxonomy":"category","embeddable":true,"href":"https:\/\/www.alqueria.es\/blogs\/alqueriaamarillanaranja\/wp-json\/wp\/v2\/categories?post=31485"},{"taxonomy":"post_tag","embeddable":true,"href":"https:\/\/www.alqueria.es\/blogs\/alqueriaamarillanaranja\/wp-json\/wp\/v2\/tags?post=31485"}],"curies":[{"name":"wp","href":"https:\/\/api.w.org\/{rel}","templated":true}]}}