{"id":32468,"date":"2018-06-05T20:44:38","date_gmt":"2018-06-05T18:44:38","guid":{"rendered":"https:\/\/www.alqueria.es\/blogs\/alqueriaamarillanaranja\/?p=32468"},"modified":"2018-06-05T20:44:38","modified_gmt":"2018-06-05T18:44:38","slug":"celebramos-cumpleanos-de-silvia-y-dia-del-medioambiente","status":"publish","type":"post","link":"https:\/\/www.alqueria.es\/blogs\/alqueriaamarillanaranja\/2018\/06\/05\/celebramos-cumpleanos-de-silvia-y-dia-del-medioambiente\/","title":{"rendered":"CELEBRAMOS: CUMPLEA\u00d1OS DE SILVIA Y D\u00cdA DEL MEDIOAMBIENTE"},"content":{"rendered":"<p><span style=\"color: #008000\">\u00a1\u00a1QU\u00c9 MA\u00d1ANA M\u00c1S INTENSA!!<\/span><\/p>\n<p><span style=\"color: #008000\"><img decoding=\"async\" data-attachment-id=\"32474\" data-permalink=\"https:\/\/www.alqueria.es\/blogs\/alqueriaamarillanaranja\/2018\/06\/05\/celebramos-cumpleanos-de-silvia-y-dia-del-medioambiente\/descarga-1-47\/\" data-orig-file=\"https:\/\/cloud.alqueria.es\/wp-content\/uploads\/sites\/9\/2018\/06\/descarga-1.jpg\" data-orig-size=\"223,226\" data-comments-opened=\"1\" data-image-meta=\"{&quot;aperture&quot;:&quot;0&quot;,&quot;credit&quot;:&quot;&quot;,&quot;camera&quot;:&quot;&quot;,&quot;caption&quot;:&quot;&quot;,&quot;created_timestamp&quot;:&quot;0&quot;,&quot;copyright&quot;:&quot;&quot;,&quot;focal_length&quot;:&quot;0&quot;,&quot;iso&quot;:&quot;0&quot;,&quot;shutter_speed&quot;:&quot;0&quot;,&quot;title&quot;:&quot;&quot;,&quot;orientation&quot;:&quot;0&quot;}\" data-image-title=\"descarga-1\" data-image-description=\"\" data-image-caption=\"\" data-large-file=\"https:\/\/cloud.alqueria.es\/wp-content\/uploads\/sites\/9\/2018\/06\/descarga-1.jpg\" class=\"alignleft size-thumbnail wp-image-32474\" src=\"https:\/\/cloud.alqueria.es\/wp-content\/uploads\/sites\/9\/2018\/06\/descarga-1.jpg\" alt=\"\" width=\"150\" height=\"150\" \/>Cuando ya est\u00e1 casi al completo todo el grupo nos sentamos en la Asamblea y tenemos un momento tranquilo de lectura de un cuento titulado: \u00abMartina y Anitram en el pa\u00eds de los calcetines perdidos\u00bb.<\/span><\/p>\n<p>&nbsp;<\/p>\n<p><span style=\"color: #008000\">Seguidamente anticipamos las diferentes actividades que tenemos: cumplea\u00f1os de Silvia y plantar cintas como actividad medioambiental. Hablamos de qu\u00e9 hay que hacer para cuidar el medioambiente como reciclar, cuidar las plantas y animales, no malgastar el agua, no tirar la basura al suelo&#8230;.<\/span><\/p>\n<p><span style=\"color: #008000\">Primero tenemos un rato de juego libre antes de sentarnos a hacerle un bonito dibujo a Silvia como regalo de sus compa\u00f1ero\/as de la clase. Seguidamente preparamos las mesas para el cumplea\u00f1os y todos preparados\/as cantamos para que Silvia sople las cuatro velas.<\/span><\/p>\n<div class=\"tiled-gallery type-rectangular tiled-gallery-unresized\" data-original-width=\"474\" data-carousel-extra='{&quot;blog_id&quot;:9,&quot;permalink&quot;:&quot;https:\\\/\\\/www.alqueria.es\\\/blogs\\\/alqueriaamarillanaranja\\\/2018\\\/06\\\/05\\\/celebramos-cumpleanos-de-silvia-y-dia-del-medioambiente\\\/&quot;,&quot;likes_blog_id&quot;:64271688}' itemscope itemtype=\"http:\/\/schema.org\/ImageGallery\" > <div class=\"gallery-row\" style=\"width: 474px; height: 179px;\" data-original-width=\"474\" data-original-height=\"179\" > <div class=\"gallery-group images-1\" style=\"width: 237px; height: 179px;\" data-original-width=\"237\" data-original-height=\"179\" > <div class=\"tiled-gallery-item tiled-gallery-item-small\" itemprop=\"associatedMedia\" itemscope itemtype=\"http:\/\/schema.org\/ImageObject\"> <a href=\"https:\/\/www.alqueria.es\/blogs\/alqueriaamarillanaranja\/2018\/06\/05\/celebramos-cumpleanos-de-silvia-y-dia-del-medioambiente\/img_1503\/\" border=\"0\" itemprop=\"url\"> <meta itemprop=\"width\" content=\"233\"> <meta itemprop=\"height\" content=\"175\"> <img decoding=\"async\" class=\"\" data-attachment-id=\"32469\" data-orig-file=\"https:\/\/cloud.alqueria.es\/wp-content\/uploads\/sites\/9\/2018\/06\/IMG_1503.jpg\" data-orig-size=\"640,480\" data-comments-opened=\"1\" data-image-meta=\"{&quot;aperture&quot;:&quot;2.8&quot;,&quot;credit&quot;:&quot;&quot;,&quot;camera&quot;:&quot;Canon DIGITAL IXUS 80 IS&quot;,&quot;caption&quot;:&quot;&quot;,&quot;created_timestamp&quot;:&quot;1528193256&quot;,&quot;copyright&quot;:&quot;&quot;,&quot;focal_length&quot;:&quot;6.2&quot;,&quot;iso&quot;:&quot;400&quot;,&quot;shutter_speed&quot;:&quot;0.01&quot;,&quot;title&quot;:&quot;&quot;,&quot;orientation&quot;:&quot;1&quot;}\" data-image-title=\"IMG_1503\" data-image-description=\"\" data-medium-file=\"https:\/\/cloud.alqueria.es\/wp-content\/uploads\/sites\/9\/2018\/06\/IMG_1503-300x225.jpg\" data-large-file=\"https:\/\/cloud.alqueria.es\/wp-content\/uploads\/sites\/9\/2018\/06\/IMG_1503.jpg\" src=\"https:\/\/i0.wp.com\/cloud.alqueria.es\/wp-content\/uploads\/sites\/9\/2018\/06\/IMG_1503.jpg?w=233&#038;h=175&#038;ssl=1\" srcset=\"https:\/\/cloud.alqueria.es\/wp-content\/uploads\/sites\/9\/2018\/06\/IMG_1503.jpg 640w, https:\/\/cloud.alqueria.es\/wp-content\/uploads\/sites\/9\/2018\/06\/IMG_1503.jpg 300w\" width=\"233\" height=\"175\" loading=\"lazy\" data-original-width=\"233\" data-original-height=\"175\" itemprop=\"http:\/\/schema.org\/image\" title=\"IMG_1503\" alt=\"IMG_1503\" style=\"width: 233px; height: 175px;\" \/> <\/a> <\/div> <\/div> <!-- close group --> <div class=\"gallery-group images-1\" style=\"width: 237px; height: 179px;\" data-original-width=\"237\" data-original-height=\"179\" > <div class=\"tiled-gallery-item tiled-gallery-item-small\" itemprop=\"associatedMedia\" itemscope itemtype=\"http:\/\/schema.org\/ImageObject\"> <a href=\"https:\/\/www.alqueria.es\/blogs\/alqueriaamarillanaranja\/2018\/06\/05\/celebramos-cumpleanos-de-silvia-y-dia-del-medioambiente\/img_1505-2\/\" border=\"0\" itemprop=\"url\"> <meta itemprop=\"width\" content=\"233\"> <meta itemprop=\"height\" content=\"175\"> <img decoding=\"async\" class=\"\" data-attachment-id=\"32470\" data-orig-file=\"https:\/\/cloud.alqueria.es\/wp-content\/uploads\/sites\/9\/2018\/06\/IMG_1505.jpg\" data-orig-size=\"640,480\" data-comments-opened=\"1\" data-image-meta=\"{&quot;aperture&quot;:&quot;2.8&quot;,&quot;credit&quot;:&quot;&quot;,&quot;camera&quot;:&quot;Canon DIGITAL IXUS 80 IS&quot;,&quot;caption&quot;:&quot;&quot;,&quot;created_timestamp&quot;:&quot;1528193304&quot;,&quot;copyright&quot;:&quot;&quot;,&quot;focal_length&quot;:&quot;6.2&quot;,&quot;iso&quot;:&quot;320&quot;,&quot;shutter_speed&quot;:&quot;0.016666666666667&quot;,&quot;title&quot;:&quot;&quot;,&quot;orientation&quot;:&quot;1&quot;}\" data-image-title=\"IMG_1505\" data-image-description=\"\" data-medium-file=\"https:\/\/cloud.alqueria.es\/wp-content\/uploads\/sites\/9\/2018\/06\/IMG_1505-300x225.jpg\" data-large-file=\"https:\/\/cloud.alqueria.es\/wp-content\/uploads\/sites\/9\/2018\/06\/IMG_1505.jpg\" src=\"https:\/\/i0.wp.com\/cloud.alqueria.es\/wp-content\/uploads\/sites\/9\/2018\/06\/IMG_1505.jpg?w=233&#038;h=175&#038;ssl=1\" srcset=\"https:\/\/cloud.alqueria.es\/wp-content\/uploads\/sites\/9\/2018\/06\/IMG_1505.jpg 640w, https:\/\/cloud.alqueria.es\/wp-content\/uploads\/sites\/9\/2018\/06\/IMG_1505.jpg 300w\" width=\"233\" height=\"175\" loading=\"lazy\" data-original-width=\"233\" data-original-height=\"175\" itemprop=\"http:\/\/schema.org\/image\" title=\"IMG_1505\" alt=\"IMG_1505\" style=\"width: 233px; height: 175px;\" \/> <\/a> <\/div> <\/div> <!-- close group --> <\/div> <!-- close row --> <\/div>\n<p><span style=\"color: #008000\">Despu\u00e9s ella nos reparte un trozo de tarta \u00a1\u00a1QU\u00c9 RICA!! Las caras de chocolate han sido la prueba de que les ha encantado.<\/span><\/p>\n<p><span style=\"color: #008000\"><img decoding=\"async\" data-attachment-id=\"32473\" data-permalink=\"https:\/\/www.alqueria.es\/blogs\/alqueriaamarillanaranja\/2018\/06\/05\/celebramos-cumpleanos-de-silvia-y-dia-del-medioambiente\/img_1508-2\/\" data-orig-file=\"https:\/\/cloud.alqueria.es\/wp-content\/uploads\/sites\/9\/2018\/06\/IMG_1508.jpg\" data-orig-size=\"640,480\" data-comments-opened=\"1\" data-image-meta=\"{&quot;aperture&quot;:&quot;2.8&quot;,&quot;credit&quot;:&quot;&quot;,&quot;camera&quot;:&quot;Canon DIGITAL IXUS 80 IS&quot;,&quot;caption&quot;:&quot;&quot;,&quot;created_timestamp&quot;:&quot;1528193568&quot;,&quot;copyright&quot;:&quot;&quot;,&quot;focal_length&quot;:&quot;6.2&quot;,&quot;iso&quot;:&quot;400&quot;,&quot;shutter_speed&quot;:&quot;0.01&quot;,&quot;title&quot;:&quot;&quot;,&quot;orientation&quot;:&quot;1&quot;}\" data-image-title=\"IMG_1508\" data-image-description=\"\" data-image-caption=\"\" data-large-file=\"https:\/\/cloud.alqueria.es\/wp-content\/uploads\/sites\/9\/2018\/06\/IMG_1508.jpg\" class=\"aligncenter size-full wp-image-32473\" src=\"https:\/\/cloud.alqueria.es\/wp-content\/uploads\/sites\/9\/2018\/06\/IMG_1508.jpg\" alt=\"\" width=\"640\" height=\"480\" srcset=\"https:\/\/cloud.alqueria.es\/wp-content\/uploads\/sites\/9\/2018\/06\/IMG_1508.jpg 640w, https:\/\/cloud.alqueria.es\/wp-content\/uploads\/sites\/9\/2018\/06\/IMG_1508.jpg 300w\" sizes=\"(max-width: 640px) 100vw, 640px\" \/><\/span><\/p>\n<p><span style=\"color: #008000\">\u00a1\u00a1MUCHAS FELICIDADES SILVIA POR TU CUARTO CUMPLEA\u00d1OS!!<\/span><\/p>\n<p><span style=\"color: #008000\">Una vez que hemos terminado la tarta, bajamos al huerto para poder plantar las cintas en unas botellas de pl\u00e1stico previamente preparadas con sus nombres. Esto de plantar les encanta y disfrutamos de esta actividad ambiental.<\/span><\/p>\n<p class=\"jetpack-slideshow-noscript robots-nocontent\">El pase de diapositivas requiere JavaScript.<\/p><div id=\"gallery-32468-1-slideshow\" class=\"jetpack-slideshow-window jetpack-slideshow jetpack-slideshow-black\" data-trans=\"fade\" data-autostart=\"1\" data-gallery=\"[{&quot;src&quot;:&quot;https:\\\/\\\/cloud.alqueria.es\\\/wp-content\\\/uploads\\\/sites\\\/9\\\/2018\\\/06\\\/IMG_1516.jpg&quot;,&quot;id&quot;:&quot;32480&quot;,&quot;title&quot;:&quot;IMG_1516&quot;,&quot;alt&quot;:&quot;&quot;,&quot;caption&quot;:&quot;&quot;,&quot;itemprop&quot;:&quot;image&quot;},{&quot;src&quot;:&quot;https:\\\/\\\/cloud.alqueria.es\\\/wp-content\\\/uploads\\\/sites\\\/9\\\/2018\\\/06\\\/IMG_1515.jpg&quot;,&quot;id&quot;:&quot;32479&quot;,&quot;title&quot;:&quot;IMG_1515&quot;,&quot;alt&quot;:&quot;&quot;,&quot;caption&quot;:&quot;&quot;,&quot;itemprop&quot;:&quot;image&quot;},{&quot;src&quot;:&quot;https:\\\/\\\/cloud.alqueria.es\\\/wp-content\\\/uploads\\\/sites\\\/9\\\/2018\\\/06\\\/IMG_1513.jpg&quot;,&quot;id&quot;:&quot;32478&quot;,&quot;title&quot;:&quot;IMG_1513&quot;,&quot;alt&quot;:&quot;&quot;,&quot;caption&quot;:&quot;&quot;,&quot;itemprop&quot;:&quot;image&quot;},{&quot;src&quot;:&quot;https:\\\/\\\/cloud.alqueria.es\\\/wp-content\\\/uploads\\\/sites\\\/9\\\/2018\\\/06\\\/IMG_1512.jpg&quot;,&quot;id&quot;:&quot;32477&quot;,&quot;title&quot;:&quot;IMG_1512&quot;,&quot;alt&quot;:&quot;&quot;,&quot;caption&quot;:&quot;&quot;,&quot;itemprop&quot;:&quot;image&quot;},{&quot;src&quot;:&quot;https:\\\/\\\/cloud.alqueria.es\\\/wp-content\\\/uploads\\\/sites\\\/9\\\/2018\\\/06\\\/IMG_1511.jpg&quot;,&quot;id&quot;:&quot;32476&quot;,&quot;title&quot;:&quot;IMG_1511&quot;,&quot;alt&quot;:&quot;&quot;,&quot;caption&quot;:&quot;&quot;,&quot;itemprop&quot;:&quot;image&quot;},{&quot;src&quot;:&quot;https:\\\/\\\/cloud.alqueria.es\\\/wp-content\\\/uploads\\\/sites\\\/9\\\/2018\\\/06\\\/IMG_1509.jpg&quot;,&quot;id&quot;:&quot;32475&quot;,&quot;title&quot;:&quot;IMG_1509&quot;,&quot;alt&quot;:&quot;&quot;,&quot;caption&quot;:&quot;&quot;,&quot;itemprop&quot;:&quot;image&quot;}]\" itemscope itemtype=\"https:\/\/schema.org\/ImageGallery\"><\/div>\n<p><span style=\"color: #008000\">Hasta Ma\u00f1ana<\/span><\/p>\n<p><span style=\"color: #008000\">Carmen<\/span><\/p>\n","protected":false},"excerpt":{"rendered":"<p>\u00a1\u00a1QU\u00c9 MA\u00d1ANA M\u00c1S INTENSA!! Cuando ya est\u00e1 casi al completo todo el grupo nos sentamos en la Asamblea y tenemos un momento tranquilo de lectura de un cuento titulado: \u00abMartina y Anitram en el pa\u00eds de los calcetines perdidos\u00bb. &nbsp; Seguidamente anticipamos las diferentes actividades que tenemos: cumplea\u00f1os de Silvia y plantar cintas como actividad &hellip; <a href=\"https:\/\/www.alqueria.es\/blogs\/alqueriaamarillanaranja\/2018\/06\/05\/celebramos-cumpleanos-de-silvia-y-dia-del-medioambiente\/\" class=\"more-link\">Seguir leyendo <span class=\"screen-reader-text\">CELEBRAMOS: CUMPLEA\u00d1OS DE SILVIA Y D\u00cdA DEL MEDIOAMBIENTE<\/span> <span class=\"meta-nav\">&rarr;<\/span><\/a><\/p>\n","protected":false},"author":23,"featured_media":0,"comment_status":"open","ping_status":"open","sticky":false,"template":"","format":"standard","meta":{"jetpack_post_was_ever_published":false,"_jetpack_newsletter_access":"","_jetpack_dont_email_post_to_subs":false,"_jetpack_newsletter_tier_id":0,"_jetpack_memberships_contains_paywalled_content":false,"_jetpack_memberships_contains_paid_content":false,"footnotes":"","jetpack_publicize_message":"","jetpack_publicize_feature_enabled":true,"jetpack_social_post_already_shared":true,"jetpack_social_options":{"image_generator_settings":{"template":"highway","default_image_id":0,"font":"","enabled":false},"version":2}},"categories":[7,8,21],"tags":[],"class_list":["post-32468","post","type-post","status-publish","format-standard","hentry","category-clase-naranja","category-diario","category-talleres-medioambientales"],"jetpack_publicize_connections":[],"jetpack_featured_media_url":"","jetpack_sharing_enabled":true,"jetpack_shortlink":"https:\/\/wp.me\/p4lG08-8rG","jetpack-related-posts":[],"_links":{"self":[{"href":"https:\/\/www.alqueria.es\/blogs\/alqueriaamarillanaranja\/wp-json\/wp\/v2\/posts\/32468","targetHints":{"allow":["GET"]}}],"collection":[{"href":"https:\/\/www.alqueria.es\/blogs\/alqueriaamarillanaranja\/wp-json\/wp\/v2\/posts"}],"about":[{"href":"https:\/\/www.alqueria.es\/blogs\/alqueriaamarillanaranja\/wp-json\/wp\/v2\/types\/post"}],"author":[{"embeddable":true,"href":"https:\/\/www.alqueria.es\/blogs\/alqueriaamarillanaranja\/wp-json\/wp\/v2\/users\/23"}],"replies":[{"embeddable":true,"href":"https:\/\/www.alqueria.es\/blogs\/alqueriaamarillanaranja\/wp-json\/wp\/v2\/comments?post=32468"}],"version-history":[{"count":0,"href":"https:\/\/www.alqueria.es\/blogs\/alqueriaamarillanaranja\/wp-json\/wp\/v2\/posts\/32468\/revisions"}],"wp:attachment":[{"href":"https:\/\/www.alqueria.es\/blogs\/alqueriaamarillanaranja\/wp-json\/wp\/v2\/media?parent=32468"}],"wp:term":[{"taxonomy":"category","embeddable":true,"href":"https:\/\/www.alqueria.es\/blogs\/alqueriaamarillanaranja\/wp-json\/wp\/v2\/categories?post=32468"},{"taxonomy":"post_tag","embeddable":true,"href":"https:\/\/www.alqueria.es\/blogs\/alqueriaamarillanaranja\/wp-json\/wp\/v2\/tags?post=32468"}],"curies":[{"name":"wp","href":"https:\/\/api.w.org\/{rel}","templated":true}]}}