{"id":32984,"date":"2018-09-12T07:46:34","date_gmt":"2018-09-12T05:46:34","guid":{"rendered":"https:\/\/www.alqueria.es\/blogs\/alqueriaamarillanaranja\/?p=32984"},"modified":"2018-09-12T07:46:34","modified_gmt":"2018-09-12T05:46:34","slug":"nos-adaptamos-poco-a-poco-2","status":"publish","type":"post","link":"https:\/\/www.alqueria.es\/blogs\/alqueriaamarillanaranja\/2018\/09\/12\/nos-adaptamos-poco-a-poco-2\/","title":{"rendered":"\u00a1NOS ADAPTAMOS POCO A POCO!"},"content":{"rendered":"<p>Comienza un nuevo d\u00eda en la clase naranja, en cuanto hemos sacamos los juguetes&#8230;.todos contentos y dispuestos a participar en el juego. Es completamente normal que a algunos les cueste un poquito la despedida, pero en cuesti\u00f3n de un momento, \u00abfelices\u00bb. Durante toda la ma\u00f1ana se ha respirado un clima mucho m\u00e1s tranquilo que d\u00edas atr\u00e1s, estoy contenta con la evoluci\u00f3n que esta siguiendo el grupo, os sigo pidiendo paciencia y mucho \u00e1nimo.<\/p>\n<p>Seguimos investigando cada rinc\u00f3n del aula y manipulando todos los juguetes, poco a poco vamos entrando en la rutina de la clase naranja y van conociendo donde se coloca cada material.<\/p>\n<p>Tras la recogida nos reunimos en asamblea y\u00a0 recibimos a la \u00abprofe\u00bb de ingl\u00e9s, D\u00e9bora, \u00a1qu\u00e9 divertida es!, la observaban\u00a0 con\u00a0 asombro\u00a0 a la vez que sonre\u00edan. Recordamos el papel del \u00absuper ayudante\u00bb (como todav\u00eda no tenemos confeccionado el cartel, estos d\u00edas lo rifaremos&#8230;.). Hoy nuestro \u00absuper\u00bb ha sido<span style=\"color: #ff6600\"> M\u00c1XIMO<\/span> y lo ha hecho fenomenal.<\/p>\n<p>En el patio\u00a0 jugamos y corremos despu\u00e9s de visitar a las gallinas y los conejos.<\/p>\n<p>Por la tarde, tras asearnos, conocemos a nuestra profesora de m\u00fasica, Elena. Pasamos un ratito con ella y nos ense\u00f1a el aula de m\u00fasica. \u00a1Lo han pasado genial!<\/p>\n<p>Un d\u00eda lleno de emociones.<\/p>\n<p>( Necesitamos dos fotos tipo carnet y una foto familiar en la que salg\u00e1is \u00abrequete&#8230;guapos\u00bb y\u00a0 \u00abrequete&#8230;sonrientes\u00bb). Gracias<\/p>\n<p><img decoding=\"async\" data-attachment-id=\"32988\" data-permalink=\"https:\/\/www.alqueria.es\/blogs\/alqueriaamarillanaranja\/2018\/09\/12\/nos-adaptamos-poco-a-poco-2\/14629863-gran-familia-feliz-en-el-estilo-de-dibujos-animados-ilustracion-vectorial1-3\/\" data-orig-file=\"https:\/\/cloud.alqueria.es\/wp-content\/uploads\/sites\/9\/2018\/09\/14629863-gran-familia-feliz-en-el-estilo-de-dibujos-animados-ilustracion-vectorial1.jpg\" data-orig-size=\"1024,701\" data-comments-opened=\"1\" data-image-meta=\"{&quot;aperture&quot;:&quot;0&quot;,&quot;credit&quot;:&quot;&quot;,&quot;camera&quot;:&quot;&quot;,&quot;caption&quot;:&quot;&quot;,&quot;created_timestamp&quot;:&quot;0&quot;,&quot;copyright&quot;:&quot;&quot;,&quot;focal_length&quot;:&quot;0&quot;,&quot;iso&quot;:&quot;0&quot;,&quot;shutter_speed&quot;:&quot;0&quot;,&quot;title&quot;:&quot;&quot;,&quot;orientation&quot;:&quot;0&quot;}\" data-image-title=\"14629863-gran-familia-feliz-en-el-estilo-de-dibujos-animados-ilustracion-vectorial1\" data-image-description=\"\" data-image-caption=\"\" data-large-file=\"https:\/\/cloud.alqueria.es\/wp-content\/uploads\/sites\/9\/2018\/09\/14629863-gran-familia-feliz-en-el-estilo-de-dibujos-animados-ilustracion-vectorial1-1024x701.jpg\" class=\"aligncenter size-full wp-image-32988\" src=\"https:\/\/cloud.alqueria.es\/wp-content\/uploads\/sites\/9\/2018\/09\/14629863-gran-familia-feliz-en-el-estilo-de-dibujos-animados-ilustracion-vectorial1.jpg\" alt=\"\" width=\"1024\" height=\"701\" srcset=\"https:\/\/cloud.alqueria.es\/wp-content\/uploads\/sites\/9\/2018\/09\/14629863-gran-familia-feliz-en-el-estilo-de-dibujos-animados-ilustracion-vectorial1.jpg 1024w, https:\/\/cloud.alqueria.es\/wp-content\/uploads\/sites\/9\/2018\/09\/14629863-gran-familia-feliz-en-el-estilo-de-dibujos-animados-ilustracion-vectorial1.jpg 300w, https:\/\/cloud.alqueria.es\/wp-content\/uploads\/sites\/9\/2018\/09\/14629863-gran-familia-feliz-en-el-estilo-de-dibujos-animados-ilustracion-vectorial1.jpg 768w\" sizes=\"(max-width: 1024px) 100vw, 1024px\" \/>\u00a0Silvia Ram\u00edrez.<\/p>\n","protected":false},"excerpt":{"rendered":"<p>Comienza un nuevo d\u00eda en la clase naranja, en cuanto hemos sacamos los juguetes&#8230;.todos contentos y dispuestos a participar en el juego. Es completamente normal que a algunos les cueste un poquito la despedida, pero en cuesti\u00f3n de un momento, \u00abfelices\u00bb. Durante toda la ma\u00f1ana se ha respirado un clima mucho m\u00e1s tranquilo que d\u00edas &hellip; <a href=\"https:\/\/www.alqueria.es\/blogs\/alqueriaamarillanaranja\/2018\/09\/12\/nos-adaptamos-poco-a-poco-2\/\" class=\"more-link\">Seguir leyendo <span class=\"screen-reader-text\">\u00a1NOS ADAPTAMOS POCO A POCO!<\/span> <span class=\"meta-nav\">&rarr;<\/span><\/a><\/p>\n","protected":false},"author":23,"featured_media":0,"comment_status":"open","ping_status":"open","sticky":false,"template":"","format":"standard","meta":{"jetpack_post_was_ever_published":false,"_jetpack_newsletter_access":"","_jetpack_dont_email_post_to_subs":false,"_jetpack_newsletter_tier_id":0,"_jetpack_memberships_contains_paywalled_content":false,"_jetpack_memberships_contains_paid_content":false,"footnotes":"","jetpack_publicize_message":"","jetpack_publicize_feature_enabled":true,"jetpack_social_post_already_shared":true,"jetpack_social_options":{"image_generator_settings":{"template":"highway","default_image_id":0,"font":"","enabled":false},"version":2}},"categories":[7,8,1],"tags":[25,450,553],"class_list":["post-32984","post","type-post","status-publish","format-standard","hentry","category-clase-naranja","category-diario","category-sin-categoria","tag-adaptacion","tag-educacion-musical","tag-gallinero"],"jetpack_publicize_connections":[],"jetpack_featured_media_url":"","jetpack_sharing_enabled":true,"jetpack_shortlink":"https:\/\/wp.me\/p4lG08-8A0","jetpack-related-posts":[],"_links":{"self":[{"href":"https:\/\/www.alqueria.es\/blogs\/alqueriaamarillanaranja\/wp-json\/wp\/v2\/posts\/32984","targetHints":{"allow":["GET"]}}],"collection":[{"href":"https:\/\/www.alqueria.es\/blogs\/alqueriaamarillanaranja\/wp-json\/wp\/v2\/posts"}],"about":[{"href":"https:\/\/www.alqueria.es\/blogs\/alqueriaamarillanaranja\/wp-json\/wp\/v2\/types\/post"}],"author":[{"embeddable":true,"href":"https:\/\/www.alqueria.es\/blogs\/alqueriaamarillanaranja\/wp-json\/wp\/v2\/users\/23"}],"replies":[{"embeddable":true,"href":"https:\/\/www.alqueria.es\/blogs\/alqueriaamarillanaranja\/wp-json\/wp\/v2\/comments?post=32984"}],"version-history":[{"count":0,"href":"https:\/\/www.alqueria.es\/blogs\/alqueriaamarillanaranja\/wp-json\/wp\/v2\/posts\/32984\/revisions"}],"wp:attachment":[{"href":"https:\/\/www.alqueria.es\/blogs\/alqueriaamarillanaranja\/wp-json\/wp\/v2\/media?parent=32984"}],"wp:term":[{"taxonomy":"category","embeddable":true,"href":"https:\/\/www.alqueria.es\/blogs\/alqueriaamarillanaranja\/wp-json\/wp\/v2\/categories?post=32984"},{"taxonomy":"post_tag","embeddable":true,"href":"https:\/\/www.alqueria.es\/blogs\/alqueriaamarillanaranja\/wp-json\/wp\/v2\/tags?post=32984"}],"curies":[{"name":"wp","href":"https:\/\/api.w.org\/{rel}","templated":true}]}}