{"id":33971,"date":"2018-11-10T15:02:36","date_gmt":"2018-11-10T14:02:36","guid":{"rendered":"https:\/\/www.alqueria.es\/blogs\/alqueriaamarillanaranja\/?p=33971"},"modified":"2018-11-10T15:09:34","modified_gmt":"2018-11-10T14:09:34","slug":"amarillos-y-naranjas-comparten-la-llegada-del-sr-otono","status":"publish","type":"post","link":"https:\/\/www.alqueria.es\/blogs\/alqueriaamarillanaranja\/2018\/11\/10\/amarillos-y-naranjas-comparten-la-llegada-del-sr-otono\/","title":{"rendered":"\u00a1Amarillos y Naranjas comparten la llegada del Sr. Oto\u00f1o!"},"content":{"rendered":"<blockquote><p><span style=\"color: #ff6600\">Ayer fue un gran d\u00eda para el grupo amarillo y naranja.<\/span><\/p><\/blockquote>\n<p><span style=\"color: #ff6600\">Por la ma\u00f1ana nos\u00a0visit\u00f3 el Sr. Oto\u00f1o. Estaban nerviosos antes de la deseada visita y cuando lo vieron, no sab\u00edan muy bien como reaccionar, sobre todo nuestros amarillitos,jajaja. \u00a1Se comportaron como aut\u00e9nticos mayores!<\/span><\/p>\n<p>En asamblea nos reunimos <span style=\"color: #ffff00\">amarillos<\/span> y <span style=\"color: #ff6600\">naranjas<\/span>, escuchamos todo lo que el Sr. Oto\u00f1o nos quer\u00eda contar, de su bosque, de sus animalitos, del viento&#8230;.algunos naranjitas se atrevieron a preguntarle d\u00f3nde duerme o qu\u00e9 tra\u00eda en su saco.<\/p>\n<p>Cantamos nuestras canciones y recitamos el cuento de \u00abLas tres hojitas\u00bbque tanto nos gusta. Lo invitamos a probar nuestras deliciosas galletas de coco y las bolitas de boniato y coco. Creemos que le\u00a0 gustaron bastante.<\/p>\n<p>Antes de irse, el Sr. Oto\u00f1o nos dej\u00f3 un saco lleno de hojas secas de su bosque con el que jugamos en el aula de usos m\u00faltiples.<\/p>\n<p>Tras el juego, bajamos a la entrada del cole para ver a nuestro Se\u00f1or Oto\u00f1o, mu\u00f1eco que el jueves prepararon azules y amarillos con \u00abbolitas de papel de peri\u00f3dico\u00bb.\u00a1 Vaya bienvenida nos dio al entrar al colegio!<\/p>\n<p>Terminamos la ma\u00f1ana en el jard\u00edn disfrutando de los romances del grupo de 6\u00ba EPO y de unas bonitas danzas que aluden a est\u00e1 estaci\u00f3n.<\/p>\n<p>Por la tarde, el grupo naranja asiste a la representaci\u00f3n teatral \u00abEl \u00e1rbol triste\u00bb realizada por el grupo verde. \u00a1qu\u00e9 d\u00eda!<\/p>\n<p>El sol nos acompa\u00f1a y compartimos una \u00abdulceeee merienda\u00bb con las familias.<\/p>\n<p>https:\/\/vimeo.com\/300035465<\/p>\n<p><span style=\"color: #ff6600\"><em>Esperamos que pas\u00e9is un buen fin de semana.<\/em> <\/span><\/p>\n","protected":false},"excerpt":{"rendered":"<p>Ayer fue un gran d\u00eda para el grupo amarillo y naranja. Por la ma\u00f1ana nos\u00a0visit\u00f3 el Sr. Oto\u00f1o. Estaban nerviosos antes de la deseada visita y cuando lo vieron, no sab\u00edan muy bien como reaccionar, sobre todo nuestros amarillitos,jajaja. \u00a1Se comportaron como aut\u00e9nticos mayores! En asamblea nos reunimos amarillos y naranjas, escuchamos todo lo que &hellip; <a href=\"https:\/\/www.alqueria.es\/blogs\/alqueriaamarillanaranja\/2018\/11\/10\/amarillos-y-naranjas-comparten-la-llegada-del-sr-otono\/\" class=\"more-link\">Seguir leyendo <span class=\"screen-reader-text\">\u00a1Amarillos y Naranjas comparten la llegada del Sr. Oto\u00f1o!<\/span> <span class=\"meta-nav\">&rarr;<\/span><\/a><\/p>\n","protected":false},"author":23,"featured_media":0,"comment_status":"open","ping_status":"open","sticky":false,"template":"","format":"standard","meta":{"jetpack_post_was_ever_published":false,"_jetpack_newsletter_access":"","_jetpack_dont_email_post_to_subs":false,"_jetpack_newsletter_tier_id":0,"_jetpack_memberships_contains_paywalled_content":false,"_jetpack_memberships_contains_paid_content":false,"footnotes":"","jetpack_publicize_message":"","jetpack_publicize_feature_enabled":true,"jetpack_social_post_already_shared":true,"jetpack_social_options":{"image_generator_settings":{"template":"highway","default_image_id":0,"font":"","enabled":false},"version":2}},"categories":[6,7,13,14],"tags":[],"class_list":["post-33971","post","type-post","status-publish","format-standard","hentry","category-clase-amarilla","category-clase-naranja","category-fiestas-y-dias-de-significacion-especial","category-fiestas-y-dias-especiales"],"jetpack_publicize_connections":[],"jetpack_featured_media_url":"","jetpack_sharing_enabled":true,"jetpack_shortlink":"https:\/\/wp.me\/p4lG08-8PV","jetpack-related-posts":[],"_links":{"self":[{"href":"https:\/\/www.alqueria.es\/blogs\/alqueriaamarillanaranja\/wp-json\/wp\/v2\/posts\/33971","targetHints":{"allow":["GET"]}}],"collection":[{"href":"https:\/\/www.alqueria.es\/blogs\/alqueriaamarillanaranja\/wp-json\/wp\/v2\/posts"}],"about":[{"href":"https:\/\/www.alqueria.es\/blogs\/alqueriaamarillanaranja\/wp-json\/wp\/v2\/types\/post"}],"author":[{"embeddable":true,"href":"https:\/\/www.alqueria.es\/blogs\/alqueriaamarillanaranja\/wp-json\/wp\/v2\/users\/23"}],"replies":[{"embeddable":true,"href":"https:\/\/www.alqueria.es\/blogs\/alqueriaamarillanaranja\/wp-json\/wp\/v2\/comments?post=33971"}],"version-history":[{"count":0,"href":"https:\/\/www.alqueria.es\/blogs\/alqueriaamarillanaranja\/wp-json\/wp\/v2\/posts\/33971\/revisions"}],"wp:attachment":[{"href":"https:\/\/www.alqueria.es\/blogs\/alqueriaamarillanaranja\/wp-json\/wp\/v2\/media?parent=33971"}],"wp:term":[{"taxonomy":"category","embeddable":true,"href":"https:\/\/www.alqueria.es\/blogs\/alqueriaamarillanaranja\/wp-json\/wp\/v2\/categories?post=33971"},{"taxonomy":"post_tag","embeddable":true,"href":"https:\/\/www.alqueria.es\/blogs\/alqueriaamarillanaranja\/wp-json\/wp\/v2\/tags?post=33971"}],"curies":[{"name":"wp","href":"https:\/\/api.w.org\/{rel}","templated":true}]}}