{"id":33987,"date":"2018-11-12T18:00:51","date_gmt":"2018-11-12T17:00:51","guid":{"rendered":"https:\/\/www.alqueria.es\/blogs\/alqueriaamarillanaranja\/?p=33987"},"modified":"2018-11-14T16:26:57","modified_gmt":"2018-11-14T15:26:57","slug":"rabietas","status":"publish","type":"post","link":"https:\/\/www.alqueria.es\/blogs\/alqueriaamarillanaranja\/2018\/11\/12\/rabietas\/","title":{"rendered":"RABIETAS"},"content":{"rendered":"<audio class=\"wp-audio-shortcode\" id=\"audio-33987-1\" preload=\"none\" style=\"width: 100%;\" controls=\"controls\"><source type=\"audio\/mpeg\" src=\"https:\/\/cloud.alqueria.es\/wp-content\/uploads\/sites\/9\/2018\/11\/20181111_001.m4a?_=1\" \/><a href=\"https:\/\/cloud.alqueria.es\/wp-content\/uploads\/sites\/9\/2018\/11\/20181111_001.m4a\">https:\/\/cloud.alqueria.es\/wp-content\/uploads\/sites\/9\/2018\/11\/20181111_001.m4a<\/a><\/audio>\n<audio class=\"wp-audio-shortcode\" id=\"audio-33987-2\" preload=\"none\" style=\"width: 100%;\" controls=\"controls\"><source type=\"audio\/mpeg\" src=\"https:\/\/cloud.alqueria.es\/wp-content\/uploads\/sites\/9\/2018\/11\/20181111_002.m4a?_=2\" \/><a href=\"https:\/\/cloud.alqueria.es\/wp-content\/uploads\/sites\/9\/2018\/11\/20181111_002.m4a\">https:\/\/cloud.alqueria.es\/wp-content\/uploads\/sites\/9\/2018\/11\/20181111_002.m4a<\/a><\/audio>\n<p>Hola, no es que yo haya cogido una rabieta por perderme la fiesta, pero casi &#x1f612;.<\/p>\n<p>Algunos padres y madres me han preguntado por las rabietas.<\/p>\n<p>Os dejo estos audios que Carina Gabriel, psic\u00f3loga cl\u00ednica, explica a una participante que le pregunt\u00f3 sobre esto, en el congreso\u00a0 sobre \u00abSalud y Emociones\u00bb.<\/p>\n<p>Y s\u00f3lo duran dos minutitos&#x1f644;<\/p>\n<p>Espero que os interese.&#x1f60d;&#x1f60d;<\/p>\n<p>&nbsp;<\/p>\n","protected":false},"excerpt":{"rendered":"<p>Hola, no es que yo haya cogido una rabieta por perderme la fiesta, pero casi &#x1f612;. Algunos padres y madres me han preguntado por las rabietas. Os dejo estos audios que Carina Gabriel, psic\u00f3loga cl\u00ednica, explica a una participante que le pregunt\u00f3 sobre esto, en el congreso\u00a0 sobre \u00abSalud y Emociones\u00bb. Y s\u00f3lo duran dos &hellip; <a href=\"https:\/\/www.alqueria.es\/blogs\/alqueriaamarillanaranja\/2018\/11\/12\/rabietas\/\" class=\"more-link\">Seguir leyendo <span class=\"screen-reader-text\">RABIETAS<\/span> <span class=\"meta-nav\">&rarr;<\/span><\/a><\/p>\n","protected":false},"author":23,"featured_media":0,"comment_status":"open","ping_status":"open","sticky":false,"template":"","format":"standard","meta":{"jetpack_post_was_ever_published":false,"_jetpack_newsletter_access":"","_jetpack_dont_email_post_to_subs":false,"_jetpack_newsletter_tier_id":0,"_jetpack_memberships_contains_paywalled_content":false,"_jetpack_memberships_contains_paid_content":false,"footnotes":"","jetpack_publicize_message":"","jetpack_publicize_feature_enabled":true,"jetpack_social_post_already_shared":true,"jetpack_social_options":{"image_generator_settings":{"template":"highway","default_image_id":0,"font":"","enabled":false},"version":2}},"categories":[383,6,8],"tags":[47],"class_list":["post-33987","post","type-post","status-publish","format-standard","hentry","category-adaptacion","category-clase-amarilla","category-diario","tag-educacion-emocional"],"jetpack_publicize_connections":[],"jetpack_featured_media_url":"","jetpack_sharing_enabled":true,"jetpack_shortlink":"https:\/\/wp.me\/s4lG08-rabietas","jetpack-related-posts":[],"_links":{"self":[{"href":"https:\/\/www.alqueria.es\/blogs\/alqueriaamarillanaranja\/wp-json\/wp\/v2\/posts\/33987","targetHints":{"allow":["GET"]}}],"collection":[{"href":"https:\/\/www.alqueria.es\/blogs\/alqueriaamarillanaranja\/wp-json\/wp\/v2\/posts"}],"about":[{"href":"https:\/\/www.alqueria.es\/blogs\/alqueriaamarillanaranja\/wp-json\/wp\/v2\/types\/post"}],"author":[{"embeddable":true,"href":"https:\/\/www.alqueria.es\/blogs\/alqueriaamarillanaranja\/wp-json\/wp\/v2\/users\/23"}],"replies":[{"embeddable":true,"href":"https:\/\/www.alqueria.es\/blogs\/alqueriaamarillanaranja\/wp-json\/wp\/v2\/comments?post=33987"}],"version-history":[{"count":0,"href":"https:\/\/www.alqueria.es\/blogs\/alqueriaamarillanaranja\/wp-json\/wp\/v2\/posts\/33987\/revisions"}],"wp:attachment":[{"href":"https:\/\/www.alqueria.es\/blogs\/alqueriaamarillanaranja\/wp-json\/wp\/v2\/media?parent=33987"}],"wp:term":[{"taxonomy":"category","embeddable":true,"href":"https:\/\/www.alqueria.es\/blogs\/alqueriaamarillanaranja\/wp-json\/wp\/v2\/categories?post=33987"},{"taxonomy":"post_tag","embeddable":true,"href":"https:\/\/www.alqueria.es\/blogs\/alqueriaamarillanaranja\/wp-json\/wp\/v2\/tags?post=33987"}],"curies":[{"name":"wp","href":"https:\/\/api.w.org\/{rel}","templated":true}]}}