{"id":34329,"date":"2018-11-30T18:04:19","date_gmt":"2018-11-30T17:04:19","guid":{"rendered":"https:\/\/www.alqueria.es\/blogs\/alqueriaamarillanaranja\/?p=34329"},"modified":"2018-11-30T18:04:19","modified_gmt":"2018-11-30T17:04:19","slug":"1a-salida-de-la-clase-naranja-biblioteca-publica-de-la-chana","status":"publish","type":"post","link":"https:\/\/www.alqueria.es\/blogs\/alqueriaamarillanaranja\/2018\/11\/30\/1a-salida-de-la-clase-naranja-biblioteca-publica-de-la-chana\/","title":{"rendered":"1\u00aa SALIDA DE LA CLASE NARANJA: \u00abBiblioteca p\u00fablica de la Chana\u00bb"},"content":{"rendered":"<p>Desde primera hora de la ma\u00f1ana todos estaban emocionados con la idea de la salida. Despu\u00e9s de ponernos las tarjetas identificativas, recordar las normas y realizar el control de esf\u00ednteres, respiramos profundamente para relajarnos y nos ponemos en marcha rumbo a nuestro destino.<\/p>\n<p>A nuestra llegada a la biblioteca, Josefina, la bibliotecaria, nos esperaba para ense\u00f1arnos los diferentes espacios y para sorprendernos con un fabuloso \u00abcuenta-cuentos\u00bb con el que amarillos y naranjas disfrutamos:<\/p>\n<p><span style=\"color: #ff0000\">-De la cabeza a los pies.<\/span><\/p>\n<p><span style=\"color: #ff0000\">-La peque\u00f1a oruga glotona<\/span><\/p>\n<p><span style=\"color: #ff0000\">-El pollo Pepe<\/span><\/p>\n<p><span style=\"color: #ff0000\">-Veo veo, \u00bfa qui\u00e9n ves?<\/span><\/p>\n<p>Los amarillitos regalan a Josefina el cuento \u00abEl fantasma de las manos sucias\u00bb,jajaja y nosotros la canci\u00f3n del \u00abOto\u00f1o&#8230;&#8230;\u00bb y un precioso dibujo que ayer elaboramos entre tod@s.<\/p>\n<p>Tras el cuenta-cuentos hemos estado en la sala de lectura infantil, all\u00ed leemos muchos de los cuentos que se encuentran al alcance de los ni\u00f1os. Josefina nos explica el proceso que se lleva a cabo para gestionar el pr\u00e9stamos de libros de dicha biblioteca. Despu\u00e9s tomamos algunas galletas para recuperar fuerza de vuelta al colegio.<\/p>\n<p>https:\/\/vimeo.com\/303754562<\/p>\n<p><span style=\"color: #ff0000\">\u00a1Muy bien por nuestros naranjitas!<\/span><\/p>\n<p>Despu\u00e9s del parque, tarde cooperativa. Un d\u00eda cargado de emociones.<\/p>\n<p>Buen fin de semana. Silvia.<\/p>\n","protected":false},"excerpt":{"rendered":"<p>Desde primera hora de la ma\u00f1ana todos estaban emocionados con la idea de la salida. Despu\u00e9s de ponernos las tarjetas identificativas, recordar las normas y realizar el control de esf\u00ednteres, respiramos profundamente para relajarnos y nos ponemos en marcha rumbo a nuestro destino. A nuestra llegada a la biblioteca, Josefina, la bibliotecaria, nos esperaba para &hellip; <a href=\"https:\/\/www.alqueria.es\/blogs\/alqueriaamarillanaranja\/2018\/11\/30\/1a-salida-de-la-clase-naranja-biblioteca-publica-de-la-chana\/\" class=\"more-link\">Seguir leyendo <span class=\"screen-reader-text\">1\u00aa SALIDA DE LA CLASE NARANJA: \u00abBiblioteca p\u00fablica de la Chana\u00bb<\/span> <span class=\"meta-nav\">&rarr;<\/span><\/a><\/p>\n","protected":false},"author":23,"featured_media":0,"comment_status":"open","ping_status":"open","sticky":false,"template":"","format":"standard","meta":{"jetpack_post_was_ever_published":false,"_jetpack_newsletter_access":"","_jetpack_dont_email_post_to_subs":false,"_jetpack_newsletter_tier_id":0,"_jetpack_memberships_contains_paywalled_content":false,"_jetpack_memberships_contains_paid_content":false,"footnotes":"","jetpack_publicize_message":"","jetpack_publicize_feature_enabled":true,"jetpack_social_post_already_shared":true,"jetpack_social_options":{"image_generator_settings":{"template":"highway","default_image_id":0,"font":"","enabled":false},"version":2}},"categories":[7,11],"tags":[472,176],"class_list":["post-34329","post","type-post","status-publish","format-standard","hentry","category-clase-naranja","category-excursiones","tag-1o-salida-al-exterior-la-biblioteca","tag-tardes-cooperativas"],"jetpack_publicize_connections":[],"jetpack_featured_media_url":"","jetpack_sharing_enabled":true,"jetpack_shortlink":"https:\/\/wp.me\/p4lG08-8VH","jetpack-related-posts":[],"_links":{"self":[{"href":"https:\/\/www.alqueria.es\/blogs\/alqueriaamarillanaranja\/wp-json\/wp\/v2\/posts\/34329","targetHints":{"allow":["GET"]}}],"collection":[{"href":"https:\/\/www.alqueria.es\/blogs\/alqueriaamarillanaranja\/wp-json\/wp\/v2\/posts"}],"about":[{"href":"https:\/\/www.alqueria.es\/blogs\/alqueriaamarillanaranja\/wp-json\/wp\/v2\/types\/post"}],"author":[{"embeddable":true,"href":"https:\/\/www.alqueria.es\/blogs\/alqueriaamarillanaranja\/wp-json\/wp\/v2\/users\/23"}],"replies":[{"embeddable":true,"href":"https:\/\/www.alqueria.es\/blogs\/alqueriaamarillanaranja\/wp-json\/wp\/v2\/comments?post=34329"}],"version-history":[{"count":0,"href":"https:\/\/www.alqueria.es\/blogs\/alqueriaamarillanaranja\/wp-json\/wp\/v2\/posts\/34329\/revisions"}],"wp:attachment":[{"href":"https:\/\/www.alqueria.es\/blogs\/alqueriaamarillanaranja\/wp-json\/wp\/v2\/media?parent=34329"}],"wp:term":[{"taxonomy":"category","embeddable":true,"href":"https:\/\/www.alqueria.es\/blogs\/alqueriaamarillanaranja\/wp-json\/wp\/v2\/categories?post=34329"},{"taxonomy":"post_tag","embeddable":true,"href":"https:\/\/www.alqueria.es\/blogs\/alqueriaamarillanaranja\/wp-json\/wp\/v2\/tags?post=34329"}],"curies":[{"name":"wp","href":"https:\/\/api.w.org\/{rel}","templated":true}]}}