{"id":34365,"date":"2018-12-03T18:32:46","date_gmt":"2018-12-03T17:32:46","guid":{"rendered":"https:\/\/www.alqueria.es\/blogs\/alqueriaamarillanaranja\/?p=34365"},"modified":"2018-12-03T19:11:38","modified_gmt":"2018-12-03T18:11:38","slug":"lunes-6","status":"publish","type":"post","link":"https:\/\/www.alqueria.es\/blogs\/alqueriaamarillanaranja\/2018\/12\/03\/lunes-6\/","title":{"rendered":"\u00a1CELEBRAMOS CUMPLEA\u00d1OS!"},"content":{"rendered":"<p>Comenzamos la semana de fiesta; este finde ha sido el segundo<img decoding=\"async\" data-attachment-id=\"34372\" data-permalink=\"https:\/\/www.alqueria.es\/blogs\/alqueriaamarillanaranja\/2018\/12\/03\/lunes-6\/descarga-93\/\" data-orig-file=\"https:\/\/cloud.alqueria.es\/wp-content\/uploads\/sites\/9\/2018\/12\/descarga.jpg\" data-orig-size=\"225,225\" data-comments-opened=\"1\" data-image-meta=\"{&quot;aperture&quot;:&quot;0&quot;,&quot;credit&quot;:&quot;&quot;,&quot;camera&quot;:&quot;&quot;,&quot;caption&quot;:&quot;&quot;,&quot;created_timestamp&quot;:&quot;0&quot;,&quot;copyright&quot;:&quot;&quot;,&quot;focal_length&quot;:&quot;0&quot;,&quot;iso&quot;:&quot;0&quot;,&quot;shutter_speed&quot;:&quot;0&quot;,&quot;title&quot;:&quot;&quot;,&quot;orientation&quot;:&quot;0&quot;}\" data-image-title=\"descarga\" data-image-description=\"\" data-image-caption=\"\" data-large-file=\"https:\/\/cloud.alqueria.es\/wp-content\/uploads\/sites\/9\/2018\/12\/descarga.jpg\" class=\"alignright wp-image-34372\" src=\"https:\/\/cloud.alqueria.es\/wp-content\/uploads\/sites\/9\/2018\/12\/descarga.jpg\" alt=\"\" width=\"146\" height=\"145\" srcset=\"https:\/\/cloud.alqueria.es\/wp-content\/uploads\/sites\/9\/2018\/12\/descarga.jpg 225w, https:\/\/cloud.alqueria.es\/wp-content\/uploads\/sites\/9\/2018\/12\/descarga.jpg 150w\" sizes=\"(max-width: 146px) 100vw, 146px\" \/> cumplea\u00f1os de nuestra compa\u00f1era Paola y hoy ha querido celebrarlo con nosotros.<\/p>\n<p>Ha tra\u00eddo un estupendo bizcocho con el que todos hemos disfrutado de lo lindo, nosotros a cambio le hemos dedicado unos dibujos preciosos que le quedar\u00e1n como recuerdo de su paso por la clase amarilla.<\/p>\n<p>A esta fiesta hemos invitado, por supuesto, a nuestros \u00abvecinos\u00bb del grupo azul. Cantamos, bailamos y empezamos a ensayar villancicos para ir ambient\u00e1ndonos en la \u00e9poca festiva que se acerca.<\/p>\n<p><img decoding=\"async\" data-attachment-id=\"34377\" data-permalink=\"https:\/\/www.alqueria.es\/blogs\/alqueriaamarillanaranja\/2018\/12\/03\/lunes-6\/dsc06864\/\" data-orig-file=\"https:\/\/cloud.alqueria.es\/wp-content\/uploads\/sites\/9\/2018\/12\/DSC06864.jpg\" data-orig-size=\"1024,576\" data-comments-opened=\"1\" data-image-meta=\"{&quot;aperture&quot;:&quot;0&quot;,&quot;credit&quot;:&quot;&quot;,&quot;camera&quot;:&quot;&quot;,&quot;caption&quot;:&quot;&quot;,&quot;created_timestamp&quot;:&quot;0&quot;,&quot;copyright&quot;:&quot;&quot;,&quot;focal_length&quot;:&quot;0&quot;,&quot;iso&quot;:&quot;0&quot;,&quot;shutter_speed&quot;:&quot;0&quot;,&quot;title&quot;:&quot;&quot;,&quot;orientation&quot;:&quot;0&quot;}\" data-image-title=\"DSC06864\" data-image-description=\"\" data-image-caption=\"\" data-large-file=\"https:\/\/cloud.alqueria.es\/wp-content\/uploads\/sites\/9\/2018\/12\/DSC06864.jpg\" class=\"alignleft size-medium wp-image-34377\" src=\"https:\/\/cloud.alqueria.es\/wp-content\/uploads\/sites\/9\/2018\/12\/DSC06864.jpg\" alt=\"\" width=\"300\" height=\"169\" srcset=\"https:\/\/cloud.alqueria.es\/wp-content\/uploads\/sites\/9\/2018\/12\/DSC06864.jpg 1024w, https:\/\/cloud.alqueria.es\/wp-content\/uploads\/sites\/9\/2018\/12\/DSC06864.jpg 300w, https:\/\/cloud.alqueria.es\/wp-content\/uploads\/sites\/9\/2018\/12\/DSC06864.jpg 768w\" sizes=\"(max-width: 300px) 100vw, 300px\" \/><img decoding=\"async\" data-attachment-id=\"34388\" data-permalink=\"https:\/\/www.alqueria.es\/blogs\/alqueriaamarillanaranja\/2018\/12\/03\/lunes-6\/img_20181203_101257\/\" data-orig-file=\"https:\/\/cloud.alqueria.es\/wp-content\/uploads\/sites\/9\/2018\/12\/IMG_20181203_101257.jpg\" data-orig-size=\"1024,576\" data-comments-opened=\"1\" data-image-meta=\"{&quot;aperture&quot;:&quot;0&quot;,&quot;credit&quot;:&quot;&quot;,&quot;camera&quot;:&quot;&quot;,&quot;caption&quot;:&quot;&quot;,&quot;created_timestamp&quot;:&quot;0&quot;,&quot;copyright&quot;:&quot;&quot;,&quot;focal_length&quot;:&quot;0&quot;,&quot;iso&quot;:&quot;0&quot;,&quot;shutter_speed&quot;:&quot;0&quot;,&quot;title&quot;:&quot;&quot;,&quot;orientation&quot;:&quot;0&quot;}\" data-image-title=\"IMG_20181203_101257\" data-image-description=\"\" data-image-caption=\"\" data-large-file=\"https:\/\/cloud.alqueria.es\/wp-content\/uploads\/sites\/9\/2018\/12\/IMG_20181203_101257.jpg\" class=\"alignleft size-medium wp-image-34388\" src=\"https:\/\/cloud.alqueria.es\/wp-content\/uploads\/sites\/9\/2018\/12\/IMG_20181203_101257.jpg\" alt=\"\" width=\"300\" height=\"169\" srcset=\"https:\/\/cloud.alqueria.es\/wp-content\/uploads\/sites\/9\/2018\/12\/IMG_20181203_101257.jpg 1024w, https:\/\/cloud.alqueria.es\/wp-content\/uploads\/sites\/9\/2018\/12\/IMG_20181203_101257.jpg 300w, https:\/\/cloud.alqueria.es\/wp-content\/uploads\/sites\/9\/2018\/12\/IMG_20181203_101257.jpg 768w\" sizes=\"(max-width: 300px) 100vw, 300px\" \/><\/p>\n<p><img decoding=\"async\" data-attachment-id=\"34374\" data-permalink=\"https:\/\/www.alqueria.es\/blogs\/alqueriaamarillanaranja\/2018\/12\/03\/lunes-6\/descarga-1-48\/\" data-orig-file=\"https:\/\/cloud.alqueria.es\/wp-content\/uploads\/sites\/9\/2018\/12\/descarga-1.jpg\" data-orig-size=\"225,225\" data-comments-opened=\"1\" data-image-meta=\"{&quot;aperture&quot;:&quot;0&quot;,&quot;credit&quot;:&quot;&quot;,&quot;camera&quot;:&quot;&quot;,&quot;caption&quot;:&quot;&quot;,&quot;created_timestamp&quot;:&quot;0&quot;,&quot;copyright&quot;:&quot;&quot;,&quot;focal_length&quot;:&quot;0&quot;,&quot;iso&quot;:&quot;0&quot;,&quot;shutter_speed&quot;:&quot;0&quot;,&quot;title&quot;:&quot;&quot;,&quot;orientation&quot;:&quot;0&quot;}\" data-image-title=\"descarga-1\" data-image-description=\"\" data-image-caption=\"\" data-large-file=\"https:\/\/cloud.alqueria.es\/wp-content\/uploads\/sites\/9\/2018\/12\/descarga-1.jpg\" class=\"alignleft wp-image-34374\" src=\"https:\/\/cloud.alqueria.es\/wp-content\/uploads\/sites\/9\/2018\/12\/descarga-1.jpg\" alt=\"\" width=\"134\" height=\"134\" srcset=\"https:\/\/cloud.alqueria.es\/wp-content\/uploads\/sites\/9\/2018\/12\/descarga-1.jpg 225w, https:\/\/cloud.alqueria.es\/wp-content\/uploads\/sites\/9\/2018\/12\/descarga-1.jpg 150w\" sizes=\"(max-width: 134px) 100vw, 134px\" \/><\/p>\n<p>&nbsp;<\/p>\n<p>&nbsp;<\/p>\n<p>&nbsp;<\/p>\n<p>&nbsp;<\/p>\n<p>&nbsp;<\/p>\n<p>&nbsp;<\/p>\n<p>&nbsp;<\/p>\n<p>&nbsp;<\/p>\n<p>Aunque todav\u00eda no hace fr\u00edo (m\u00e1s bien calor), vamos a ir introduciendo la tem\u00e1tica del invierno: los colores fr\u00edos, la nieve, caracter\u00edsticas de la estaci\u00f3n.<\/p>\n<p>&nbsp;<\/p>\n<p>Hasta ma\u00f1ana.<\/p>\n<p>&nbsp;<\/p>\n","protected":false},"excerpt":{"rendered":"<p>Comenzamos la semana de fiesta; este finde ha sido el segundo cumplea\u00f1os de nuestra compa\u00f1era Paola y hoy ha querido celebrarlo con nosotros. Ha tra\u00eddo un estupendo bizcocho con el que todos hemos disfrutado de lo lindo, nosotros a cambio le hemos dedicado unos dibujos preciosos que le quedar\u00e1n como recuerdo de su paso por &hellip; <a href=\"https:\/\/www.alqueria.es\/blogs\/alqueriaamarillanaranja\/2018\/12\/03\/lunes-6\/\" class=\"more-link\">Seguir leyendo <span class=\"screen-reader-text\">\u00a1CELEBRAMOS CUMPLEA\u00d1OS!<\/span> <span class=\"meta-nav\">&rarr;<\/span><\/a><\/p>\n","protected":false},"author":23,"featured_media":0,"comment_status":"open","ping_status":"open","sticky":false,"template":"","format":"standard","meta":{"jetpack_post_was_ever_published":false,"_jetpack_newsletter_access":"","_jetpack_dont_email_post_to_subs":false,"_jetpack_newsletter_tier_id":0,"_jetpack_memberships_contains_paywalled_content":false,"_jetpack_memberships_contains_paid_content":false,"footnotes":"","jetpack_publicize_message":"","jetpack_publicize_feature_enabled":true,"jetpack_social_post_already_shared":true,"jetpack_social_options":{"image_generator_settings":{"template":"highway","default_image_id":0,"font":"","enabled":false},"version":2}},"categories":[6],"tags":[42],"class_list":["post-34365","post","type-post","status-publish","format-standard","hentry","category-clase-amarilla","tag-cumpleanos"],"jetpack_publicize_connections":[],"jetpack_featured_media_url":"","jetpack_sharing_enabled":true,"jetpack_shortlink":"https:\/\/wp.me\/p4lG08-8Wh","jetpack-related-posts":[],"_links":{"self":[{"href":"https:\/\/www.alqueria.es\/blogs\/alqueriaamarillanaranja\/wp-json\/wp\/v2\/posts\/34365","targetHints":{"allow":["GET"]}}],"collection":[{"href":"https:\/\/www.alqueria.es\/blogs\/alqueriaamarillanaranja\/wp-json\/wp\/v2\/posts"}],"about":[{"href":"https:\/\/www.alqueria.es\/blogs\/alqueriaamarillanaranja\/wp-json\/wp\/v2\/types\/post"}],"author":[{"embeddable":true,"href":"https:\/\/www.alqueria.es\/blogs\/alqueriaamarillanaranja\/wp-json\/wp\/v2\/users\/23"}],"replies":[{"embeddable":true,"href":"https:\/\/www.alqueria.es\/blogs\/alqueriaamarillanaranja\/wp-json\/wp\/v2\/comments?post=34365"}],"version-history":[{"count":0,"href":"https:\/\/www.alqueria.es\/blogs\/alqueriaamarillanaranja\/wp-json\/wp\/v2\/posts\/34365\/revisions"}],"wp:attachment":[{"href":"https:\/\/www.alqueria.es\/blogs\/alqueriaamarillanaranja\/wp-json\/wp\/v2\/media?parent=34365"}],"wp:term":[{"taxonomy":"category","embeddable":true,"href":"https:\/\/www.alqueria.es\/blogs\/alqueriaamarillanaranja\/wp-json\/wp\/v2\/categories?post=34365"},{"taxonomy":"post_tag","embeddable":true,"href":"https:\/\/www.alqueria.es\/blogs\/alqueriaamarillanaranja\/wp-json\/wp\/v2\/tags?post=34365"}],"curies":[{"name":"wp","href":"https:\/\/api.w.org\/{rel}","templated":true}]}}