{"id":34712,"date":"2018-12-19T21:16:43","date_gmt":"2018-12-19T20:16:43","guid":{"rendered":"https:\/\/www.alqueria.es\/blogs\/alqueriaamarillanaranja\/?p=34712"},"modified":"2018-12-19T21:16:43","modified_gmt":"2018-12-19T20:16:43","slug":"que-dia-tan-especial","status":"publish","type":"post","link":"https:\/\/www.alqueria.es\/blogs\/alqueriaamarillanaranja\/2018\/12\/19\/que-dia-tan-especial\/","title":{"rendered":"\u00a1QU\u00c9 D\u00cdA TAN ESPECIAL!"},"content":{"rendered":"<p style=\"text-align: center\"><span style=\"color: #ff0000\">\u00a1Qu\u00e9 d\u00eda tan especial!<\/span><\/p>\n<p>\u00a1Qu\u00e9 elegantes y guapos aparecen nuestros naranjitas a primera hora de la ma\u00f1ana! Desde primera hora nos preparamos para la ocasi\u00f3n con pajaritas y lazos&#8230;.es un d\u00eda especial y as\u00ed lo hemos vivido junto a ell@s.<\/p>\n<p>Como estaba previsto nos reunimos todo el ciclo 0-6 para interpretar los villancicos que han preparado con Elena en clase de m\u00fasica. \u00a1Lo han hecho genial!<\/p>\n<p>https:\/\/vimeo.com\/307239753https:\/\/vimeo.com\/307239753<\/p>\n<p>&nbsp;<\/p>\n<p><div class=\"a25-CTUOC-hidding-box\" data-original-content=\"&lt;iframe loading=&quot;lazy&quot; title=&quot;Untitled&quot; src=&quot;https:\/\/player.vimeo.com\/video\/307229362?dnt=1&amp;amp;app_id=122963&quot; width=&quot;474&quot; height=&quot;267&quot; frameborder=&quot;0&quot; allow=&quot;autoplay; fullscreen; picture-in-picture; clipboard-write&quot;&gt;&lt;\/iframe&gt;\">Esta p\u00e1gina incluye contenido multimedia que requiere aceptar todas las cookies. Pulse aqu\u00ed para abrir la configuraci\u00f3n de cookies.<\/div><\/p>\n<p>Y como manda la tradici\u00f3n en nuestro cole, al terminar el encuentro comemos peces de galleta, \u00a1qu\u00e9 ricosssss!<\/p>\n<p>Llega la hora del comedor y les espera\u00a0 una gran sorpresa&#8230;..M\u00daSICA\u00a0\u00a0 de villancicos en el comedor, mesas con VELAS\u00a0 y servilletas NAVIDE\u00d1AS.<\/p>\n<p>MEN\u00da:<\/p>\n<p><span style=\"color: #ff0000\">-Canap\u00e9s de Jam\u00f3n serrano y queso.<\/span><\/p>\n<p><span style=\"color: #ff0000\">-Sopa de estrellas con pollo.<\/span><\/p>\n<p><span style=\"color: #ff0000\">-Carne en salsa con patatas fritas.<\/span><\/p>\n<p><span style=\"color: #ff0000\">POSTRE: Nuestro turr\u00f3n de chocolate.<\/span><\/p>\n<p>\u00a1Qu\u00e9 caras de ilusi\u00f3n!<\/p>\n<p>Pod\u00e9is pasaros por el blog de la clase roja y verde para ver m\u00e1s fotitos&#8230;aqu\u00ed hoy ha sido imposible. Lo intentar\u00e9 ma\u00f1ana.<\/p>\n<p>Por cierto, necesitaremos los cacharros de cocina para el viernes, cantaremos y bailaremos villancicos juntos a los compa\u00f1eros de primaria.<\/p>\n<p>Silvia.<\/p>\n","protected":false},"excerpt":{"rendered":"<p>\u00a1Qu\u00e9 d\u00eda tan especial! \u00a1Qu\u00e9 elegantes y guapos aparecen nuestros naranjitas a primera hora de la ma\u00f1ana! Desde primera hora nos preparamos para la ocasi\u00f3n con pajaritas y lazos&#8230;.es un d\u00eda especial y as\u00ed lo hemos vivido junto a ell@s. Como estaba previsto nos reunimos todo el ciclo 0-6 para interpretar los villancicos que han &hellip; <a href=\"https:\/\/www.alqueria.es\/blogs\/alqueriaamarillanaranja\/2018\/12\/19\/que-dia-tan-especial\/\" class=\"more-link\">Seguir leyendo <span class=\"screen-reader-text\">\u00a1QU\u00c9 D\u00cdA TAN ESPECIAL!<\/span> <span class=\"meta-nav\">&rarr;<\/span><\/a><\/p>\n","protected":false},"author":23,"featured_media":0,"comment_status":"open","ping_status":"open","sticky":false,"template":"","format":"standard","meta":{"jetpack_post_was_ever_published":false,"_jetpack_newsletter_access":"","_jetpack_dont_email_post_to_subs":false,"_jetpack_newsletter_tier_id":0,"_jetpack_memberships_contains_paywalled_content":false,"_jetpack_memberships_contains_paid_content":false,"footnotes":"","jetpack_publicize_message":"","jetpack_publicize_feature_enabled":true,"jetpack_social_post_already_shared":true,"jetpack_social_options":{"image_generator_settings":{"template":"highway","default_image_id":0,"font":"","enabled":false},"version":2}},"categories":[7,8,13,312,1],"tags":[565],"class_list":["post-34712","post","type-post","status-publish","format-standard","hentry","category-clase-naranja","category-diario","category-fiestas-y-dias-de-significacion-especial","category-musica","category-sin-categoria","tag-encuentro-villancicos"],"jetpack_publicize_connections":[],"jetpack_featured_media_url":"","jetpack_sharing_enabled":true,"jetpack_shortlink":"https:\/\/wp.me\/p4lG08-91S","jetpack-related-posts":[],"_links":{"self":[{"href":"https:\/\/www.alqueria.es\/blogs\/alqueriaamarillanaranja\/wp-json\/wp\/v2\/posts\/34712","targetHints":{"allow":["GET"]}}],"collection":[{"href":"https:\/\/www.alqueria.es\/blogs\/alqueriaamarillanaranja\/wp-json\/wp\/v2\/posts"}],"about":[{"href":"https:\/\/www.alqueria.es\/blogs\/alqueriaamarillanaranja\/wp-json\/wp\/v2\/types\/post"}],"author":[{"embeddable":true,"href":"https:\/\/www.alqueria.es\/blogs\/alqueriaamarillanaranja\/wp-json\/wp\/v2\/users\/23"}],"replies":[{"embeddable":true,"href":"https:\/\/www.alqueria.es\/blogs\/alqueriaamarillanaranja\/wp-json\/wp\/v2\/comments?post=34712"}],"version-history":[{"count":0,"href":"https:\/\/www.alqueria.es\/blogs\/alqueriaamarillanaranja\/wp-json\/wp\/v2\/posts\/34712\/revisions"}],"wp:attachment":[{"href":"https:\/\/www.alqueria.es\/blogs\/alqueriaamarillanaranja\/wp-json\/wp\/v2\/media?parent=34712"}],"wp:term":[{"taxonomy":"category","embeddable":true,"href":"https:\/\/www.alqueria.es\/blogs\/alqueriaamarillanaranja\/wp-json\/wp\/v2\/categories?post=34712"},{"taxonomy":"post_tag","embeddable":true,"href":"https:\/\/www.alqueria.es\/blogs\/alqueriaamarillanaranja\/wp-json\/wp\/v2\/tags?post=34712"}],"curies":[{"name":"wp","href":"https:\/\/api.w.org\/{rel}","templated":true}]}}