{"id":34922,"date":"2019-01-11T17:41:25","date_gmt":"2019-01-11T16:41:25","guid":{"rendered":"https:\/\/www.alqueria.es\/blogs\/alqueriaamarillanaranja\/?p=34922"},"modified":"2019-01-11T17:41:25","modified_gmt":"2019-01-11T16:41:25","slug":"tarde-cooperativa-compartimos-juguetes","status":"publish","type":"post","link":"https:\/\/www.alqueria.es\/blogs\/alqueriaamarillanaranja\/2019\/01\/11\/tarde-cooperativa-compartimos-juguetes\/","title":{"rendered":"TARDE COOPERATIVA: Compartimos juguetes"},"content":{"rendered":"<p>El d\u00eda gira entorno a los juguetes que han tra\u00eddo de casa para compartir con los compa\u00f1eros de clase y con el resto de ni\u00f1@s del ciclo en la Tarde Cooperativa. \u00a1Estaban emocionad\u00edsimos!!!!<\/p>\n<p><img decoding=\"async\" data-attachment-id=\"34923\" data-permalink=\"https:\/\/www.alqueria.es\/blogs\/alqueriaamarillanaranja\/2019\/01\/11\/tarde-cooperativa-compartimos-juguetes\/ni-ntildeos-del-baile-thumb156098591-2\/\" data-orig-file=\"https:\/\/cloud.alqueria.es\/wp-content\/uploads\/sites\/9\/2019\/01\/ni-ntildeos-del-baile-thumb156098591.jpg\" data-orig-size=\"400,300\" data-comments-opened=\"1\" data-image-meta=\"{&quot;aperture&quot;:&quot;0&quot;,&quot;credit&quot;:&quot;&quot;,&quot;camera&quot;:&quot;&quot;,&quot;caption&quot;:&quot;&quot;,&quot;created_timestamp&quot;:&quot;0&quot;,&quot;copyright&quot;:&quot;&quot;,&quot;focal_length&quot;:&quot;0&quot;,&quot;iso&quot;:&quot;0&quot;,&quot;shutter_speed&quot;:&quot;0&quot;,&quot;title&quot;:&quot;&quot;,&quot;orientation&quot;:&quot;0&quot;}\" data-image-title=\"ni-ntildeos-del-baile-thumb156098591\" data-image-description=\"\" data-image-caption=\"\" data-large-file=\"https:\/\/cloud.alqueria.es\/wp-content\/uploads\/sites\/9\/2019\/01\/ni-ntildeos-del-baile-thumb156098591.jpg\" class=\"alignleft size-medium wp-image-34923\" src=\"https:\/\/cloud.alqueria.es\/wp-content\/uploads\/sites\/9\/2019\/01\/ni-ntildeos-del-baile-thumb156098591.jpg\" alt=\"\" width=\"300\" height=\"225\" srcset=\"https:\/\/cloud.alqueria.es\/wp-content\/uploads\/sites\/9\/2019\/01\/ni-ntildeos-del-baile-thumb156098591.jpg 400w, https:\/\/cloud.alqueria.es\/wp-content\/uploads\/sites\/9\/2019\/01\/ni-ntildeos-del-baile-thumb156098591.jpg 300w\" sizes=\"(max-width: 300px) 100vw, 300px\" \/><\/p>\n<p>Compartir a estas edades es dif\u00edcil, no es ego\u00edsmo, sino parte de su desarrollo. Desprenderse de un juguete, significa perder una parte de \u00e9l. Lo que no est\u00e1 no existe (les cuesta entender que las cosas que se prestan vuelven m\u00e1s tarde). Debemos ense\u00f1arle, poco a poco y con muchaaaa paciencia a ponerse en el lugar de los dem\u00e1s. Debemos aprovechar las situaciones y transformarlas en lecciones pr\u00e1cticas,jajaja&#8230;\u00a1ojo!en ocasiones debemos aceptar su negativa a compartir ( cada uno de ellos tiene sus pertenencias\u00a0 favoritas a las que se siente emocionalmente unido).<\/p>\n<p>Jugar con otros ni\u00f1os, dar ejemplo, no criticarle, distinguir qu\u00e9 cosas son de todos y qu\u00e9 cosas son suyas y respetar sus cosas son algunas de las reglas que debemos ense\u00f1ar a nuestros peque\u00f1os para que aprendan a ser generosos.<\/p>\n<p>Os dejo algunas fotos de los momentos que han compartido a lo largo del d\u00eda con sus compa\u00f1eros de ciclo:<\/p>\n<p class=\"jetpack-slideshow-noscript robots-nocontent\">El pase de diapositivas requiere JavaScript.<\/p><div id=\"gallery-34922-1-slideshow\" class=\"jetpack-slideshow-window jetpack-slideshow jetpack-slideshow-black\" data-trans=\"fade\" data-autostart=\"1\" data-gallery=\"[{&quot;src&quot;:&quot;https:\\\/\\\/cloud.alqueria.es\\\/wp-content\\\/uploads\\\/sites\\\/9\\\/2019\\\/01\\\/DSCN3934.jpg&quot;,&quot;id&quot;:&quot;34935&quot;,&quot;title&quot;:&quot;DSCN3934&quot;,&quot;alt&quot;:&quot;&quot;,&quot;caption&quot;:&quot;&quot;,&quot;itemprop&quot;:&quot;image&quot;},{&quot;src&quot;:&quot;https:\\\/\\\/cloud.alqueria.es\\\/wp-content\\\/uploads\\\/sites\\\/9\\\/2019\\\/01\\\/DSCN3933.jpg&quot;,&quot;id&quot;:&quot;34934&quot;,&quot;title&quot;:&quot;DSCN3933&quot;,&quot;alt&quot;:&quot;&quot;,&quot;caption&quot;:&quot;&quot;,&quot;itemprop&quot;:&quot;image&quot;},{&quot;src&quot;:&quot;https:\\\/\\\/cloud.alqueria.es\\\/wp-content\\\/uploads\\\/sites\\\/9\\\/2019\\\/01\\\/DSCN3932.jpg&quot;,&quot;id&quot;:&quot;34933&quot;,&quot;title&quot;:&quot;DSCN3932&quot;,&quot;alt&quot;:&quot;&quot;,&quot;caption&quot;:&quot;&quot;,&quot;itemprop&quot;:&quot;image&quot;},{&quot;src&quot;:&quot;https:\\\/\\\/cloud.alqueria.es\\\/wp-content\\\/uploads\\\/sites\\\/9\\\/2019\\\/01\\\/DSCN3926.jpg&quot;,&quot;id&quot;:&quot;34927&quot;,&quot;title&quot;:&quot;DSCN3926&quot;,&quot;alt&quot;:&quot;&quot;,&quot;caption&quot;:&quot;&quot;,&quot;itemprop&quot;:&quot;image&quot;},{&quot;src&quot;:&quot;https:\\\/\\\/cloud.alqueria.es\\\/wp-content\\\/uploads\\\/sites\\\/9\\\/2019\\\/01\\\/DSCN3927.jpg&quot;,&quot;id&quot;:&quot;34928&quot;,&quot;title&quot;:&quot;DSCN3927&quot;,&quot;alt&quot;:&quot;&quot;,&quot;caption&quot;:&quot;&quot;,&quot;itemprop&quot;:&quot;image&quot;},{&quot;src&quot;:&quot;https:\\\/\\\/cloud.alqueria.es\\\/wp-content\\\/uploads\\\/sites\\\/9\\\/2019\\\/01\\\/DSCN3928.jpg&quot;,&quot;id&quot;:&quot;34929&quot;,&quot;title&quot;:&quot;DSCN3928&quot;,&quot;alt&quot;:&quot;&quot;,&quot;caption&quot;:&quot;&quot;,&quot;itemprop&quot;:&quot;image&quot;},{&quot;src&quot;:&quot;https:\\\/\\\/cloud.alqueria.es\\\/wp-content\\\/uploads\\\/sites\\\/9\\\/2019\\\/01\\\/DSCN3929.jpg&quot;,&quot;id&quot;:&quot;34930&quot;,&quot;title&quot;:&quot;DSCN3929&quot;,&quot;alt&quot;:&quot;&quot;,&quot;caption&quot;:&quot;&quot;,&quot;itemprop&quot;:&quot;image&quot;},{&quot;src&quot;:&quot;https:\\\/\\\/cloud.alqueria.es\\\/wp-content\\\/uploads\\\/sites\\\/9\\\/2019\\\/01\\\/DSCN3930.jpg&quot;,&quot;id&quot;:&quot;34931&quot;,&quot;title&quot;:&quot;DSCN3930&quot;,&quot;alt&quot;:&quot;&quot;,&quot;caption&quot;:&quot;&quot;,&quot;itemprop&quot;:&quot;image&quot;},{&quot;src&quot;:&quot;https:\\\/\\\/cloud.alqueria.es\\\/wp-content\\\/uploads\\\/sites\\\/9\\\/2019\\\/01\\\/DSCN3931.jpg&quot;,&quot;id&quot;:&quot;34932&quot;,&quot;title&quot;:&quot;DSCN3931&quot;,&quot;alt&quot;:&quot;&quot;,&quot;caption&quot;:&quot;&quot;,&quot;itemprop&quot;:&quot;image&quot;},{&quot;src&quot;:&quot;https:\\\/\\\/cloud.alqueria.es\\\/wp-content\\\/uploads\\\/sites\\\/9\\\/2019\\\/01\\\/DSCN3935.jpg&quot;,&quot;id&quot;:&quot;34926&quot;,&quot;title&quot;:&quot;DSCN3935&quot;,&quot;alt&quot;:&quot;&quot;,&quot;caption&quot;:&quot;&quot;,&quot;itemprop&quot;:&quot;image&quot;}]\" itemscope itemtype=\"https:\/\/schema.org\/ImageGallery\"><\/div>\n<p>&nbsp;<\/p>\n<p>Buen fin de semana!<\/p>\n<p>Silvia.<\/p>\n<p>&nbsp;<\/p>\n","protected":false},"excerpt":{"rendered":"<p>El d\u00eda gira entorno a los juguetes que han tra\u00eddo de casa para compartir con los compa\u00f1eros de clase y con el resto de ni\u00f1@s del ciclo en la Tarde Cooperativa. \u00a1Estaban emocionad\u00edsimos!!!! Compartir a estas edades es dif\u00edcil, no es ego\u00edsmo, sino parte de su desarrollo. Desprenderse de un juguete, significa perder una parte &hellip; <a href=\"https:\/\/www.alqueria.es\/blogs\/alqueriaamarillanaranja\/2019\/01\/11\/tarde-cooperativa-compartimos-juguetes\/\" class=\"more-link\">Seguir leyendo <span class=\"screen-reader-text\">TARDE COOPERATIVA: Compartimos juguetes<\/span> <span class=\"meta-nav\">&rarr;<\/span><\/a><\/p>\n","protected":false},"author":23,"featured_media":0,"comment_status":"open","ping_status":"open","sticky":false,"template":"","format":"standard","meta":{"jetpack_post_was_ever_published":false,"_jetpack_newsletter_access":"","_jetpack_dont_email_post_to_subs":false,"_jetpack_newsletter_tier_id":0,"_jetpack_memberships_contains_paywalled_content":false,"_jetpack_memberships_contains_paid_content":false,"footnotes":"","jetpack_publicize_message":"","jetpack_publicize_feature_enabled":true,"jetpack_social_post_already_shared":true,"jetpack_social_options":{"image_generator_settings":{"template":"highway","default_image_id":0,"font":"","enabled":false},"version":2}},"categories":[7,10,1],"tags":[25,48,566,144,123],"class_list":["post-34922","post","type-post","status-publish","format-standard","hentry","category-clase-naranja","category-especialistas","category-sin-categoria","tag-adaptacion","tag-educacion-fisica","tag-juguetes-compartidos","tag-musica","tag-tarde-cooperativa"],"jetpack_publicize_connections":[],"jetpack_featured_media_url":"","jetpack_sharing_enabled":true,"jetpack_shortlink":"https:\/\/wp.me\/p4lG08-95g","jetpack-related-posts":[],"_links":{"self":[{"href":"https:\/\/www.alqueria.es\/blogs\/alqueriaamarillanaranja\/wp-json\/wp\/v2\/posts\/34922","targetHints":{"allow":["GET"]}}],"collection":[{"href":"https:\/\/www.alqueria.es\/blogs\/alqueriaamarillanaranja\/wp-json\/wp\/v2\/posts"}],"about":[{"href":"https:\/\/www.alqueria.es\/blogs\/alqueriaamarillanaranja\/wp-json\/wp\/v2\/types\/post"}],"author":[{"embeddable":true,"href":"https:\/\/www.alqueria.es\/blogs\/alqueriaamarillanaranja\/wp-json\/wp\/v2\/users\/23"}],"replies":[{"embeddable":true,"href":"https:\/\/www.alqueria.es\/blogs\/alqueriaamarillanaranja\/wp-json\/wp\/v2\/comments?post=34922"}],"version-history":[{"count":0,"href":"https:\/\/www.alqueria.es\/blogs\/alqueriaamarillanaranja\/wp-json\/wp\/v2\/posts\/34922\/revisions"}],"wp:attachment":[{"href":"https:\/\/www.alqueria.es\/blogs\/alqueriaamarillanaranja\/wp-json\/wp\/v2\/media?parent=34922"}],"wp:term":[{"taxonomy":"category","embeddable":true,"href":"https:\/\/www.alqueria.es\/blogs\/alqueriaamarillanaranja\/wp-json\/wp\/v2\/categories?post=34922"},{"taxonomy":"post_tag","embeddable":true,"href":"https:\/\/www.alqueria.es\/blogs\/alqueriaamarillanaranja\/wp-json\/wp\/v2\/tags?post=34922"}],"curies":[{"name":"wp","href":"https:\/\/api.w.org\/{rel}","templated":true}]}}