{"id":35297,"date":"2019-01-28T19:15:32","date_gmt":"2019-01-28T18:15:32","guid":{"rendered":"https:\/\/www.alqueria.es\/blogs\/alqueriaamarillanaranja\/?p=35297"},"modified":"2019-01-28T19:15:32","modified_gmt":"2019-01-28T18:15:32","slug":"nos-disfrazamos-7","status":"publish","type":"post","link":"https:\/\/www.alqueria.es\/blogs\/alqueriaamarillanaranja\/2019\/01\/28\/nos-disfrazamos-7\/","title":{"rendered":"\u00a1Nos disfrazamos!"},"content":{"rendered":"<p>Hola, buenas tardes, hemos empezado la ma\u00f1ana con carreras por la clase y es que la energ\u00eda hay moverla un poco por la ma\u00f1ana.<\/p>\n<p>Luego hacemos una asamblea y les cuento que la fiesta de carnaval es para re\u00edr y pasarlo bien, la idea les gusta e inmediatamente empiezan a re\u00edr&#x1f923;&#x1f923;. Despu\u00e9s les propongo jugar a los disfraces para ir ambient\u00e1ndonos, aunque algunos cuando estaban disfrazados dec\u00edan \u00a1\u00bbvamos a la feria\u00bb!.<\/p>\n<p class=\"jetpack-slideshow-noscript robots-nocontent\">El pase de diapositivas requiere JavaScript.<\/p><div id=\"gallery-35297-1-slideshow\" class=\"jetpack-slideshow-window jetpack-slideshow jetpack-slideshow-black\" data-trans=\"fade\" data-autostart=\"1\" data-gallery=\"[{&quot;src&quot;:&quot;https:\\\/\\\/cloud.alqueria.es\\\/wp-content\\\/uploads\\\/sites\\\/9\\\/2019\\\/01\\\/IMG_20190128_094538.jpg&quot;,&quot;id&quot;:&quot;35298&quot;,&quot;title&quot;:&quot;IMG_20190128_094538&quot;,&quot;alt&quot;:&quot;&quot;,&quot;caption&quot;:&quot;&quot;,&quot;itemprop&quot;:&quot;image&quot;},{&quot;src&quot;:&quot;https:\\\/\\\/cloud.alqueria.es\\\/wp-content\\\/uploads\\\/sites\\\/9\\\/2019\\\/01\\\/IMG_20190128_094918.jpg&quot;,&quot;id&quot;:&quot;35299&quot;,&quot;title&quot;:&quot;IMG_20190128_094918&quot;,&quot;alt&quot;:&quot;&quot;,&quot;caption&quot;:&quot;&quot;,&quot;itemprop&quot;:&quot;image&quot;},{&quot;src&quot;:&quot;https:\\\/\\\/cloud.alqueria.es\\\/wp-content\\\/uploads\\\/sites\\\/9\\\/2019\\\/01\\\/IMG_20190128_095336.jpg&quot;,&quot;id&quot;:&quot;35301&quot;,&quot;title&quot;:&quot;IMG_20190128_095336&quot;,&quot;alt&quot;:&quot;&quot;,&quot;caption&quot;:&quot;&quot;,&quot;itemprop&quot;:&quot;image&quot;},{&quot;src&quot;:&quot;https:\\\/\\\/cloud.alqueria.es\\\/wp-content\\\/uploads\\\/sites\\\/9\\\/2019\\\/01\\\/IMG_20190128_095346.jpg&quot;,&quot;id&quot;:&quot;35302&quot;,&quot;title&quot;:&quot;IMG_20190128_095346&quot;,&quot;alt&quot;:&quot;&quot;,&quot;caption&quot;:&quot;&quot;,&quot;itemprop&quot;:&quot;image&quot;},{&quot;src&quot;:&quot;https:\\\/\\\/cloud.alqueria.es\\\/wp-content\\\/uploads\\\/sites\\\/9\\\/2019\\\/01\\\/IMG_20190128_100212.jpg&quot;,&quot;id&quot;:&quot;35303&quot;,&quot;title&quot;:&quot;IMG_20190128_100212&quot;,&quot;alt&quot;:&quot;&quot;,&quot;caption&quot;:&quot;&quot;,&quot;itemprop&quot;:&quot;image&quot;},{&quot;src&quot;:&quot;https:\\\/\\\/cloud.alqueria.es\\\/wp-content\\\/uploads\\\/sites\\\/9\\\/2019\\\/01\\\/IMG_20190128_101104.jpg&quot;,&quot;id&quot;:&quot;35304&quot;,&quot;title&quot;:&quot;IMG_20190128_101104&quot;,&quot;alt&quot;:&quot;&quot;,&quot;caption&quot;:&quot;&quot;,&quot;itemprop&quot;:&quot;image&quot;}]\" itemscope itemtype=\"https:\/\/schema.org\/ImageGallery\"><\/div>\n<p>Recogemos todo y volvemos a hacer otra asamblea para comer la fruta y contar un par de cuentos:<\/p>\n<p><img decoding=\"async\" data-attachment-id=\"35300\" data-permalink=\"https:\/\/www.alqueria.es\/blogs\/alqueriaamarillanaranja\/2019\/01\/28\/nos-disfrazamos-7\/img_20190128_095019\/\" data-orig-file=\"https:\/\/cloud.alqueria.es\/wp-content\/uploads\/sites\/9\/2019\/01\/IMG_20190128_095019-e1548698291969.jpg\" data-orig-size=\"576,1024\" data-comments-opened=\"1\" data-image-meta=\"{&quot;aperture&quot;:&quot;0&quot;,&quot;credit&quot;:&quot;&quot;,&quot;camera&quot;:&quot;&quot;,&quot;caption&quot;:&quot;&quot;,&quot;created_timestamp&quot;:&quot;0&quot;,&quot;copyright&quot;:&quot;&quot;,&quot;focal_length&quot;:&quot;0&quot;,&quot;iso&quot;:&quot;0&quot;,&quot;shutter_speed&quot;:&quot;0&quot;,&quot;title&quot;:&quot;&quot;,&quot;orientation&quot;:&quot;0&quot;}\" data-image-title=\"IMG_20190128_095019\" data-image-description=\"\" data-image-caption=\"\" data-large-file=\"https:\/\/cloud.alqueria.es\/wp-content\/uploads\/sites\/9\/2019\/01\/IMG_20190128_095019-e1548698291969.jpg\" class=\"alignleft wp-image-35300 size-medium\" src=\"https:\/\/cloud.alqueria.es\/wp-content\/uploads\/sites\/9\/2019\/01\/IMG_20190128_095019-e1548698291969.jpg\" alt=\"\" width=\"169\" height=\"300\" srcset=\"https:\/\/cloud.alqueria.es\/wp-content\/uploads\/sites\/9\/2019\/01\/IMG_20190128_095019-e1548698291969.jpg 576w, https:\/\/cloud.alqueria.es\/wp-content\/uploads\/sites\/9\/2019\/01\/IMG_20190128_095019-e1548698291969.jpg 169w\" sizes=\"(max-width: 169px) 100vw, 169px\" \/><\/p>\n<p><img decoding=\"async\" data-attachment-id=\"35305\" data-permalink=\"https:\/\/www.alqueria.es\/blogs\/alqueriaamarillanaranja\/2019\/01\/28\/nos-disfrazamos-7\/img_20190128_140133\/\" data-orig-file=\"https:\/\/cloud.alqueria.es\/wp-content\/uploads\/sites\/9\/2019\/01\/IMG_20190128_140133-e1548698234292.jpg\" data-orig-size=\"576,1024\" data-comments-opened=\"1\" data-image-meta=\"{&quot;aperture&quot;:&quot;0&quot;,&quot;credit&quot;:&quot;&quot;,&quot;camera&quot;:&quot;&quot;,&quot;caption&quot;:&quot;&quot;,&quot;created_timestamp&quot;:&quot;0&quot;,&quot;copyright&quot;:&quot;&quot;,&quot;focal_length&quot;:&quot;0&quot;,&quot;iso&quot;:&quot;0&quot;,&quot;shutter_speed&quot;:&quot;0&quot;,&quot;title&quot;:&quot;&quot;,&quot;orientation&quot;:&quot;0&quot;}\" data-image-title=\"IMG_20190128_140133\" data-image-description=\"\" data-image-caption=\"\" data-large-file=\"https:\/\/cloud.alqueria.es\/wp-content\/uploads\/sites\/9\/2019\/01\/IMG_20190128_140133-e1548698234292.jpg\" class=\"alignleft wp-image-35305 size-medium\" src=\"https:\/\/cloud.alqueria.es\/wp-content\/uploads\/sites\/9\/2019\/01\/IMG_20190128_140133-e1548698234292.jpg\" alt=\"\" width=\"169\" height=\"300\" srcset=\"https:\/\/cloud.alqueria.es\/wp-content\/uploads\/sites\/9\/2019\/01\/IMG_20190128_140133-e1548698234292.jpg 576w, https:\/\/cloud.alqueria.es\/wp-content\/uploads\/sites\/9\/2019\/01\/IMG_20190128_140133-e1548698234292.jpg 169w\" sizes=\"(max-width: 169px) 100vw, 169px\" \/><\/p>\n<p>&nbsp;<\/p>\n<p>&nbsp;<\/p>\n<p>&nbsp;<\/p>\n<p>&nbsp;<\/p>\n<p>&nbsp;<\/p>\n<p>&nbsp;<\/p>\n<p>&nbsp;<\/p>\n<p>\u00abA Pepe &amp; Mila les gusta la m\u00fasica\u00bb lo ha tra\u00eddo Vega y les ha gustado mucho, gracias por compartir.<\/p>\n<p>Terminamos y nos vamos al parque de los mayores, ya suben la gran monta\u00f1a todos hasta los m\u00e1s peque\u00f1itos. \u00a1Es que son ya un poco mayores!<\/p>\n<p>Llegan a la hora de comida con mucha hambre, y disfrutan de la pasta.<\/p>\n<p>Hasta ma\u00f1ana.<\/p>\n<p>Matilde Hidalgo<\/p>\n","protected":false},"excerpt":{"rendered":"<p>Hola, buenas tardes, hemos empezado la ma\u00f1ana con carreras por la clase y es que la energ\u00eda hay moverla un poco por la ma\u00f1ana. Luego hacemos una asamblea y les cuento que la fiesta de carnaval es para re\u00edr y pasarlo bien, la idea les gusta e inmediatamente empiezan a re\u00edr&#x1f923;&#x1f923;. Despu\u00e9s les propongo jugar &hellip; <a href=\"https:\/\/www.alqueria.es\/blogs\/alqueriaamarillanaranja\/2019\/01\/28\/nos-disfrazamos-7\/\" class=\"more-link\">Seguir leyendo <span class=\"screen-reader-text\">\u00a1Nos disfrazamos!<\/span> <span class=\"meta-nav\">&rarr;<\/span><\/a><\/p>\n","protected":false},"author":23,"featured_media":0,"comment_status":"open","ping_status":"open","sticky":false,"template":"","format":"standard","meta":{"jetpack_post_was_ever_published":false,"_jetpack_newsletter_access":"","_jetpack_dont_email_post_to_subs":false,"_jetpack_newsletter_tier_id":0,"_jetpack_memberships_contains_paywalled_content":false,"_jetpack_memberships_contains_paid_content":false,"footnotes":"","jetpack_publicize_message":"","jetpack_publicize_feature_enabled":true,"jetpack_social_post_already_shared":true,"jetpack_social_options":{"image_generator_settings":{"template":"highway","default_image_id":0,"font":"","enabled":false},"version":2}},"categories":[6],"tags":[34],"class_list":["post-35297","post","type-post","status-publish","format-standard","hentry","category-clase-amarilla","tag-carnaval"],"jetpack_publicize_connections":[],"jetpack_featured_media_url":"","jetpack_sharing_enabled":true,"jetpack_shortlink":"https:\/\/wp.me\/p4lG08-9bj","jetpack-related-posts":[],"_links":{"self":[{"href":"https:\/\/www.alqueria.es\/blogs\/alqueriaamarillanaranja\/wp-json\/wp\/v2\/posts\/35297","targetHints":{"allow":["GET"]}}],"collection":[{"href":"https:\/\/www.alqueria.es\/blogs\/alqueriaamarillanaranja\/wp-json\/wp\/v2\/posts"}],"about":[{"href":"https:\/\/www.alqueria.es\/blogs\/alqueriaamarillanaranja\/wp-json\/wp\/v2\/types\/post"}],"author":[{"embeddable":true,"href":"https:\/\/www.alqueria.es\/blogs\/alqueriaamarillanaranja\/wp-json\/wp\/v2\/users\/23"}],"replies":[{"embeddable":true,"href":"https:\/\/www.alqueria.es\/blogs\/alqueriaamarillanaranja\/wp-json\/wp\/v2\/comments?post=35297"}],"version-history":[{"count":0,"href":"https:\/\/www.alqueria.es\/blogs\/alqueriaamarillanaranja\/wp-json\/wp\/v2\/posts\/35297\/revisions"}],"wp:attachment":[{"href":"https:\/\/www.alqueria.es\/blogs\/alqueriaamarillanaranja\/wp-json\/wp\/v2\/media?parent=35297"}],"wp:term":[{"taxonomy":"category","embeddable":true,"href":"https:\/\/www.alqueria.es\/blogs\/alqueriaamarillanaranja\/wp-json\/wp\/v2\/categories?post=35297"},{"taxonomy":"post_tag","embeddable":true,"href":"https:\/\/www.alqueria.es\/blogs\/alqueriaamarillanaranja\/wp-json\/wp\/v2\/tags?post=35297"}],"curies":[{"name":"wp","href":"https:\/\/api.w.org\/{rel}","templated":true}]}}