{"id":35493,"date":"2019-02-06T21:09:12","date_gmt":"2019-02-06T20:09:12","guid":{"rendered":"https:\/\/www.alqueria.es\/blogs\/alqueriaamarillanaranja\/?p=35493"},"modified":"2019-02-06T21:09:12","modified_gmt":"2019-02-06T20:09:12","slug":"el-fantasma","status":"publish","type":"post","link":"https:\/\/www.alqueria.es\/blogs\/alqueriaamarillanaranja\/2019\/02\/06\/el-fantasma\/","title":{"rendered":"El fantasma&#8230;"},"content":{"rendered":"<p>Despu\u00e9s de los primeros momentos de juego libre, baile y cambios para los \u00abpeque\u00f1os\u00bb nos vamos a la asamblea y leemos el cuento que ha tra\u00eddo Jaime C. \u00abEl fantasma en apuros\u00bb. El tema les interesa y es de cierta forma parecido a nuestro \u00abchiste motor\u00bb, lo pasamos bien gesticulando como los personajes.<\/p>\n<p><img decoding=\"async\" data-attachment-id=\"35511\" data-permalink=\"https:\/\/www.alqueria.es\/blogs\/alqueriaamarillanaranja\/2019\/02\/06\/el-fantasma\/img_20190206_141209\/\" data-orig-file=\"https:\/\/cloud.alqueria.es\/wp-content\/uploads\/sites\/9\/2019\/02\/IMG_20190206_141209.jpg\" data-orig-size=\"576,1024\" data-comments-opened=\"1\" data-image-meta=\"{&quot;aperture&quot;:&quot;0&quot;,&quot;credit&quot;:&quot;&quot;,&quot;camera&quot;:&quot;&quot;,&quot;caption&quot;:&quot;&quot;,&quot;created_timestamp&quot;:&quot;0&quot;,&quot;copyright&quot;:&quot;&quot;,&quot;focal_length&quot;:&quot;0&quot;,&quot;iso&quot;:&quot;0&quot;,&quot;shutter_speed&quot;:&quot;0&quot;,&quot;title&quot;:&quot;&quot;,&quot;orientation&quot;:&quot;0&quot;}\" data-image-title=\"IMG_20190206_141209\" data-image-description=\"\" data-image-caption=\"\" data-large-file=\"https:\/\/cloud.alqueria.es\/wp-content\/uploads\/sites\/9\/2019\/02\/IMG_20190206_141209.jpg\" class=\"alignleft size-medium wp-image-35511\" src=\"https:\/\/cloud.alqueria.es\/wp-content\/uploads\/sites\/9\/2019\/02\/IMG_20190206_141209.jpg\" alt=\"\" width=\"169\" height=\"300\" srcset=\"https:\/\/cloud.alqueria.es\/wp-content\/uploads\/sites\/9\/2019\/02\/IMG_20190206_141209.jpg 576w, https:\/\/cloud.alqueria.es\/wp-content\/uploads\/sites\/9\/2019\/02\/IMG_20190206_141209.jpg 169w\" sizes=\"(max-width: 169px) 100vw, 169px\" \/><\/p>\n<p>El super ayudante pasa muy bien la lista de asistencia hoy ha sido Alejandro. Durante la asamblea llegan los m\u00e1s rezagados y al final: \u00a1otra vez estamos todos!<\/p>\n<p>Les pregunto que qu\u00e9 les parece si decoramos la clase con unas im\u00e1genes del cuento de yoga. Les parece bien y elegimos unas cuantas.<\/p>\n<p>Jugamos con los nombres y los apellidos, esto les gusta y empiezan a memorizar el nombre completo de algunos de sus compa\u00f1eros y compa\u00f1eras.<\/p>\n<p>Les invito a sentarse, les muestro un folio con un circulo rojo pegado y les pregunto: \u00ab\u00bfqu\u00e9 quer\u00e9is dibujar aqu\u00ed?\u00bb<\/p>\n<p>Han propuesto muchas ideas y estos son los resultados, os animo a que le pregunt\u00e9is sobre sus dibujos.<\/p>\n<p><img decoding=\"async\" data-attachment-id=\"35510\" data-permalink=\"https:\/\/www.alqueria.es\/blogs\/alqueriaamarillanaranja\/2019\/02\/06\/el-fantasma\/img_20190206_140225\/\" data-orig-file=\"https:\/\/cloud.alqueria.es\/wp-content\/uploads\/sites\/9\/2019\/02\/IMG_20190206_140225.jpg\" data-orig-size=\"1024,576\" data-comments-opened=\"1\" data-image-meta=\"{&quot;aperture&quot;:&quot;0&quot;,&quot;credit&quot;:&quot;&quot;,&quot;camera&quot;:&quot;&quot;,&quot;caption&quot;:&quot;&quot;,&quot;created_timestamp&quot;:&quot;0&quot;,&quot;copyright&quot;:&quot;&quot;,&quot;focal_length&quot;:&quot;0&quot;,&quot;iso&quot;:&quot;0&quot;,&quot;shutter_speed&quot;:&quot;0&quot;,&quot;title&quot;:&quot;&quot;,&quot;orientation&quot;:&quot;0&quot;}\" data-image-title=\"IMG_20190206_140225\" data-image-description=\"\" data-image-caption=\"\" data-large-file=\"https:\/\/cloud.alqueria.es\/wp-content\/uploads\/sites\/9\/2019\/02\/IMG_20190206_140225.jpg\" class=\"alignleft size-medium wp-image-35510\" src=\"https:\/\/cloud.alqueria.es\/wp-content\/uploads\/sites\/9\/2019\/02\/IMG_20190206_140225.jpg\" alt=\"\" width=\"300\" height=\"169\" srcset=\"https:\/\/cloud.alqueria.es\/wp-content\/uploads\/sites\/9\/2019\/02\/IMG_20190206_140225.jpg 1024w, https:\/\/cloud.alqueria.es\/wp-content\/uploads\/sites\/9\/2019\/02\/IMG_20190206_140225.jpg 300w, https:\/\/cloud.alqueria.es\/wp-content\/uploads\/sites\/9\/2019\/02\/IMG_20190206_140225.jpg 768w\" sizes=\"(max-width: 300px) 100vw, 300px\" \/><\/p>\n<p>&nbsp;<\/p>\n<p>&nbsp;<\/p>\n<p>&nbsp;<\/p>\n<p>&nbsp;<\/p>\n<p>Comemos peras y pl\u00e1tanos en la asamblea y nos preparamos, cada d\u00eda con m\u00e1s autonom\u00eda, poni\u00e9ndonos la chaqueta para bajar al parque.<\/p>\n<p><img decoding=\"async\" data-attachment-id=\"35515\" data-permalink=\"https:\/\/www.alqueria.es\/blogs\/alqueriaamarillanaranja\/2019\/02\/06\/el-fantasma\/img_20190206_113345\/\" data-orig-file=\"https:\/\/cloud.alqueria.es\/wp-content\/uploads\/sites\/9\/2019\/02\/IMG_20190206_113345.jpg\" data-orig-size=\"1024,576\" data-comments-opened=\"1\" data-image-meta=\"{&quot;aperture&quot;:&quot;0&quot;,&quot;credit&quot;:&quot;&quot;,&quot;camera&quot;:&quot;&quot;,&quot;caption&quot;:&quot;&quot;,&quot;created_timestamp&quot;:&quot;0&quot;,&quot;copyright&quot;:&quot;&quot;,&quot;focal_length&quot;:&quot;0&quot;,&quot;iso&quot;:&quot;0&quot;,&quot;shutter_speed&quot;:&quot;0&quot;,&quot;title&quot;:&quot;&quot;,&quot;orientation&quot;:&quot;0&quot;}\" data-image-title=\"IMG_20190206_113345\" data-image-description=\"\" data-image-caption=\"\" data-large-file=\"https:\/\/cloud.alqueria.es\/wp-content\/uploads\/sites\/9\/2019\/02\/IMG_20190206_113345.jpg\" class=\"alignleft size-medium wp-image-35515\" src=\"https:\/\/cloud.alqueria.es\/wp-content\/uploads\/sites\/9\/2019\/02\/IMG_20190206_113345.jpg\" alt=\"\" width=\"300\" height=\"169\" srcset=\"https:\/\/cloud.alqueria.es\/wp-content\/uploads\/sites\/9\/2019\/02\/IMG_20190206_113345.jpg 1024w, https:\/\/cloud.alqueria.es\/wp-content\/uploads\/sites\/9\/2019\/02\/IMG_20190206_113345.jpg 300w, https:\/\/cloud.alqueria.es\/wp-content\/uploads\/sites\/9\/2019\/02\/IMG_20190206_113345.jpg 768w\" sizes=\"(max-width: 300px) 100vw, 300px\" \/><\/p>\n<p>&nbsp;<\/p>\n<p>&nbsp;<\/p>\n<p>&nbsp;<\/p>\n<p>&nbsp;<\/p>\n<p>Cualquier momento es bueno para jugar, Nuria esta tarde nos invita a jugar con la masa hecha esta ma\u00f1ana por la clase azul.<\/p>\n<p class=\"jetpack-slideshow-noscript robots-nocontent\">El pase de diapositivas requiere JavaScript.<\/p><div id=\"gallery-35493-1-slideshow\" class=\"jetpack-slideshow-window jetpack-slideshow jetpack-slideshow-black\" data-trans=\"fade\" data-autostart=\"1\" data-gallery=\"[{&quot;src&quot;:&quot;https:\\\/\\\/cloud.alqueria.es\\\/wp-content\\\/uploads\\\/sites\\\/9\\\/2019\\\/02\\\/IMG_20190206_155612.jpg&quot;,&quot;id&quot;:&quot;35513&quot;,&quot;title&quot;:&quot;IMG_20190206_155612&quot;,&quot;alt&quot;:&quot;&quot;,&quot;caption&quot;:&quot;&quot;,&quot;itemprop&quot;:&quot;image&quot;},{&quot;src&quot;:&quot;https:\\\/\\\/cloud.alqueria.es\\\/wp-content\\\/uploads\\\/sites\\\/9\\\/2019\\\/02\\\/IMG_20190206_155537.jpg&quot;,&quot;id&quot;:&quot;35512&quot;,&quot;title&quot;:&quot;IMG_20190206_155537&quot;,&quot;alt&quot;:&quot;&quot;,&quot;caption&quot;:&quot;&quot;,&quot;itemprop&quot;:&quot;image&quot;},{&quot;src&quot;:&quot;https:\\\/\\\/cloud.alqueria.es\\\/wp-content\\\/uploads\\\/sites\\\/9\\\/2019\\\/02\\\/IMG_20190206_155628.jpg&quot;,&quot;id&quot;:&quot;35514&quot;,&quot;title&quot;:&quot;IMG_20190206_155628&quot;,&quot;alt&quot;:&quot;&quot;,&quot;caption&quot;:&quot;&quot;,&quot;itemprop&quot;:&quot;image&quot;}]\" itemscope itemtype=\"https:\/\/schema.org\/ImageGallery\"><\/div>\n<p>Hasta ma\u00f1ana.<\/p>\n<p>&nbsp;<\/p>\n<p>&nbsp;<\/p>\n<p>&nbsp;<\/p>\n","protected":false},"excerpt":{"rendered":"<p>Despu\u00e9s de los primeros momentos de juego libre, baile y cambios para los \u00abpeque\u00f1os\u00bb nos vamos a la asamblea y leemos el cuento que ha tra\u00eddo Jaime C. \u00abEl fantasma en apuros\u00bb. El tema les interesa y es de cierta forma parecido a nuestro \u00abchiste motor\u00bb, lo pasamos bien gesticulando como los personajes. El super &hellip; <a href=\"https:\/\/www.alqueria.es\/blogs\/alqueriaamarillanaranja\/2019\/02\/06\/el-fantasma\/\" class=\"more-link\">Seguir leyendo <span class=\"screen-reader-text\">El fantasma&#8230;<\/span> <span class=\"meta-nav\">&rarr;<\/span><\/a><\/p>\n","protected":false},"author":23,"featured_media":0,"comment_status":"open","ping_status":"open","sticky":false,"template":"","format":"standard","meta":{"jetpack_post_was_ever_published":false,"_jetpack_newsletter_access":"","_jetpack_dont_email_post_to_subs":false,"_jetpack_newsletter_tier_id":0,"_jetpack_memberships_contains_paywalled_content":false,"_jetpack_memberships_contains_paid_content":false,"footnotes":"","jetpack_publicize_message":"","jetpack_publicize_feature_enabled":true,"jetpack_social_post_already_shared":true,"jetpack_social_options":{"image_generator_settings":{"template":"highway","default_image_id":0,"font":"","enabled":false},"version":2}},"categories":[5,6],"tags":[470],"class_list":["post-35493","post","type-post","status-publish","format-standard","hentry","category-alfabetizacion","category-clase-amarilla","tag-actividad-de-alfabetizacion"],"jetpack_publicize_connections":[],"jetpack_featured_media_url":"","jetpack_sharing_enabled":true,"jetpack_shortlink":"https:\/\/wp.me\/p4lG08-9et","jetpack-related-posts":[],"_links":{"self":[{"href":"https:\/\/www.alqueria.es\/blogs\/alqueriaamarillanaranja\/wp-json\/wp\/v2\/posts\/35493","targetHints":{"allow":["GET"]}}],"collection":[{"href":"https:\/\/www.alqueria.es\/blogs\/alqueriaamarillanaranja\/wp-json\/wp\/v2\/posts"}],"about":[{"href":"https:\/\/www.alqueria.es\/blogs\/alqueriaamarillanaranja\/wp-json\/wp\/v2\/types\/post"}],"author":[{"embeddable":true,"href":"https:\/\/www.alqueria.es\/blogs\/alqueriaamarillanaranja\/wp-json\/wp\/v2\/users\/23"}],"replies":[{"embeddable":true,"href":"https:\/\/www.alqueria.es\/blogs\/alqueriaamarillanaranja\/wp-json\/wp\/v2\/comments?post=35493"}],"version-history":[{"count":0,"href":"https:\/\/www.alqueria.es\/blogs\/alqueriaamarillanaranja\/wp-json\/wp\/v2\/posts\/35493\/revisions"}],"wp:attachment":[{"href":"https:\/\/www.alqueria.es\/blogs\/alqueriaamarillanaranja\/wp-json\/wp\/v2\/media?parent=35493"}],"wp:term":[{"taxonomy":"category","embeddable":true,"href":"https:\/\/www.alqueria.es\/blogs\/alqueriaamarillanaranja\/wp-json\/wp\/v2\/categories?post=35493"},{"taxonomy":"post_tag","embeddable":true,"href":"https:\/\/www.alqueria.es\/blogs\/alqueriaamarillanaranja\/wp-json\/wp\/v2\/tags?post=35493"}],"curies":[{"name":"wp","href":"https:\/\/api.w.org\/{rel}","templated":true}]}}