{"id":35518,"date":"2019-02-07T20:26:13","date_gmt":"2019-02-07T19:26:13","guid":{"rendered":"https:\/\/www.alqueria.es\/blogs\/alqueriaamarillanaranja\/?p=35518"},"modified":"2019-02-07T20:26:13","modified_gmt":"2019-02-07T19:26:13","slug":"rio-genil","status":"publish","type":"post","link":"https:\/\/www.alqueria.es\/blogs\/alqueriaamarillanaranja\/2019\/02\/07\/rio-genil\/","title":{"rendered":"R\u00cdO GENIL"},"content":{"rendered":"<p>Buenas tardes familias:<\/p>\n<p>Seguimos con la propuesta de \u00abSuperh\u00e9roes\u00bb. Nuestros naranjitas se meten por completo en el rol de superh\u00e9roe sinti\u00e9ndose\u00a0 seguros y valientes para expresar cosas o experimentar. En la asamblea hablamos\u00a0 sobre que es ayudar a otros y lo que es hacer cosas que no est\u00e1n bien. Les explico que existen superh\u00e9roes que no tienen capa, ni saben volar pero son personas que ayudan a los dem\u00e1s cuando los dem\u00e1s lo necesitan. Estamos aprendiendo muchas cosas con la propuesta. Intentan confeccionar \u00abvaritas m\u00e1gicas\u00bb&#8230;les proporciono pajitas de colores y algun@s me piden papel para hacer una estrella y poder peg\u00e1rsela&#8230;.<\/p>\n<p><img decoding=\"async\" data-attachment-id=\"35522\" data-permalink=\"https:\/\/www.alqueria.es\/blogs\/alqueriaamarillanaranja\/2019\/02\/07\/rio-genil\/img_20190207_104040\/\" data-orig-file=\"https:\/\/cloud.alqueria.es\/wp-content\/uploads\/sites\/9\/2019\/02\/IMG_20190207_104040.jpg\" data-orig-size=\"512,512\" data-comments-opened=\"1\" data-image-meta=\"{&quot;aperture&quot;:&quot;0&quot;,&quot;credit&quot;:&quot;&quot;,&quot;camera&quot;:&quot;&quot;,&quot;caption&quot;:&quot;&quot;,&quot;created_timestamp&quot;:&quot;0&quot;,&quot;copyright&quot;:&quot;&quot;,&quot;focal_length&quot;:&quot;0&quot;,&quot;iso&quot;:&quot;0&quot;,&quot;shutter_speed&quot;:&quot;0&quot;,&quot;title&quot;:&quot;&quot;,&quot;orientation&quot;:&quot;0&quot;}\" data-image-title=\"IMG_20190207_104040\" data-image-description=\"\" data-image-caption=\"\" data-large-file=\"https:\/\/cloud.alqueria.es\/wp-content\/uploads\/sites\/9\/2019\/02\/IMG_20190207_104040.jpg\" class=\"alignleft size-medium wp-image-35522\" src=\"https:\/\/cloud.alqueria.es\/wp-content\/uploads\/sites\/9\/2019\/02\/IMG_20190207_104040.jpg\" alt=\"\" width=\"300\" height=\"300\" srcset=\"https:\/\/cloud.alqueria.es\/wp-content\/uploads\/sites\/9\/2019\/02\/IMG_20190207_104040.jpg 512w, https:\/\/cloud.alqueria.es\/wp-content\/uploads\/sites\/9\/2019\/02\/IMG_20190207_104040.jpg 150w, https:\/\/cloud.alqueria.es\/wp-content\/uploads\/sites\/9\/2019\/02\/IMG_20190207_104040.jpg 300w\" sizes=\"(max-width: 300px) 100vw, 300px\" \/><\/p>\n<p>Recogemos r\u00e1pido para comer la fruta ya que los grupos verde y rojo nos esperan para ir de excursi\u00f3n. El recorrido de hoy nos lleva al r\u00edo Genil. El ciclo al completo disfruta de un agradable paseo:<\/p>\n<p><img decoding=\"async\" data-attachment-id=\"35525\" data-permalink=\"https:\/\/www.alqueria.es\/blogs\/alqueriaamarillanaranja\/2019\/02\/07\/rio-genil\/img_20190207_112422\/\" data-orig-file=\"https:\/\/cloud.alqueria.es\/wp-content\/uploads\/sites\/9\/2019\/02\/IMG_20190207_112422.jpg\" data-orig-size=\"512,512\" data-comments-opened=\"1\" data-image-meta=\"{&quot;aperture&quot;:&quot;0&quot;,&quot;credit&quot;:&quot;&quot;,&quot;camera&quot;:&quot;&quot;,&quot;caption&quot;:&quot;&quot;,&quot;created_timestamp&quot;:&quot;0&quot;,&quot;copyright&quot;:&quot;&quot;,&quot;focal_length&quot;:&quot;0&quot;,&quot;iso&quot;:&quot;0&quot;,&quot;shutter_speed&quot;:&quot;0&quot;,&quot;title&quot;:&quot;&quot;,&quot;orientation&quot;:&quot;0&quot;}\" data-image-title=\"IMG_20190207_112422\" data-image-description=\"\" data-image-caption=\"\" data-large-file=\"https:\/\/cloud.alqueria.es\/wp-content\/uploads\/sites\/9\/2019\/02\/IMG_20190207_112422.jpg\" class=\"size-medium wp-image-35525 aligncenter\" src=\"https:\/\/cloud.alqueria.es\/wp-content\/uploads\/sites\/9\/2019\/02\/IMG_20190207_112422.jpg\" alt=\"\" width=\"300\" height=\"300\" srcset=\"https:\/\/cloud.alqueria.es\/wp-content\/uploads\/sites\/9\/2019\/02\/IMG_20190207_112422.jpg 512w, https:\/\/cloud.alqueria.es\/wp-content\/uploads\/sites\/9\/2019\/02\/IMG_20190207_112422.jpg 150w, https:\/\/cloud.alqueria.es\/wp-content\/uploads\/sites\/9\/2019\/02\/IMG_20190207_112422.jpg 300w\" sizes=\"(max-width: 300px) 100vw, 300px\" \/><\/p>\n<p>Vemos\u00a0el r\u00edo Beiro, peque\u00f1o afluente del r\u00edo Genil. Paseamos a la orilla del r\u00edo Genil observando los distintos detalles que nos rodean: patos, \u00e1rboles que florecen, Sierra Nevada&#8230;.se acerca la hora de comer y nos damos prisa en el paseo de vuelta, pasamos por la \u00abcasa\u00a0 de la bruja\u00bb . Cansados y con mucha hambre nos aseamos que la comida esta en la mesa,jajaja<\/p>\n<p class=\"jetpack-slideshow-noscript robots-nocontent\">El pase de diapositivas requiere JavaScript.<\/p><div id=\"gallery-35518-1-slideshow\" class=\"jetpack-slideshow-window jetpack-slideshow jetpack-slideshow-black\" data-trans=\"fade\" data-autostart=\"1\" data-gallery=\"[{&quot;src&quot;:&quot;https:\\\/\\\/cloud.alqueria.es\\\/wp-content\\\/uploads\\\/sites\\\/9\\\/2019\\\/02\\\/IMG_20190207_114417.jpg&quot;,&quot;id&quot;:&quot;35532&quot;,&quot;title&quot;:&quot;IMG_20190207_114417&quot;,&quot;alt&quot;:&quot;&quot;,&quot;caption&quot;:&quot;&quot;,&quot;itemprop&quot;:&quot;image&quot;},{&quot;src&quot;:&quot;https:\\\/\\\/cloud.alqueria.es\\\/wp-content\\\/uploads\\\/sites\\\/9\\\/2019\\\/02\\\/IMG_20190207_114053_BURST4.jpg&quot;,&quot;id&quot;:&quot;35531&quot;,&quot;title&quot;:&quot;IMG_20190207_114053_BURST4&quot;,&quot;alt&quot;:&quot;&quot;,&quot;caption&quot;:&quot;&quot;,&quot;itemprop&quot;:&quot;image&quot;},{&quot;src&quot;:&quot;https:\\\/\\\/cloud.alqueria.es\\\/wp-content\\\/uploads\\\/sites\\\/9\\\/2019\\\/02\\\/IMG_20190207_113332.jpg&quot;,&quot;id&quot;:&quot;35528&quot;,&quot;title&quot;:&quot;IMG_20190207_113332&quot;,&quot;alt&quot;:&quot;&quot;,&quot;caption&quot;:&quot;&quot;,&quot;itemprop&quot;:&quot;image&quot;},{&quot;src&quot;:&quot;https:\\\/\\\/cloud.alqueria.es\\\/wp-content\\\/uploads\\\/sites\\\/9\\\/2019\\\/02\\\/IMG_20190207_113024.jpg&quot;,&quot;id&quot;:&quot;35527&quot;,&quot;title&quot;:&quot;IMG_20190207_113024&quot;,&quot;alt&quot;:&quot;&quot;,&quot;caption&quot;:&quot;&quot;,&quot;itemprop&quot;:&quot;image&quot;},{&quot;src&quot;:&quot;https:\\\/\\\/cloud.alqueria.es\\\/wp-content\\\/uploads\\\/sites\\\/9\\\/2019\\\/02\\\/IMG_20190207_112901.jpg&quot;,&quot;id&quot;:&quot;35526&quot;,&quot;title&quot;:&quot;IMG_20190207_112901&quot;,&quot;alt&quot;:&quot;&quot;,&quot;caption&quot;:&quot;&quot;,&quot;itemprop&quot;:&quot;image&quot;},{&quot;src&quot;:&quot;https:\\\/\\\/cloud.alqueria.es\\\/wp-content\\\/uploads\\\/sites\\\/9\\\/2019\\\/02\\\/IMG_20190207_113740.jpg&quot;,&quot;id&quot;:&quot;35529&quot;,&quot;title&quot;:&quot;IMG_20190207_113740&quot;,&quot;alt&quot;:&quot;&quot;,&quot;caption&quot;:&quot;&quot;,&quot;itemprop&quot;:&quot;image&quot;},{&quot;src&quot;:&quot;https:\\\/\\\/cloud.alqueria.es\\\/wp-content\\\/uploads\\\/sites\\\/9\\\/2019\\\/02\\\/IMG_20190207_112403.jpg&quot;,&quot;id&quot;:&quot;35524&quot;,&quot;title&quot;:&quot;IMG_20190207_112403&quot;,&quot;alt&quot;:&quot;&quot;,&quot;caption&quot;:&quot;&quot;,&quot;itemprop&quot;:&quot;image&quot;},{&quot;src&quot;:&quot;https:\\\/\\\/cloud.alqueria.es\\\/wp-content\\\/uploads\\\/sites\\\/9\\\/2019\\\/02\\\/IMG_20190207_111422.jpg&quot;,&quot;id&quot;:&quot;35523&quot;,&quot;title&quot;:&quot;IMG_20190207_111422&quot;,&quot;alt&quot;:&quot;&quot;,&quot;caption&quot;:&quot;&quot;,&quot;itemprop&quot;:&quot;image&quot;}]\" itemscope itemtype=\"https:\/\/schema.org\/ImageGallery\"><\/div>\n<p>El taller de la tarde lo dedicamos a realizar el <span style=\"color: #ff6600\">Cuaderno de Campo. <\/span><\/p>\n<p>Felizmente plasman sus pensamientos en el papel, les sale de dentro. Partimos de un trozo de papel de\u00a0celof\u00e1n azul que simula el r\u00edo Genil(algunos me dec\u00edan \u00abSilvia pero si el agua del r\u00edo no era azul, era marr\u00f3n&#8230;.\u00bb,y que raz\u00f3n ten\u00edan,jaja). Los trabajos han quedado preciosos, avanzan repentinamente\u00a0en\u00a0 la estructuraci\u00f3n espacial de sus dibujos, \u00a1qu\u00e9 bien!<\/p>\n<p>Ma\u00f1ana \u00faltimo d\u00eda de la semana.<\/p>\n<p>Silvia.<\/p>\n<p>&nbsp;<\/p>\n<p>&nbsp;<\/p>\n","protected":false},"excerpt":{"rendered":"<p>Buenas tardes familias: Seguimos con la propuesta de \u00abSuperh\u00e9roes\u00bb. Nuestros naranjitas se meten por completo en el rol de superh\u00e9roe sinti\u00e9ndose\u00a0 seguros y valientes para expresar cosas o experimentar. En la asamblea hablamos\u00a0 sobre que es ayudar a otros y lo que es hacer cosas que no est\u00e1n bien. Les explico que existen superh\u00e9roes que &hellip; <a href=\"https:\/\/www.alqueria.es\/blogs\/alqueriaamarillanaranja\/2019\/02\/07\/rio-genil\/\" class=\"more-link\">Seguir leyendo <span class=\"screen-reader-text\">R\u00cdO GENIL<\/span> <span class=\"meta-nav\">&rarr;<\/span><\/a><\/p>\n","protected":false},"author":23,"featured_media":0,"comment_status":"open","ping_status":"open","sticky":false,"template":"","format":"standard","meta":{"jetpack_post_was_ever_published":false,"_jetpack_newsletter_access":"","_jetpack_dont_email_post_to_subs":false,"_jetpack_newsletter_tier_id":0,"_jetpack_memberships_contains_paywalled_content":false,"_jetpack_memberships_contains_paid_content":false,"footnotes":"","jetpack_publicize_message":"","jetpack_publicize_feature_enabled":true,"jetpack_social_post_already_shared":true,"jetpack_social_options":{"image_generator_settings":{"template":"highway","default_image_id":0,"font":"","enabled":false},"version":2}},"categories":[7,10,11,1],"tags":[40,107],"class_list":["post-35518","post","type-post","status-publish","format-standard","hentry","category-clase-naranja","category-especialistas","category-excursiones","category-sin-categoria","tag-cuaderno-de-campo","tag-salida-a-la-vega"],"jetpack_publicize_connections":[],"jetpack_featured_media_url":"","jetpack_sharing_enabled":true,"jetpack_shortlink":"https:\/\/wp.me\/p4lG08-9eS","jetpack-related-posts":[],"_links":{"self":[{"href":"https:\/\/www.alqueria.es\/blogs\/alqueriaamarillanaranja\/wp-json\/wp\/v2\/posts\/35518","targetHints":{"allow":["GET"]}}],"collection":[{"href":"https:\/\/www.alqueria.es\/blogs\/alqueriaamarillanaranja\/wp-json\/wp\/v2\/posts"}],"about":[{"href":"https:\/\/www.alqueria.es\/blogs\/alqueriaamarillanaranja\/wp-json\/wp\/v2\/types\/post"}],"author":[{"embeddable":true,"href":"https:\/\/www.alqueria.es\/blogs\/alqueriaamarillanaranja\/wp-json\/wp\/v2\/users\/23"}],"replies":[{"embeddable":true,"href":"https:\/\/www.alqueria.es\/blogs\/alqueriaamarillanaranja\/wp-json\/wp\/v2\/comments?post=35518"}],"version-history":[{"count":0,"href":"https:\/\/www.alqueria.es\/blogs\/alqueriaamarillanaranja\/wp-json\/wp\/v2\/posts\/35518\/revisions"}],"wp:attachment":[{"href":"https:\/\/www.alqueria.es\/blogs\/alqueriaamarillanaranja\/wp-json\/wp\/v2\/media?parent=35518"}],"wp:term":[{"taxonomy":"category","embeddable":true,"href":"https:\/\/www.alqueria.es\/blogs\/alqueriaamarillanaranja\/wp-json\/wp\/v2\/categories?post=35518"},{"taxonomy":"post_tag","embeddable":true,"href":"https:\/\/www.alqueria.es\/blogs\/alqueriaamarillanaranja\/wp-json\/wp\/v2\/tags?post=35518"}],"curies":[{"name":"wp","href":"https:\/\/api.w.org\/{rel}","templated":true}]}}