{"id":35662,"date":"2019-02-14T20:21:19","date_gmt":"2019-02-14T19:21:19","guid":{"rendered":"https:\/\/www.alqueria.es\/blogs\/alqueriaamarillanaranja\/?p=35662"},"modified":"2019-02-14T21:12:44","modified_gmt":"2019-02-14T20:12:44","slug":"el-ave-mas-veloz-del-mundo","status":"publish","type":"post","link":"https:\/\/www.alqueria.es\/blogs\/alqueriaamarillanaranja\/2019\/02\/14\/el-ave-mas-veloz-del-mundo\/","title":{"rendered":"El ave m\u00e1s veloz del mundo&#8230;.."},"content":{"rendered":"<p style=\"text-align: center\"><span style=\"color: #ff6600\">\u00a1Tenemos un jueves lleno de actividades!<\/span><\/p>\n<p style=\"text-align: center\">A primera nos visita JUAN LUIS, el pap\u00e1 de Mateo Alcalde. Dado el inter\u00e9s que Mateo muestra por los halcones, Juan Luis viene a cortarnos algunas curiosidades sobre aves rapaces.<\/p>\n<p style=\"text-align: left\">\u00a0Nos muestra el diverso material que se necesita para adiestrar a dichos animales:\u00a0 guantes de piel, cascabeles,\u00a0 caperuzas, se\u00f1uelo con forma de p\u00e1jaro&#8230;..Escuchan y observan atentamente todo lo que nos cuenta Juan Luis, \u00abel halc\u00f3n es el ave m\u00e1s veloz del mundo, suelen vivir en zonas muy altas, comen carne&#8230;\u00bb .<\/p>\n<p style=\"text-align: right\">Nos habla sobre las caracter\u00edsticas principales de los\u00a0halcones,\u00a0 sus alas afiladas, sus garras fuertes y afiladas o la curvatura de su pico. Los halcones hacen sus nidos en las partes altas de las monta\u00f1as para evitar que otros animales lleguen a ellos, \u00a1\u00b4cu\u00e1nto hemos aprendido! Despedimos a Juan Luis con un OZ\u00da QU\u00c9 BIEN y le damos las gracias por su corta pero productiva visita,jajaja. Dibujamos lo que m\u00e1s nos ha gustado sobre todo lo que hemos visto y o\u00eddo.<\/p>\n<p class=\"jetpack-slideshow-noscript robots-nocontent\">El pase de diapositivas requiere JavaScript.<\/p><div id=\"gallery-35662-1-slideshow\" class=\"jetpack-slideshow-window jetpack-slideshow jetpack-slideshow-black\" data-trans=\"fade\" data-autostart=\"1\" data-gallery=\"[{&quot;src&quot;:&quot;https:\\\/\\\/cloud.alqueria.es\\\/wp-content\\\/uploads\\\/sites\\\/9\\\/2019\\\/02\\\/IMG_20190214_091915_BURST1.jpg&quot;,&quot;id&quot;:&quot;35663&quot;,&quot;title&quot;:&quot;IMG_20190214_091915_BURST1&quot;,&quot;alt&quot;:&quot;&quot;,&quot;caption&quot;:&quot;&quot;,&quot;itemprop&quot;:&quot;image&quot;},{&quot;src&quot;:&quot;https:\\\/\\\/cloud.alqueria.es\\\/wp-content\\\/uploads\\\/sites\\\/9\\\/2019\\\/02\\\/IMG_20190214_091923.jpg&quot;,&quot;id&quot;:&quot;35664&quot;,&quot;title&quot;:&quot;IMG_20190214_091923&quot;,&quot;alt&quot;:&quot;&quot;,&quot;caption&quot;:&quot;&quot;,&quot;itemprop&quot;:&quot;image&quot;},{&quot;src&quot;:&quot;https:\\\/\\\/cloud.alqueria.es\\\/wp-content\\\/uploads\\\/sites\\\/9\\\/2019\\\/02\\\/IMG_20190214_091948.jpg&quot;,&quot;id&quot;:&quot;35665&quot;,&quot;title&quot;:&quot;IMG_20190214_091948&quot;,&quot;alt&quot;:&quot;&quot;,&quot;caption&quot;:&quot;&quot;,&quot;itemprop&quot;:&quot;image&quot;},{&quot;src&quot;:&quot;https:\\\/\\\/cloud.alqueria.es\\\/wp-content\\\/uploads\\\/sites\\\/9\\\/2019\\\/02\\\/IMG_20190214_092043.jpg&quot;,&quot;id&quot;:&quot;35666&quot;,&quot;title&quot;:&quot;IMG_20190214_092043&quot;,&quot;alt&quot;:&quot;&quot;,&quot;caption&quot;:&quot;&quot;,&quot;itemprop&quot;:&quot;image&quot;},{&quot;src&quot;:&quot;https:\\\/\\\/cloud.alqueria.es\\\/wp-content\\\/uploads\\\/sites\\\/9\\\/2019\\\/02\\\/IMG_20190214_092540.jpg&quot;,&quot;id&quot;:&quot;35667&quot;,&quot;title&quot;:&quot;IMG_20190214_092540&quot;,&quot;alt&quot;:&quot;&quot;,&quot;caption&quot;:&quot;&quot;,&quot;itemprop&quot;:&quot;image&quot;}]\" itemscope itemtype=\"https:\/\/schema.org\/ImageGallery\"><\/div>\n<p>&nbsp;<\/p>\n<p><span style=\"color: #ff6600\">La propuesta de juego : \u00ablos halcones\u00bb, me piden hacer nidos. Montar cuevas o nidos es una actividad que les entusiasma, hablan y cooperan entre ellos c\u00f3mo hacer el tejado, qu\u00e9 meter dentro&#8230;<\/span><\/p>\n<p><img decoding=\"async\" data-attachment-id=\"35668\" data-permalink=\"https:\/\/www.alqueria.es\/blogs\/alqueriaamarillanaranja\/2019\/02\/14\/el-ave-mas-veloz-del-mundo\/img_20190214_104415\/\" data-orig-file=\"https:\/\/cloud.alqueria.es\/wp-content\/uploads\/sites\/9\/2019\/02\/IMG_20190214_104415.jpg\" data-orig-size=\"697,929\" data-comments-opened=\"1\" data-image-meta=\"{&quot;aperture&quot;:&quot;0&quot;,&quot;credit&quot;:&quot;&quot;,&quot;camera&quot;:&quot;&quot;,&quot;caption&quot;:&quot;&quot;,&quot;created_timestamp&quot;:&quot;0&quot;,&quot;copyright&quot;:&quot;&quot;,&quot;focal_length&quot;:&quot;0&quot;,&quot;iso&quot;:&quot;0&quot;,&quot;shutter_speed&quot;:&quot;0&quot;,&quot;title&quot;:&quot;&quot;,&quot;orientation&quot;:&quot;0&quot;}\" data-image-title=\"IMG_20190214_104415\" data-image-description=\"\" data-image-caption=\"\" data-large-file=\"https:\/\/cloud.alqueria.es\/wp-content\/uploads\/sites\/9\/2019\/02\/IMG_20190214_104415.jpg\" class=\"size-medium wp-image-35668 aligncenter\" src=\"https:\/\/cloud.alqueria.es\/wp-content\/uploads\/sites\/9\/2019\/02\/IMG_20190214_104415.jpg\" alt=\"\" width=\"225\" height=\"300\" srcset=\"https:\/\/cloud.alqueria.es\/wp-content\/uploads\/sites\/9\/2019\/02\/IMG_20190214_104415.jpg 697w, https:\/\/cloud.alqueria.es\/wp-content\/uploads\/sites\/9\/2019\/02\/IMG_20190214_104415.jpg 225w\" sizes=\"(max-width: 225px) 100vw, 225px\" \/><\/p>\n<p><span style=\"color: #ff6600\">Participamos en la elaboraci\u00f3n del cartel que presidir\u00e1 el escenario para la fiesta de Carnaval.<\/span><\/p>\n<div data-carousel-extra='{&quot;blog_id&quot;:9,&quot;permalink&quot;:&quot;https:\/\/www.alqueria.es\/blogs\/alqueriaamarillanaranja\/2019\/02\/14\/el-ave-mas-veloz-del-mundo\/&quot;}' id='gallery-2' class='gallery galleryid-35662 gallery-columns-3 gallery-size-thumbnail'><figure class='gallery-item'>\n\t\t\t<div class='gallery-icon landscape'>\n\t\t\t\t<a href='https:\/\/www.alqueria.es\/blogs\/alqueriaamarillanaranja\/2019\/02\/14\/el-ave-mas-veloz-del-mundo\/img_20190214_104847\/'><img decoding=\"async\" width=\"150\" height=\"150\" src=\"https:\/\/cloud.alqueria.es\/wp-content\/uploads\/sites\/9\/2019\/02\/IMG_20190214_104847.jpg\" class=\"attachment-thumbnail size-thumbnail\" alt=\"\" data-attachment-id=\"35669\" data-permalink=\"https:\/\/www.alqueria.es\/blogs\/alqueriaamarillanaranja\/2019\/02\/14\/el-ave-mas-veloz-del-mundo\/img_20190214_104847\/\" data-orig-file=\"https:\/\/cloud.alqueria.es\/wp-content\/uploads\/sites\/9\/2019\/02\/IMG_20190214_104847.jpg\" data-orig-size=\"1024,768\" data-comments-opened=\"1\" data-image-meta=\"{&quot;aperture&quot;:&quot;0&quot;,&quot;credit&quot;:&quot;&quot;,&quot;camera&quot;:&quot;&quot;,&quot;caption&quot;:&quot;&quot;,&quot;created_timestamp&quot;:&quot;0&quot;,&quot;copyright&quot;:&quot;&quot;,&quot;focal_length&quot;:&quot;0&quot;,&quot;iso&quot;:&quot;0&quot;,&quot;shutter_speed&quot;:&quot;0&quot;,&quot;title&quot;:&quot;&quot;,&quot;orientation&quot;:&quot;0&quot;}\" data-image-title=\"IMG_20190214_104847\" data-image-description=\"\" data-image-caption=\"\" data-large-file=\"https:\/\/cloud.alqueria.es\/wp-content\/uploads\/sites\/9\/2019\/02\/IMG_20190214_104847.jpg\" \/><\/a>\n\t\t\t<\/div><\/figure><figure class='gallery-item'>\n\t\t\t<div class='gallery-icon landscape'>\n\t\t\t\t<a href='https:\/\/www.alqueria.es\/blogs\/alqueriaamarillanaranja\/2019\/02\/14\/el-ave-mas-veloz-del-mundo\/img_20190214_105709\/'><img decoding=\"async\" width=\"150\" height=\"150\" src=\"https:\/\/cloud.alqueria.es\/wp-content\/uploads\/sites\/9\/2019\/02\/IMG_20190214_105709.jpg\" class=\"attachment-thumbnail size-thumbnail\" alt=\"\" data-attachment-id=\"35670\" data-permalink=\"https:\/\/www.alqueria.es\/blogs\/alqueriaamarillanaranja\/2019\/02\/14\/el-ave-mas-veloz-del-mundo\/img_20190214_105709\/\" data-orig-file=\"https:\/\/cloud.alqueria.es\/wp-content\/uploads\/sites\/9\/2019\/02\/IMG_20190214_105709.jpg\" data-orig-size=\"1024,768\" data-comments-opened=\"1\" data-image-meta=\"{&quot;aperture&quot;:&quot;0&quot;,&quot;credit&quot;:&quot;&quot;,&quot;camera&quot;:&quot;&quot;,&quot;caption&quot;:&quot;&quot;,&quot;created_timestamp&quot;:&quot;0&quot;,&quot;copyright&quot;:&quot;&quot;,&quot;focal_length&quot;:&quot;0&quot;,&quot;iso&quot;:&quot;0&quot;,&quot;shutter_speed&quot;:&quot;0&quot;,&quot;title&quot;:&quot;&quot;,&quot;orientation&quot;:&quot;0&quot;}\" data-image-title=\"IMG_20190214_105709\" data-image-description=\"\" data-image-caption=\"\" data-large-file=\"https:\/\/cloud.alqueria.es\/wp-content\/uploads\/sites\/9\/2019\/02\/IMG_20190214_105709.jpg\" \/><\/a>\n\t\t\t<\/div><\/figure>\n\t\t<\/div>\n\n<p><span style=\"color: #ff6600\">Terminamos la ma\u00f1ana bajando al huerto. Seguimos con el trabajo de siembra y plantaci\u00f3n. Llenamos de tierra\u00a0los tetra-bricks y plantamos esquejes de geranios.<\/span><\/p>\n<p><img decoding=\"async\" data-attachment-id=\"35671\" data-permalink=\"https:\/\/www.alqueria.es\/blogs\/alqueriaamarillanaranja\/2019\/02\/14\/el-ave-mas-veloz-del-mundo\/img_20190214_113321\/\" data-orig-file=\"https:\/\/cloud.alqueria.es\/wp-content\/uploads\/sites\/9\/2019\/02\/IMG_20190214_113321.jpg\" data-orig-size=\"1024,768\" data-comments-opened=\"1\" data-image-meta=\"{&quot;aperture&quot;:&quot;0&quot;,&quot;credit&quot;:&quot;&quot;,&quot;camera&quot;:&quot;&quot;,&quot;caption&quot;:&quot;&quot;,&quot;created_timestamp&quot;:&quot;0&quot;,&quot;copyright&quot;:&quot;&quot;,&quot;focal_length&quot;:&quot;0&quot;,&quot;iso&quot;:&quot;0&quot;,&quot;shutter_speed&quot;:&quot;0&quot;,&quot;title&quot;:&quot;&quot;,&quot;orientation&quot;:&quot;0&quot;}\" data-image-title=\"IMG_20190214_113321\" data-image-description=\"\" data-image-caption=\"\" data-large-file=\"https:\/\/cloud.alqueria.es\/wp-content\/uploads\/sites\/9\/2019\/02\/IMG_20190214_113321.jpg\" class=\"size-medium wp-image-35671 aligncenter\" src=\"https:\/\/cloud.alqueria.es\/wp-content\/uploads\/sites\/9\/2019\/02\/IMG_20190214_113321.jpg\" alt=\"\" width=\"300\" height=\"225\" srcset=\"https:\/\/cloud.alqueria.es\/wp-content\/uploads\/sites\/9\/2019\/02\/IMG_20190214_113321.jpg 1024w, https:\/\/cloud.alqueria.es\/wp-content\/uploads\/sites\/9\/2019\/02\/IMG_20190214_113321.jpg 300w, https:\/\/cloud.alqueria.es\/wp-content\/uploads\/sites\/9\/2019\/02\/IMG_20190214_113321.jpg 768w\" sizes=\"(max-width: 300px) 100vw, 300px\" \/><span style=\"color: #ff6600\">En el taller de la tarde seguimos desarrollando motricidad fina utilizando \u00abEl Punz\u00f3n\u00bb. Realizan un picado sobre la letra inicial de su nombre.<\/span><\/p>\n<div class=\"tiled-gallery type-circle tiled-gallery-unresized\" data-original-width=\"474\" data-carousel-extra='{&quot;blog_id&quot;:9,&quot;permalink&quot;:&quot;https:\\\/\\\/www.alqueria.es\\\/blogs\\\/alqueriaamarillanaranja\\\/2019\\\/02\\\/14\\\/el-ave-mas-veloz-del-mundo\\\/&quot;,&quot;likes_blog_id&quot;:64271688}' itemscope itemtype=\"http:\/\/schema.org\/ImageGallery\" > <div class=\"gallery-row\" style=\"width: 474px; height: 237px;\" data-original-width=\"474\" data-original-height=\"237\" > <div class=\"gallery-group\" style=\"width: 237px; height: 237px;\" data-original-width=\"237\" data-original-height=\"237\" > <div class=\"tiled-gallery-item \" itemprop=\"associatedMedia\" itemscope itemtype=\"http:\/\/schema.org\/ImageObject\"> <a href=\"https:\/\/www.alqueria.es\/blogs\/alqueriaamarillanaranja\/2019\/02\/14\/el-ave-mas-veloz-del-mundo\/img_20190214_151536\/\" border=\"0\" itemprop=\"url\"> <meta itemprop=\"width\" content=\"233\"> <meta itemprop=\"height\" content=\"233\"> <img decoding=\"async\" class=\"\" data-attachment-id=\"35685\" data-orig-file=\"https:\/\/cloud.alqueria.es\/wp-content\/uploads\/sites\/9\/2019\/02\/IMG_20190214_151536.jpg\" data-orig-size=\"867,650\" data-comments-opened=\"1\" data-image-meta=\"{&quot;aperture&quot;:&quot;0&quot;,&quot;credit&quot;:&quot;&quot;,&quot;camera&quot;:&quot;&quot;,&quot;caption&quot;:&quot;&quot;,&quot;created_timestamp&quot;:&quot;0&quot;,&quot;copyright&quot;:&quot;&quot;,&quot;focal_length&quot;:&quot;0&quot;,&quot;iso&quot;:&quot;0&quot;,&quot;shutter_speed&quot;:&quot;0&quot;,&quot;title&quot;:&quot;&quot;,&quot;orientation&quot;:&quot;0&quot;}\" data-image-title=\"IMG_20190214_151536\" data-image-description=\"\" data-medium-file=\"https:\/\/cloud.alqueria.es\/wp-content\/uploads\/sites\/9\/2019\/02\/IMG_20190214_151536-300x225.jpg\" data-large-file=\"https:\/\/cloud.alqueria.es\/wp-content\/uploads\/sites\/9\/2019\/02\/IMG_20190214_151536.jpg\" src=\"https:\/\/i0.wp.com\/cloud.alqueria.es\/wp-content\/uploads\/sites\/9\/2019\/02\/IMG_20190214_151536.jpg?w=233&#038;h=233&#038;crop=1&#038;ssl=1\" width=\"233\" height=\"233\" loading=\"lazy\" data-original-width=\"233\" data-original-height=\"233\" itemprop=\"http:\/\/schema.org\/image\" title=\"IMG_20190214_151536\" alt=\"IMG_20190214_151536\" style=\"width: 233px; height: 233px;\" \/> <\/a> <\/div> <\/div> <div class=\"gallery-group\" style=\"width: 237px; height: 237px;\" data-original-width=\"237\" data-original-height=\"237\" > <div class=\"tiled-gallery-item \" itemprop=\"associatedMedia\" itemscope itemtype=\"http:\/\/schema.org\/ImageObject\"> <a href=\"https:\/\/www.alqueria.es\/blogs\/alqueriaamarillanaranja\/2019\/02\/14\/el-ave-mas-veloz-del-mundo\/img_20190214_151532\/\" border=\"0\" itemprop=\"url\"> <meta itemprop=\"width\" content=\"233\"> <meta itemprop=\"height\" content=\"233\"> <img decoding=\"async\" class=\"\" data-attachment-id=\"35684\" data-orig-file=\"https:\/\/cloud.alqueria.es\/wp-content\/uploads\/sites\/9\/2019\/02\/IMG_20190214_151532.jpg\" data-orig-size=\"377,283\" data-comments-opened=\"1\" data-image-meta=\"{&quot;aperture&quot;:&quot;0&quot;,&quot;credit&quot;:&quot;&quot;,&quot;camera&quot;:&quot;&quot;,&quot;caption&quot;:&quot;&quot;,&quot;created_timestamp&quot;:&quot;0&quot;,&quot;copyright&quot;:&quot;&quot;,&quot;focal_length&quot;:&quot;0&quot;,&quot;iso&quot;:&quot;0&quot;,&quot;shutter_speed&quot;:&quot;0&quot;,&quot;title&quot;:&quot;&quot;,&quot;orientation&quot;:&quot;0&quot;}\" data-image-title=\"IMG_20190214_151532\" data-image-description=\"\" data-medium-file=\"https:\/\/cloud.alqueria.es\/wp-content\/uploads\/sites\/9\/2019\/02\/IMG_20190214_151532-300x225.jpg\" data-large-file=\"https:\/\/cloud.alqueria.es\/wp-content\/uploads\/sites\/9\/2019\/02\/IMG_20190214_151532.jpg\" src=\"https:\/\/i0.wp.com\/cloud.alqueria.es\/wp-content\/uploads\/sites\/9\/2019\/02\/IMG_20190214_151532.jpg?w=233&#038;h=233&#038;crop=1&#038;ssl=1\" width=\"233\" height=\"233\" loading=\"lazy\" data-original-width=\"233\" data-original-height=\"233\" itemprop=\"http:\/\/schema.org\/image\" title=\"IMG_20190214_151532\" alt=\"IMG_20190214_151532\" style=\"width: 233px; height: 233px;\" \/> <\/a> <\/div> <\/div> <\/div> <\/div>\n<p>*Mientras meriendan damos lectura a <img decoding=\"async\" data-attachment-id=\"35686\" data-permalink=\"https:\/\/www.alqueria.es\/blogs\/alqueriaamarillanaranja\/2019\/02\/14\/el-ave-mas-veloz-del-mundo\/img_20190214_175042\/\" data-orig-file=\"https:\/\/cloud.alqueria.es\/wp-content\/uploads\/sites\/9\/2019\/02\/IMG_20190214_175042.jpg\" data-orig-size=\"867,650\" data-comments-opened=\"1\" data-image-meta=\"{&quot;aperture&quot;:&quot;0&quot;,&quot;credit&quot;:&quot;&quot;,&quot;camera&quot;:&quot;&quot;,&quot;caption&quot;:&quot;&quot;,&quot;created_timestamp&quot;:&quot;0&quot;,&quot;copyright&quot;:&quot;&quot;,&quot;focal_length&quot;:&quot;0&quot;,&quot;iso&quot;:&quot;0&quot;,&quot;shutter_speed&quot;:&quot;0&quot;,&quot;title&quot;:&quot;&quot;,&quot;orientation&quot;:&quot;0&quot;}\" data-image-title=\"IMG_20190214_175042\" data-image-description=\"\" data-image-caption=\"\" data-large-file=\"https:\/\/cloud.alqueria.es\/wp-content\/uploads\/sites\/9\/2019\/02\/IMG_20190214_175042.jpg\" class=\"alignleft size-medium wp-image-35686\" src=\"https:\/\/cloud.alqueria.es\/wp-content\/uploads\/sites\/9\/2019\/02\/IMG_20190214_175042.jpg\" alt=\"\" width=\"300\" height=\"225\" srcset=\"https:\/\/cloud.alqueria.es\/wp-content\/uploads\/sites\/9\/2019\/02\/IMG_20190214_175042.jpg 867w, https:\/\/cloud.alqueria.es\/wp-content\/uploads\/sites\/9\/2019\/02\/IMG_20190214_175042.jpg 300w, https:\/\/cloud.alqueria.es\/wp-content\/uploads\/sites\/9\/2019\/02\/IMG_20190214_175042.jpg 768w\" sizes=\"(max-width: 300px) 100vw, 300px\" \/>:<\/p>\n<p>\u00a1\u00a1\u00a1Sentirnos queridos nos da mucha seguridad y confianza!!!!!<\/p>\n<p>&nbsp;<\/p>\n<p>&nbsp;<\/p>\n<p>&nbsp;<\/p>\n<p>Ma\u00f1ana viernes.<\/p>\n<p>Silvia.<\/p>\n<p>&nbsp;<\/p>\n","protected":false},"excerpt":{"rendered":"<p>\u00a1Tenemos un jueves lleno de actividades! A primera nos visita JUAN LUIS, el pap\u00e1 de Mateo Alcalde. Dado el inter\u00e9s que Mateo muestra por los halcones, Juan Luis viene a cortarnos algunas curiosidades sobre aves rapaces. \u00a0Nos muestra el diverso material que se necesita para adiestrar a dichos animales:\u00a0 guantes de piel, cascabeles,\u00a0 caperuzas, se\u00f1uelo &hellip; <a href=\"https:\/\/www.alqueria.es\/blogs\/alqueriaamarillanaranja\/2019\/02\/14\/el-ave-mas-veloz-del-mundo\/\" class=\"more-link\">Seguir leyendo <span class=\"screen-reader-text\">El ave m\u00e1s veloz del mundo&#8230;..<\/span> <span class=\"meta-nav\">&rarr;<\/span><\/a><\/p>\n","protected":false},"author":23,"featured_media":0,"comment_status":"open","ping_status":"open","sticky":false,"template":"","format":"standard","meta":{"jetpack_post_was_ever_published":false,"_jetpack_newsletter_access":"","_jetpack_dont_email_post_to_subs":false,"_jetpack_newsletter_tier_id":0,"_jetpack_memberships_contains_paywalled_content":false,"_jetpack_memberships_contains_paid_content":false,"footnotes":"","jetpack_publicize_message":"","jetpack_publicize_feature_enabled":true,"jetpack_social_post_already_shared":true,"jetpack_social_options":{"image_generator_settings":{"template":"highway","default_image_id":0,"font":"","enabled":false},"version":2}},"categories":[7,8,10,1,21],"tags":[325,47],"class_list":["post-35662","post","type-post","status-publish","format-standard","hentry","category-clase-naranja","category-diario","category-especialistas","category-sin-categoria","category-talleres-medioambientales","tag-actividades-medioambientales","tag-educacion-emocional"],"jetpack_publicize_connections":[],"jetpack_featured_media_url":"","jetpack_sharing_enabled":true,"jetpack_shortlink":"https:\/\/wp.me\/p4lG08-9hc","jetpack-related-posts":[],"_links":{"self":[{"href":"https:\/\/www.alqueria.es\/blogs\/alqueriaamarillanaranja\/wp-json\/wp\/v2\/posts\/35662","targetHints":{"allow":["GET"]}}],"collection":[{"href":"https:\/\/www.alqueria.es\/blogs\/alqueriaamarillanaranja\/wp-json\/wp\/v2\/posts"}],"about":[{"href":"https:\/\/www.alqueria.es\/blogs\/alqueriaamarillanaranja\/wp-json\/wp\/v2\/types\/post"}],"author":[{"embeddable":true,"href":"https:\/\/www.alqueria.es\/blogs\/alqueriaamarillanaranja\/wp-json\/wp\/v2\/users\/23"}],"replies":[{"embeddable":true,"href":"https:\/\/www.alqueria.es\/blogs\/alqueriaamarillanaranja\/wp-json\/wp\/v2\/comments?post=35662"}],"version-history":[{"count":0,"href":"https:\/\/www.alqueria.es\/blogs\/alqueriaamarillanaranja\/wp-json\/wp\/v2\/posts\/35662\/revisions"}],"wp:attachment":[{"href":"https:\/\/www.alqueria.es\/blogs\/alqueriaamarillanaranja\/wp-json\/wp\/v2\/media?parent=35662"}],"wp:term":[{"taxonomy":"category","embeddable":true,"href":"https:\/\/www.alqueria.es\/blogs\/alqueriaamarillanaranja\/wp-json\/wp\/v2\/categories?post=35662"},{"taxonomy":"post_tag","embeddable":true,"href":"https:\/\/www.alqueria.es\/blogs\/alqueriaamarillanaranja\/wp-json\/wp\/v2\/tags?post=35662"}],"curies":[{"name":"wp","href":"https:\/\/api.w.org\/{rel}","templated":true}]}}