{"id":3571,"date":"2013-02-04T15:30:56","date_gmt":"2013-02-04T14:30:56","guid":{"rendered":"http:\/\/alqueriaamarillanaranja.wordpress.com\/?p=3571"},"modified":"2014-02-24T12:43:41","modified_gmt":"2014-02-24T12:43:41","slug":"3571","status":"publish","type":"post","link":"https:\/\/www.alqueria.es\/blogs\/alqueriaamarillanaranja\/2013\/02\/04\/3571\/","title":{"rendered":"Composici\u00f3n Carnavalesca"},"content":{"rendered":"<p><span style=\"color:#00cccc\"><span style=\"font-family:Andalus, serif\"><span style=\"font-size:300%\"><span style=\"color:#000000\"><span style=\"font-size:medium\">Comenzamos la semana con mucha energ\u00eda. Cuando estamos todos en la <\/span><\/span><span style=\"color:#ff0000\"><span style=\"font-size:medium\">asamblea <\/span><\/span><span style=\"color:#000000\"><span style=\"font-size:medium\">nos organizamos en dos filas (esta organizaci\u00f3n la estamos trabajando para nuestra actuaci\u00f3n del viernes) y <\/span><\/span><span style=\"color:#ff0000\"><span style=\"font-size:medium\">ensayamos nuestra chirigota de carnaval<\/span><\/span><span style=\"color:#000000\"><span style=\"font-size:medium\">. \u00a1Nos sale estupendamente! Veremos a ver si el miedo esc\u00e9nico del \u00faltimo momento nos deja cantar&#8230;&#8230;<\/span><\/span><\/span><\/span><\/span><\/p>\n<p><a href=\"http:\/\/alqueriaamarillanaranja.files.wordpress.com\/2013\/02\/gif-animado-carnaval-511.gif\"><img decoding=\"async\" data-attachment-id=\"3572\" data-permalink=\"https:\/\/www.alqueria.es\/blogs\/alqueriaamarillanaranja\/gif-animado-carnaval-511\/\" data-orig-file=\"https:\/\/www.alqueria.es\/blogs\/alqueriaamarillanaranja\/wp-content\/uploads\/sites\/9\/2013\/02\/gif-animado-carnaval-511.gif\" data-orig-size=\"350,350\" data-comments-opened=\"1\" data-image-meta=\"{&quot;aperture&quot;:&quot;0&quot;,&quot;credit&quot;:&quot;&quot;,&quot;camera&quot;:&quot;&quot;,&quot;caption&quot;:&quot;&quot;,&quot;created_timestamp&quot;:&quot;0&quot;,&quot;copyright&quot;:&quot;&quot;,&quot;focal_length&quot;:&quot;0&quot;,&quot;iso&quot;:&quot;0&quot;,&quot;shutter_speed&quot;:&quot;0&quot;,&quot;title&quot;:&quot;&quot;}\" data-image-title=\"gif-animado-carnaval-51[1]\" data-image-description=\"\" data-image-caption=\"\" data-large-file=\"https:\/\/www.alqueria.es\/blogs\/alqueriaamarillanaranja\/wp-content\/uploads\/sites\/9\/2013\/02\/gif-animado-carnaval-511.gif\" class=\"alignright size-medium wp-image-3572\" alt=\"gif-animado-carnaval-51[1]\" src=\"https:\/\/cloud.alqueria.es\/wp-content\/uploads\/sites\/9\/2013\/02\/gif-animado-carnaval-5111.gif\" width=\"300\" height=\"300\" \/><\/a><\/p>\n<p><span style=\"color:#00cccc\"><span style=\"font-family:Andalus, serif\"><span style=\"font-size:300%\"><span style=\"color:#000000\"><span style=\"font-size:medium\">Dedicamos la ma\u00f1ana al <\/span><\/span><span style=\"color:#ff0000\"><span style=\"font-size:medium\">juego libre en el aula<\/span><\/span><span style=\"color:#000000\"><span style=\"font-size:medium\">, estas han sido las propuestas: beb\u00e9s, disfraces, coches y herramientas (aunque un grupo ha terminado jugando a \u201cSpiderman y el tigre\u201d y otro a \u201cmaquilladoras\u201d).<\/span><\/span><\/span><\/span><\/span><\/p>\n<p><span style=\"color:#00cccc\"><span style=\"font-family:Andalus, serif\"><span style=\"font-size:300%\"><span style=\"color:#000000\"><span style=\"font-size:medium\">Alternativamente al juego hemos tenido un <\/span><\/span><span style=\"color:#ff0000\"><span style=\"font-size:medium\">taller creativo <\/span><\/span><span style=\"color:#000000\"><span style=\"font-size:medium\">en el que cada uno se ha dibujado a s\u00ed mismo utilizando m\u00faltiples colores y despu\u00e9s hemos rodeado la figura con una lluvia de confeti propia de cualquier fiesta. Los dibujos han quedado muy coloridos y realmente transmiten la alegr\u00eda festiva que quer\u00edamos plasmar:<\/span><\/span><\/span><\/span><\/span><\/p>\n<p class=\"jetpack-slideshow-noscript robots-nocontent\">El pase de diapositivas requiere JavaScript.<\/p><div id=\"gallery-3571-1-slideshow\" class=\"jetpack-slideshow-window jetpack-slideshow jetpack-slideshow-black\" data-trans=\"fade\" data-autostart=\"1\" data-gallery=\"[{&quot;src&quot;:&quot;https:\\\/\\\/www.alqueria.es\\\/blogs\\\/alqueriaamarillanaranja\\\/wp-content\\\/uploads\\\/sites\\\/9\\\/2013\\\/02\\\/dsc01532.jpg&quot;,&quot;id&quot;:&quot;3573&quot;,&quot;title&quot;:&quot;DSC01532&quot;,&quot;alt&quot;:&quot;&quot;,&quot;caption&quot;:&quot;&quot;,&quot;itemprop&quot;:&quot;image&quot;},{&quot;src&quot;:&quot;https:\\\/\\\/www.alqueria.es\\\/blogs\\\/alqueriaamarillanaranja\\\/wp-content\\\/uploads\\\/sites\\\/9\\\/2013\\\/02\\\/dsc01533.jpg&quot;,&quot;id&quot;:&quot;3574&quot;,&quot;title&quot;:&quot;DSC01533&quot;,&quot;alt&quot;:&quot;&quot;,&quot;caption&quot;:&quot;&quot;,&quot;itemprop&quot;:&quot;image&quot;},{&quot;src&quot;:&quot;https:\\\/\\\/www.alqueria.es\\\/blogs\\\/alqueriaamarillanaranja\\\/wp-content\\\/uploads\\\/sites\\\/9\\\/2013\\\/02\\\/dsc01534.jpg&quot;,&quot;id&quot;:&quot;3575&quot;,&quot;title&quot;:&quot;DSC01534&quot;,&quot;alt&quot;:&quot;&quot;,&quot;caption&quot;:&quot;&quot;,&quot;itemprop&quot;:&quot;image&quot;},{&quot;src&quot;:&quot;https:\\\/\\\/www.alqueria.es\\\/blogs\\\/alqueriaamarillanaranja\\\/wp-content\\\/uploads\\\/sites\\\/9\\\/2013\\\/02\\\/dsc01535.jpg&quot;,&quot;id&quot;:&quot;3576&quot;,&quot;title&quot;:&quot;DSC01535&quot;,&quot;alt&quot;:&quot;&quot;,&quot;caption&quot;:&quot;&quot;,&quot;itemprop&quot;:&quot;image&quot;},{&quot;src&quot;:&quot;https:\\\/\\\/www.alqueria.es\\\/blogs\\\/alqueriaamarillanaranja\\\/wp-content\\\/uploads\\\/sites\\\/9\\\/2013\\\/02\\\/dsc01536.jpg&quot;,&quot;id&quot;:&quot;3577&quot;,&quot;title&quot;:&quot;DSC01536&quot;,&quot;alt&quot;:&quot;&quot;,&quot;caption&quot;:&quot;&quot;,&quot;itemprop&quot;:&quot;image&quot;},{&quot;src&quot;:&quot;https:\\\/\\\/www.alqueria.es\\\/blogs\\\/alqueriaamarillanaranja\\\/wp-content\\\/uploads\\\/sites\\\/9\\\/2013\\\/02\\\/dsc01537.jpg&quot;,&quot;id&quot;:&quot;3578&quot;,&quot;title&quot;:&quot;DSC01537&quot;,&quot;alt&quot;:&quot;&quot;,&quot;caption&quot;:&quot;&quot;,&quot;itemprop&quot;:&quot;image&quot;},{&quot;src&quot;:&quot;https:\\\/\\\/www.alqueria.es\\\/blogs\\\/alqueriaamarillanaranja\\\/wp-content\\\/uploads\\\/sites\\\/9\\\/2013\\\/02\\\/dsc01538.jpg&quot;,&quot;id&quot;:&quot;3579&quot;,&quot;title&quot;:&quot;DSC01538&quot;,&quot;alt&quot;:&quot;&quot;,&quot;caption&quot;:&quot;&quot;,&quot;itemprop&quot;:&quot;image&quot;},{&quot;src&quot;:&quot;https:\\\/\\\/www.alqueria.es\\\/blogs\\\/alqueriaamarillanaranja\\\/wp-content\\\/uploads\\\/sites\\\/9\\\/2013\\\/02\\\/dsc01539.jpg&quot;,&quot;id&quot;:&quot;3580&quot;,&quot;title&quot;:&quot;DSC01539&quot;,&quot;alt&quot;:&quot;&quot;,&quot;caption&quot;:&quot;&quot;,&quot;itemprop&quot;:&quot;image&quot;},{&quot;src&quot;:&quot;https:\\\/\\\/www.alqueria.es\\\/blogs\\\/alqueriaamarillanaranja\\\/wp-content\\\/uploads\\\/sites\\\/9\\\/2013\\\/02\\\/dsc01540.jpg&quot;,&quot;id&quot;:&quot;3581&quot;,&quot;title&quot;:&quot;DSC01540&quot;,&quot;alt&quot;:&quot;&quot;,&quot;caption&quot;:&quot;&quot;,&quot;itemprop&quot;:&quot;image&quot;},{&quot;src&quot;:&quot;https:\\\/\\\/www.alqueria.es\\\/blogs\\\/alqueriaamarillanaranja\\\/wp-content\\\/uploads\\\/sites\\\/9\\\/2013\\\/02\\\/dsc01541.jpg&quot;,&quot;id&quot;:&quot;3582&quot;,&quot;title&quot;:&quot;DSC01541&quot;,&quot;alt&quot;:&quot;&quot;,&quot;caption&quot;:&quot;&quot;,&quot;itemprop&quot;:&quot;image&quot;},{&quot;src&quot;:&quot;https:\\\/\\\/www.alqueria.es\\\/blogs\\\/alqueriaamarillanaranja\\\/wp-content\\\/uploads\\\/sites\\\/9\\\/2013\\\/02\\\/dsc01542.jpg&quot;,&quot;id&quot;:&quot;3583&quot;,&quot;title&quot;:&quot;DSC01542&quot;,&quot;alt&quot;:&quot;&quot;,&quot;caption&quot;:&quot;&quot;,&quot;itemprop&quot;:&quot;image&quot;},{&quot;src&quot;:&quot;https:\\\/\\\/www.alqueria.es\\\/blogs\\\/alqueriaamarillanaranja\\\/wp-content\\\/uploads\\\/sites\\\/9\\\/2013\\\/02\\\/dsc01543.jpg&quot;,&quot;id&quot;:&quot;3584&quot;,&quot;title&quot;:&quot;DSC01543&quot;,&quot;alt&quot;:&quot;&quot;,&quot;caption&quot;:&quot;&quot;,&quot;itemprop&quot;:&quot;image&quot;}]\" itemscope itemtype=\"https:\/\/schema.org\/ImageGallery\"><\/div>\n<p><span style=\"color:#00cccc\"><span style=\"font-family:Andalus, serif\"><span style=\"font-size:300%\"><span style=\"color:#000000\"><span style=\"font-size:medium\">En la tarde cooperativa comenzamos con las tareas de vivero. Pod\u00e9is continuar aportando tetrabriks y sobre todo \u201cplantitas\u201d y esquejes. \u00a1Muchas gracias!<\/span><\/span><\/span><\/span><\/span><\/p>\n<p><span style=\"color:#00cccc\"><span style=\"font-family:Andalus, serif\"><span style=\"font-size:300%\"><span style=\"color:#000000\"><span style=\"font-size:medium\">NOTA INFORMATIVA: la pr\u00f3xima semana comenzaremos a trabajar una nueva propuesta, \u201cLa familia\u201d; necesito que cada ni\u00f1@ traiga a clase algunas fotograf\u00edas (4 \u00f3 5) de su familia, aqu\u00ed incluimos a pap\u00e1, mam\u00e1, abuelos, <a href=\"mailto:ti@s\">ti@s<\/a>, <a href=\"mailto:prim@s\">prim@s<\/a>&#8230;&#8230;en algunos casos, \u00a1hasta la mascota!. Estas fotograf\u00edas se quedar\u00e1n en el aula y trabajaremos con ellas durante varios d\u00edas y las usaremos para confeccionar una p\u00e1gina que hable sobre la familia de cada integrante del grupo, al final compondremos un \u00e1lbum con todas estas p\u00e1ginas. Por todo esto deben ser fotograf\u00edas que no quer\u00e1is volver a recuperar (tambi\u00e9n sirven fotocopias en color, o impresiones en color).<\/span><\/span><\/span><\/span><\/span><\/p>\n<p align=\"RIGHT\"><span style=\"color:#000000\"><span style=\"font-family:Andalus, serif\"><span style=\"font-size:medium\">Loli G\u00e1lvez<\/span><\/span><\/span><\/p>\n","protected":false},"excerpt":{"rendered":"<p>Comenzamos la semana con mucha energ\u00eda. Cuando estamos todos en la asamblea nos organizamos en dos filas (esta organizaci\u00f3n la estamos trabajando para nuestra actuaci\u00f3n del viernes) y ensayamos nuestra chirigota de carnaval. \u00a1Nos sale estupendamente! Veremos a ver si el miedo esc\u00e9nico del \u00faltimo momento nos deja cantar&#8230;&#8230; Dedicamos la ma\u00f1ana al juego libre &hellip; <a href=\"https:\/\/www.alqueria.es\/blogs\/alqueriaamarillanaranja\/2013\/02\/04\/3571\/\" class=\"more-link\">Seguir leyendo <span class=\"screen-reader-text\">Composici\u00f3n Carnavalesca<\/span> <span class=\"meta-nav\">&rarr;<\/span><\/a><\/p>\n","protected":false},"author":23,"featured_media":0,"comment_status":"open","ping_status":"open","sticky":false,"template":"","format":"standard","meta":{"jetpack_post_was_ever_published":false,"_jetpack_newsletter_access":"","_jetpack_dont_email_post_to_subs":false,"_jetpack_newsletter_tier_id":0,"_jetpack_memberships_contains_paywalled_content":false,"_jetpack_memberships_contains_paid_content":false,"footnotes":"","jetpack_publicize_message":"","jetpack_publicize_feature_enabled":true,"jetpack_social_post_already_shared":true,"jetpack_social_options":{"image_generator_settings":{"template":"highway","default_image_id":0,"font":"","enabled":false},"version":2}},"categories":[6,9],"tags":[],"class_list":["post-3571","post","type-post","status-publish","format-standard","hentry","category-clase-amarilla","category-diario-clase-amarilla"],"jetpack_publicize_connections":[],"jetpack_featured_media_url":"","jetpack_sharing_enabled":true,"jetpack_shortlink":"https:\/\/wp.me\/s4lG08-3571","jetpack-related-posts":[],"_links":{"self":[{"href":"https:\/\/www.alqueria.es\/blogs\/alqueriaamarillanaranja\/wp-json\/wp\/v2\/posts\/3571","targetHints":{"allow":["GET"]}}],"collection":[{"href":"https:\/\/www.alqueria.es\/blogs\/alqueriaamarillanaranja\/wp-json\/wp\/v2\/posts"}],"about":[{"href":"https:\/\/www.alqueria.es\/blogs\/alqueriaamarillanaranja\/wp-json\/wp\/v2\/types\/post"}],"author":[{"embeddable":true,"href":"https:\/\/www.alqueria.es\/blogs\/alqueriaamarillanaranja\/wp-json\/wp\/v2\/users\/23"}],"replies":[{"embeddable":true,"href":"https:\/\/www.alqueria.es\/blogs\/alqueriaamarillanaranja\/wp-json\/wp\/v2\/comments?post=3571"}],"version-history":[{"count":0,"href":"https:\/\/www.alqueria.es\/blogs\/alqueriaamarillanaranja\/wp-json\/wp\/v2\/posts\/3571\/revisions"}],"wp:attachment":[{"href":"https:\/\/www.alqueria.es\/blogs\/alqueriaamarillanaranja\/wp-json\/wp\/v2\/media?parent=3571"}],"wp:term":[{"taxonomy":"category","embeddable":true,"href":"https:\/\/www.alqueria.es\/blogs\/alqueriaamarillanaranja\/wp-json\/wp\/v2\/categories?post=3571"},{"taxonomy":"post_tag","embeddable":true,"href":"https:\/\/www.alqueria.es\/blogs\/alqueriaamarillanaranja\/wp-json\/wp\/v2\/tags?post=3571"}],"curies":[{"name":"wp","href":"https:\/\/api.w.org\/{rel}","templated":true}]}}