{"id":3606,"date":"2013-02-05T15:14:11","date_gmt":"2013-02-05T14:14:11","guid":{"rendered":"http:\/\/alqueriaamarillanaranja.wordpress.com\/?p=3606"},"modified":"2014-02-24T12:43:46","modified_gmt":"2014-02-24T12:43:46","slug":"gorros-de-cocineros","status":"publish","type":"post","link":"https:\/\/www.alqueria.es\/blogs\/alqueriaamarillanaranja\/2013\/02\/05\/gorros-de-cocineros\/","title":{"rendered":"GORROS DE COCINEROS"},"content":{"rendered":"<p style=\"text-align:justify\"><span style=\"color:#000000\"><a href=\"http:\/\/alqueriaamarillanaranja.files.wordpress.com\/2013\/02\/foto1735.jpg\"><img decoding=\"async\" data-attachment-id=\"3611\" data-permalink=\"https:\/\/www.alqueria.es\/blogs\/alqueriaamarillanaranja\/foto1735\/\" data-orig-file=\"https:\/\/www.alqueria.es\/blogs\/alqueriaamarillanaranja\/wp-content\/uploads\/sites\/9\/2013\/02\/foto1735.jpg\" data-orig-size=\"768,1024\" data-comments-opened=\"1\" data-image-meta=\"{&quot;aperture&quot;:&quot;0&quot;,&quot;credit&quot;:&quot;&quot;,&quot;camera&quot;:&quot;&quot;,&quot;caption&quot;:&quot;&quot;,&quot;created_timestamp&quot;:&quot;0&quot;,&quot;copyright&quot;:&quot;&quot;,&quot;focal_length&quot;:&quot;0&quot;,&quot;iso&quot;:&quot;0&quot;,&quot;shutter_speed&quot;:&quot;0&quot;,&quot;title&quot;:&quot;&quot;}\" data-image-title=\"Foto1735\" data-image-description=\"\" data-image-caption=\"\" data-large-file=\"https:\/\/www.alqueria.es\/blogs\/alqueriaamarillanaranja\/wp-content\/uploads\/sites\/9\/2013\/02\/foto1735-768x1024.jpg\" class=\"alignleft size-thumbnail wp-image-3611\" alt=\"Foto1735\" src=\"https:\/\/cloud.alqueria.es\/wp-content\/uploads\/sites\/9\/2013\/02\/foto17351.jpg\" width=\"112\" height=\"150\" \/><\/a>A primera hora juego libre con los carritos de beb\u00e9 y algunos juguetes nuevos que nos ha tra\u00eddo la madre de M\u00f3nica para la clase, estaban muy interesados por ellos&#8230;.<\/span><\/p>\n<p style=\"text-align:justify\"><span style=\"color:#000000\">Seguimos trabajando el carnaval y sobre todo nuestro disfraz. <\/span><\/p>\n<p style=\"text-align:justify\"><span style=\"color:#000000\">Hoy vamos haciendo a cada uno\/a su gorro de cocinero\/a. Con dos folios los unimos y tomamos la medida de cada cabeza para que les queden bien. No os los podeis llevar a casa porque son para el viernes.<\/span><\/p>\n<p style=\"text-align:justify\">Los podeis ver expuestos en la clase.<\/p>\n<p><a href=\"http:\/\/alqueriaamarillanaranja.files.wordpress.com\/2013\/02\/foto1732.jpg\"><img decoding=\"async\" data-attachment-id=\"3608\" data-permalink=\"https:\/\/www.alqueria.es\/blogs\/alqueriaamarillanaranja\/foto1732\/\" data-orig-file=\"https:\/\/www.alqueria.es\/blogs\/alqueriaamarillanaranja\/wp-content\/uploads\/sites\/9\/2013\/02\/foto1732.jpg\" data-orig-size=\"1024,768\" data-comments-opened=\"1\" data-image-meta=\"{&quot;aperture&quot;:&quot;0&quot;,&quot;credit&quot;:&quot;&quot;,&quot;camera&quot;:&quot;&quot;,&quot;caption&quot;:&quot;&quot;,&quot;created_timestamp&quot;:&quot;0&quot;,&quot;copyright&quot;:&quot;&quot;,&quot;focal_length&quot;:&quot;0&quot;,&quot;iso&quot;:&quot;0&quot;,&quot;shutter_speed&quot;:&quot;0&quot;,&quot;title&quot;:&quot;&quot;}\" data-image-title=\"Foto1732\" data-image-description=\"\" data-image-caption=\"\" data-large-file=\"https:\/\/www.alqueria.es\/blogs\/alqueriaamarillanaranja\/wp-content\/uploads\/sites\/9\/2013\/02\/foto1732-1024x768.jpg\" class=\"alignleft size-thumbnail wp-image-3608\" alt=\"Foto1732\" src=\"https:\/\/cloud.alqueria.es\/wp-content\/uploads\/sites\/9\/2013\/02\/foto17321.jpg\" width=\"150\" height=\"112\" \/><\/a><\/p>\n<p><a href=\"http:\/\/alqueriaamarillanaranja.files.wordpress.com\/2013\/02\/foto1733.jpg\"><img decoding=\"async\" data-attachment-id=\"3609\" data-permalink=\"https:\/\/www.alqueria.es\/blogs\/alqueriaamarillanaranja\/foto1733\/\" data-orig-file=\"https:\/\/www.alqueria.es\/blogs\/alqueriaamarillanaranja\/wp-content\/uploads\/sites\/9\/2013\/02\/foto1733.jpg\" data-orig-size=\"1024,768\" data-comments-opened=\"1\" data-image-meta=\"{&quot;aperture&quot;:&quot;0&quot;,&quot;credit&quot;:&quot;&quot;,&quot;camera&quot;:&quot;&quot;,&quot;caption&quot;:&quot;&quot;,&quot;created_timestamp&quot;:&quot;0&quot;,&quot;copyright&quot;:&quot;&quot;,&quot;focal_length&quot;:&quot;0&quot;,&quot;iso&quot;:&quot;0&quot;,&quot;shutter_speed&quot;:&quot;0&quot;,&quot;title&quot;:&quot;&quot;}\" data-image-title=\"Foto1733\" data-image-description=\"\" data-image-caption=\"\" data-large-file=\"https:\/\/www.alqueria.es\/blogs\/alqueriaamarillanaranja\/wp-content\/uploads\/sites\/9\/2013\/02\/foto1733-1024x768.jpg\" class=\"alignnone size-thumbnail wp-image-3609\" alt=\"Foto1733\" src=\"https:\/\/cloud.alqueria.es\/wp-content\/uploads\/sites\/9\/2013\/02\/foto17331.jpg\" width=\"150\" height=\"112\" \/><\/a><a href=\"http:\/\/alqueriaamarillanaranja.files.wordpress.com\/2013\/02\/foto1734.jpg\"><img decoding=\"async\" data-attachment-id=\"3610\" data-permalink=\"https:\/\/www.alqueria.es\/blogs\/alqueriaamarillanaranja\/foto1734\/\" data-orig-file=\"https:\/\/www.alqueria.es\/blogs\/alqueriaamarillanaranja\/wp-content\/uploads\/sites\/9\/2013\/02\/foto1734.jpg\" data-orig-size=\"1024,768\" data-comments-opened=\"1\" data-image-meta=\"{&quot;aperture&quot;:&quot;0&quot;,&quot;credit&quot;:&quot;&quot;,&quot;camera&quot;:&quot;&quot;,&quot;caption&quot;:&quot;&quot;,&quot;created_timestamp&quot;:&quot;0&quot;,&quot;copyright&quot;:&quot;&quot;,&quot;focal_length&quot;:&quot;0&quot;,&quot;iso&quot;:&quot;0&quot;,&quot;shutter_speed&quot;:&quot;0&quot;,&quot;title&quot;:&quot;&quot;}\" data-image-title=\"Foto1734\" data-image-description=\"\" data-image-caption=\"\" data-large-file=\"https:\/\/www.alqueria.es\/blogs\/alqueriaamarillanaranja\/wp-content\/uploads\/sites\/9\/2013\/02\/foto1734-1024x768.jpg\" class=\"alignnone size-thumbnail wp-image-3610\" alt=\"Foto1734\" src=\"https:\/\/cloud.alqueria.es\/wp-content\/uploads\/sites\/9\/2013\/02\/foto17341.jpg\" width=\"150\" height=\"112\" \/><\/a><\/p>\n<p style=\"text-align:justify\"><span style=\"color:#000000\">Est\u00e1n muy ilusionados con la fiesta y cada vez que ensayamos se ponen como locos. A ver que tal lo hacen el viernes cuando se enfrenten a \u00abtodo el p\u00fablico\u00bb.<\/span><\/p>\n<p style=\"text-align:justify\"><span style=\"color:#000000\">En la asamblea reparte como super<\/span> <span style=\"color:#ff0000\">ELISABETH <span style=\"color:#000000\"><span style=\"color:#000000\">y muy bien van realizando las tareas de repartir las sevilletas y las cucharas \u00a1C\u00f3mo les gusta ser protagonistas!<\/span><\/span><\/span><\/p>\n<p style=\"text-align:justify\"><span style=\"color:#000000\">Salimos al patio y compartimos un rato de juego con el grupo Azul.<\/span><\/p>\n<p style=\"text-align:justify\"><span style=\"color:#000000\">Antes de la comida para volver un poco a la calma, contamos un cuento que trae Estela de casa, titulado \u00ab\u00bfSABES QUI\u00c9N SOY? Les ha gustado mucho, ya que ibamos dando pistas y tenian que adivinar que animal era.<\/span><\/p>\n<p><a href=\"http:\/\/alqueriaamarillanaranja.files.wordpress.com\/2013\/02\/foto1731.jpg\"><img decoding=\"async\" data-attachment-id=\"3607\" data-permalink=\"https:\/\/www.alqueria.es\/blogs\/alqueriaamarillanaranja\/foto1731\/\" data-orig-file=\"https:\/\/www.alqueria.es\/blogs\/alqueriaamarillanaranja\/wp-content\/uploads\/sites\/9\/2013\/02\/foto1731.jpg\" data-orig-size=\"1024,768\" data-comments-opened=\"1\" data-image-meta=\"{&quot;aperture&quot;:&quot;0&quot;,&quot;credit&quot;:&quot;&quot;,&quot;camera&quot;:&quot;&quot;,&quot;caption&quot;:&quot;&quot;,&quot;created_timestamp&quot;:&quot;0&quot;,&quot;copyright&quot;:&quot;&quot;,&quot;focal_length&quot;:&quot;0&quot;,&quot;iso&quot;:&quot;0&quot;,&quot;shutter_speed&quot;:&quot;0&quot;,&quot;title&quot;:&quot;&quot;}\" data-image-title=\"Foto1731\" data-image-description=\"\" data-image-caption=\"\" data-large-file=\"https:\/\/www.alqueria.es\/blogs\/alqueriaamarillanaranja\/wp-content\/uploads\/sites\/9\/2013\/02\/foto1731-1024x768.jpg\" class=\"aligncenter size-thumbnail wp-image-3607\" alt=\"Foto1731\" src=\"https:\/\/cloud.alqueria.es\/wp-content\/uploads\/sites\/9\/2013\/02\/foto17311.jpg\" width=\"150\" height=\"112\" \/><\/a><\/p>\n<p><span style=\"color:#ff0000\">\u00a1\u00a1Estamos muy contentas porque Pablo ha andado s\u00f3lo un buen rato!!<\/span><\/p>\n<p><span style=\"color:#ff0000\">\u00a1OZ\u00da QU\u00c9 BIEN!<\/span><\/p>\n<p style=\"text-align:right\">Carmen Jim\u00e9nez<\/p>\n","protected":false},"excerpt":{"rendered":"<p>A primera hora juego libre con los carritos de beb\u00e9 y algunos juguetes nuevos que nos ha tra\u00eddo la madre de M\u00f3nica para la clase, estaban muy interesados por ellos&#8230;. Seguimos trabajando el carnaval y sobre todo nuestro disfraz. Hoy vamos haciendo a cada uno\/a su gorro de cocinero\/a. Con dos folios los unimos y &hellip; <a href=\"https:\/\/www.alqueria.es\/blogs\/alqueriaamarillanaranja\/2013\/02\/05\/gorros-de-cocineros\/\" class=\"more-link\">Seguir leyendo <span class=\"screen-reader-text\">GORROS DE COCINEROS<\/span> <span class=\"meta-nav\">&rarr;<\/span><\/a><\/p>\n","protected":false},"author":23,"featured_media":0,"comment_status":"open","ping_status":"open","sticky":false,"template":"","format":"standard","meta":{"jetpack_post_was_ever_published":false,"_jetpack_newsletter_access":"","_jetpack_dont_email_post_to_subs":false,"_jetpack_newsletter_tier_id":0,"_jetpack_memberships_contains_paywalled_content":false,"_jetpack_memberships_contains_paid_content":false,"footnotes":"","jetpack_publicize_message":"","jetpack_publicize_feature_enabled":true,"jetpack_social_post_already_shared":true,"jetpack_social_options":{"image_generator_settings":{"template":"highway","default_image_id":0,"font":"","enabled":false},"version":2}},"categories":[6,9],"tags":[],"class_list":["post-3606","post","type-post","status-publish","format-standard","hentry","category-clase-amarilla","category-diario-clase-amarilla"],"jetpack_publicize_connections":[],"jetpack_featured_media_url":"","jetpack_sharing_enabled":true,"jetpack_shortlink":"https:\/\/wp.me\/p4lG08-Wa","jetpack-related-posts":[],"_links":{"self":[{"href":"https:\/\/www.alqueria.es\/blogs\/alqueriaamarillanaranja\/wp-json\/wp\/v2\/posts\/3606","targetHints":{"allow":["GET"]}}],"collection":[{"href":"https:\/\/www.alqueria.es\/blogs\/alqueriaamarillanaranja\/wp-json\/wp\/v2\/posts"}],"about":[{"href":"https:\/\/www.alqueria.es\/blogs\/alqueriaamarillanaranja\/wp-json\/wp\/v2\/types\/post"}],"author":[{"embeddable":true,"href":"https:\/\/www.alqueria.es\/blogs\/alqueriaamarillanaranja\/wp-json\/wp\/v2\/users\/23"}],"replies":[{"embeddable":true,"href":"https:\/\/www.alqueria.es\/blogs\/alqueriaamarillanaranja\/wp-json\/wp\/v2\/comments?post=3606"}],"version-history":[{"count":0,"href":"https:\/\/www.alqueria.es\/blogs\/alqueriaamarillanaranja\/wp-json\/wp\/v2\/posts\/3606\/revisions"}],"wp:attachment":[{"href":"https:\/\/www.alqueria.es\/blogs\/alqueriaamarillanaranja\/wp-json\/wp\/v2\/media?parent=3606"}],"wp:term":[{"taxonomy":"category","embeddable":true,"href":"https:\/\/www.alqueria.es\/blogs\/alqueriaamarillanaranja\/wp-json\/wp\/v2\/categories?post=3606"},{"taxonomy":"post_tag","embeddable":true,"href":"https:\/\/www.alqueria.es\/blogs\/alqueriaamarillanaranja\/wp-json\/wp\/v2\/tags?post=3606"}],"curies":[{"name":"wp","href":"https:\/\/api.w.org\/{rel}","templated":true}]}}