{"id":36523,"date":"2019-03-27T17:30:04","date_gmt":"2019-03-27T16:30:04","guid":{"rendered":"https:\/\/www.alqueria.es\/blogs\/alqueriaamarillanaranja\/?p=36523"},"modified":"2019-03-27T16:22:42","modified_gmt":"2019-03-27T15:22:42","slug":"primavera-con-huellas-dactilares","status":"publish","type":"post","link":"https:\/\/www.alqueria.es\/blogs\/alqueriaamarillanaranja\/2019\/03\/27\/primavera-con-huellas-dactilares\/","title":{"rendered":"PRIMAVERA CON HUELLAS DACTILARES"},"content":{"rendered":"<p>Tenemos una ma\u00f1ana muy din\u00e1mica :<\/p>\n<ul>\n<li>En el taller creativo terminamos una actividad que comenzamos hace varias semanas. Sobre una cartulina y ayud\u00e1ndonos de pinturas de dedos\u00a0 hacemos nuestras huellas dactilares. Explicamos que cada huella es especial\u00a0 y \u00daNICA.<div class=\"tiled-gallery type-circle tiled-gallery-unresized\" data-original-width=\"474\" data-carousel-extra='{&quot;blog_id&quot;:9,&quot;permalink&quot;:&quot;https:\\\/\\\/www.alqueria.es\\\/blogs\\\/alqueriaamarillanaranja\\\/2019\\\/03\\\/27\\\/primavera-con-huellas-dactilares\\\/&quot;,&quot;likes_blog_id&quot;:64271688}' itemscope itemtype=\"http:\/\/schema.org\/ImageGallery\" > <div class=\"gallery-row\" style=\"width: 474px; height: 237px;\" data-original-width=\"474\" data-original-height=\"237\" > <div class=\"gallery-group\" style=\"width: 237px; height: 237px;\" data-original-width=\"237\" data-original-height=\"237\" > <div class=\"tiled-gallery-item \" itemprop=\"associatedMedia\" itemscope itemtype=\"http:\/\/schema.org\/ImageObject\"> <a href=\"https:\/\/www.alqueria.es\/blogs\/alqueriaamarillanaranja\/2019\/03\/27\/primavera-con-huellas-dactilares\/img_20190304_100228\/\" border=\"0\" itemprop=\"url\"> <meta itemprop=\"width\" content=\"233\"> <meta itemprop=\"height\" content=\"233\"> <img decoding=\"async\" class=\"\" data-attachment-id=\"36527\" data-orig-file=\"https:\/\/cloud.alqueria.es\/wp-content\/uploads\/sites\/9\/2019\/03\/IMG_20190304_100228.jpg\" data-orig-size=\"1024,768\" data-comments-opened=\"1\" data-image-meta=\"{&quot;aperture&quot;:&quot;0&quot;,&quot;credit&quot;:&quot;&quot;,&quot;camera&quot;:&quot;&quot;,&quot;caption&quot;:&quot;&quot;,&quot;created_timestamp&quot;:&quot;0&quot;,&quot;copyright&quot;:&quot;&quot;,&quot;focal_length&quot;:&quot;0&quot;,&quot;iso&quot;:&quot;0&quot;,&quot;shutter_speed&quot;:&quot;0&quot;,&quot;title&quot;:&quot;&quot;,&quot;orientation&quot;:&quot;0&quot;}\" data-image-title=\"IMG_20190304_100228\" data-image-description=\"\" data-medium-file=\"https:\/\/cloud.alqueria.es\/wp-content\/uploads\/sites\/9\/2019\/03\/IMG_20190304_100228-300x225.jpg\" data-large-file=\"https:\/\/cloud.alqueria.es\/wp-content\/uploads\/sites\/9\/2019\/03\/IMG_20190304_100228.jpg\" src=\"https:\/\/i0.wp.com\/cloud.alqueria.es\/wp-content\/uploads\/sites\/9\/2019\/03\/IMG_20190304_100228.jpg?w=233&#038;h=233&#038;crop=1&#038;ssl=1\" width=\"233\" height=\"233\" loading=\"lazy\" data-original-width=\"233\" data-original-height=\"233\" itemprop=\"http:\/\/schema.org\/image\" title=\"IMG_20190304_100228\" alt=\"IMG_20190304_100228\" style=\"width: 233px; height: 233px;\" \/> <\/a> <\/div> <\/div> <div class=\"gallery-group\" style=\"width: 237px; height: 237px;\" data-original-width=\"237\" data-original-height=\"237\" > <div class=\"tiled-gallery-item \" itemprop=\"associatedMedia\" itemscope itemtype=\"http:\/\/schema.org\/ImageObject\"> <a href=\"https:\/\/www.alqueria.es\/blogs\/alqueriaamarillanaranja\/2019\/03\/27\/primavera-con-huellas-dactilares\/img_20190304_100220\/\" border=\"0\" itemprop=\"url\"> <meta itemprop=\"width\" content=\"233\"> <meta itemprop=\"height\" content=\"233\"> <img decoding=\"async\" class=\"\" data-attachment-id=\"36526\" data-orig-file=\"https:\/\/cloud.alqueria.es\/wp-content\/uploads\/sites\/9\/2019\/03\/IMG_20190304_100220.jpg\" data-orig-size=\"1024,768\" data-comments-opened=\"1\" data-image-meta=\"{&quot;aperture&quot;:&quot;0&quot;,&quot;credit&quot;:&quot;&quot;,&quot;camera&quot;:&quot;&quot;,&quot;caption&quot;:&quot;&quot;,&quot;created_timestamp&quot;:&quot;0&quot;,&quot;copyright&quot;:&quot;&quot;,&quot;focal_length&quot;:&quot;0&quot;,&quot;iso&quot;:&quot;0&quot;,&quot;shutter_speed&quot;:&quot;0&quot;,&quot;title&quot;:&quot;&quot;,&quot;orientation&quot;:&quot;0&quot;}\" data-image-title=\"IMG_20190304_100220\" data-image-description=\"\" data-medium-file=\"https:\/\/cloud.alqueria.es\/wp-content\/uploads\/sites\/9\/2019\/03\/IMG_20190304_100220-300x225.jpg\" data-large-file=\"https:\/\/cloud.alqueria.es\/wp-content\/uploads\/sites\/9\/2019\/03\/IMG_20190304_100220.jpg\" src=\"https:\/\/i0.wp.com\/cloud.alqueria.es\/wp-content\/uploads\/sites\/9\/2019\/03\/IMG_20190304_100220.jpg?w=233&#038;h=233&#038;crop=1&#038;ssl=1\" width=\"233\" height=\"233\" loading=\"lazy\" data-original-width=\"233\" data-original-height=\"233\" itemprop=\"http:\/\/schema.org\/image\" title=\"IMG_20190304_100220\" alt=\"IMG_20190304_100220\" style=\"width: 233px; height: 233px;\" \/> <\/a> <\/div> <\/div> <\/div> <\/div>\n<p>Una misma forma puede servir para representar muchas cosas diferentes, un c\u00edrculo puede servir para dibujar una flor&#8230;.pues bien, en la segunda parte del taller y partiendo de sus huellas, les pedimos\u00a0 que dibujen los \u00abbichitos\u00bb que tras refugiarse del fr\u00edo del invierno aparecen en\u00a0 PRIMAVERA:\u00a0 mariquitas, caracoles, ara\u00f1as, mariposas&#8230; <img decoding=\"async\" data-attachment-id=\"36525\" data-permalink=\"https:\/\/www.alqueria.es\/blogs\/alqueriaamarillanaranja\/2019\/03\/27\/primavera-con-huellas-dactilares\/7097531-una-escena-de-primavera-con-dibujos-de-animales-de-bebe-mariposas-aves-abejas-y-un-caracol1-2\/\" data-orig-file=\"https:\/\/cloud.alqueria.es\/wp-content\/uploads\/sites\/9\/2019\/03\/7097531-una-escena-de-primavera-con-dibujos-de-animales-de-bebe-mariposas-aves-abejas-y-un-caracol1-2.jpg\" data-orig-size=\"400,400\" data-comments-opened=\"1\" data-image-meta=\"{&quot;aperture&quot;:&quot;0&quot;,&quot;credit&quot;:&quot;&quot;,&quot;camera&quot;:&quot;&quot;,&quot;caption&quot;:&quot;&quot;,&quot;created_timestamp&quot;:&quot;0&quot;,&quot;copyright&quot;:&quot;&quot;,&quot;focal_length&quot;:&quot;0&quot;,&quot;iso&quot;:&quot;0&quot;,&quot;shutter_speed&quot;:&quot;0&quot;,&quot;title&quot;:&quot;&quot;,&quot;orientation&quot;:&quot;0&quot;}\" data-image-title=\"7097531-una-escena-de-primavera-con-dibujos-de-animales-de-bebe-mariposas-aves-abejas-y-un-caracol1-2\" data-image-description=\"\" data-image-caption=\"\" data-large-file=\"https:\/\/cloud.alqueria.es\/wp-content\/uploads\/sites\/9\/2019\/03\/7097531-una-escena-de-primavera-con-dibujos-de-animales-de-bebe-mariposas-aves-abejas-y-un-caracol1-2.jpg\" class=\"size-medium wp-image-36525 aligncenter\" src=\"https:\/\/cloud.alqueria.es\/wp-content\/uploads\/sites\/9\/2019\/03\/7097531-una-escena-de-primavera-con-dibujos-de-animales-de-bebe-mariposas-aves-abejas-y-un-caracol1-2.jpg\" alt=\"\" width=\"300\" height=\"300\" srcset=\"https:\/\/cloud.alqueria.es\/wp-content\/uploads\/sites\/9\/2019\/03\/7097531-una-escena-de-primavera-con-dibujos-de-animales-de-bebe-mariposas-aves-abejas-y-un-caracol1-2.jpg 400w, https:\/\/cloud.alqueria.es\/wp-content\/uploads\/sites\/9\/2019\/03\/7097531-una-escena-de-primavera-con-dibujos-de-animales-de-bebe-mariposas-aves-abejas-y-un-caracol1-2.jpg 150w, https:\/\/cloud.alqueria.es\/wp-content\/uploads\/sites\/9\/2019\/03\/7097531-una-escena-de-primavera-con-dibujos-de-animales-de-bebe-mariposas-aves-abejas-y-un-caracol1-2.jpg 300w\" sizes=\"(max-width: 300px) 100vw, 300px\" \/>\u00a1Logramos producciones art\u00edsticas muy primaverales!<\/li>\n<li>Realizamos nuestro intercambio de libros: me cuentan encantados los libros que han le\u00eddo en casa, registran la lectura en su hoja y escogen un nuevo libro para llevar a casa. El objetivo de la actividad se est\u00e1 cumpliendo gratamente.<\/li>\n<li>La propuesta de juego \u00abDRAGONES\u00bb, nos caracterizamos con pintura negra y verde&#8230;(\u00a1todos quieren maquillarse de \u00abDesdentado\u00bb,jajaja)<\/li>\n<li>Con D\u00e9bora visitan el jard\u00edn, buscan \u00abpeque\u00f1os insectos\u00bb.<\/li>\n<\/ul>\n<p>MA\u00d1ANA TALLER DE COCINA: DELANTAL<\/p>\n<p>Silvia.<\/p>\n","protected":false},"excerpt":{"rendered":"<p>Tenemos una ma\u00f1ana muy din\u00e1mica : En el taller creativo terminamos una actividad que comenzamos hace varias semanas. Sobre una cartulina y ayud\u00e1ndonos de pinturas de dedos\u00a0 hacemos nuestras huellas dactilares. Explicamos que cada huella es especial\u00a0 y \u00daNICA. Una misma forma puede servir para representar muchas cosas diferentes, un c\u00edrculo puede servir para dibujar &hellip; <a href=\"https:\/\/www.alqueria.es\/blogs\/alqueriaamarillanaranja\/2019\/03\/27\/primavera-con-huellas-dactilares\/\" class=\"more-link\">Seguir leyendo <span class=\"screen-reader-text\">PRIMAVERA CON HUELLAS DACTILARES<\/span> <span class=\"meta-nav\">&rarr;<\/span><\/a><\/p>\n","protected":false},"author":23,"featured_media":0,"comment_status":"open","ping_status":"open","sticky":false,"template":"","format":"standard","meta":{"jetpack_post_was_ever_published":false,"_jetpack_newsletter_access":"","_jetpack_dont_email_post_to_subs":false,"_jetpack_newsletter_tier_id":0,"_jetpack_memberships_contains_paywalled_content":false,"_jetpack_memberships_contains_paid_content":false,"footnotes":"","jetpack_publicize_message":"","jetpack_publicize_feature_enabled":true,"jetpack_social_post_already_shared":true,"jetpack_social_options":{"image_generator_settings":{"template":"highway","default_image_id":0,"font":"","enabled":false},"version":2}},"categories":[23,7,8,10,311],"tags":[89,103,116],"class_list":["post-36523","post","type-post","status-publish","format-standard","hentry","category-cancionero-clase-naranja-2","category-clase-naranja","category-diario","category-especialistas","category-expresion-corporal","tag-metodo-de-propuestas","tag-proyecto-de-lectura","tag-taller-creativo"],"jetpack_publicize_connections":[],"jetpack_featured_media_url":"","jetpack_sharing_enabled":true,"jetpack_shortlink":"https:\/\/wp.me\/p4lG08-9v5","jetpack-related-posts":[],"_links":{"self":[{"href":"https:\/\/www.alqueria.es\/blogs\/alqueriaamarillanaranja\/wp-json\/wp\/v2\/posts\/36523","targetHints":{"allow":["GET"]}}],"collection":[{"href":"https:\/\/www.alqueria.es\/blogs\/alqueriaamarillanaranja\/wp-json\/wp\/v2\/posts"}],"about":[{"href":"https:\/\/www.alqueria.es\/blogs\/alqueriaamarillanaranja\/wp-json\/wp\/v2\/types\/post"}],"author":[{"embeddable":true,"href":"https:\/\/www.alqueria.es\/blogs\/alqueriaamarillanaranja\/wp-json\/wp\/v2\/users\/23"}],"replies":[{"embeddable":true,"href":"https:\/\/www.alqueria.es\/blogs\/alqueriaamarillanaranja\/wp-json\/wp\/v2\/comments?post=36523"}],"version-history":[{"count":0,"href":"https:\/\/www.alqueria.es\/blogs\/alqueriaamarillanaranja\/wp-json\/wp\/v2\/posts\/36523\/revisions"}],"wp:attachment":[{"href":"https:\/\/www.alqueria.es\/blogs\/alqueriaamarillanaranja\/wp-json\/wp\/v2\/media?parent=36523"}],"wp:term":[{"taxonomy":"category","embeddable":true,"href":"https:\/\/www.alqueria.es\/blogs\/alqueriaamarillanaranja\/wp-json\/wp\/v2\/categories?post=36523"},{"taxonomy":"post_tag","embeddable":true,"href":"https:\/\/www.alqueria.es\/blogs\/alqueriaamarillanaranja\/wp-json\/wp\/v2\/tags?post=36523"}],"curies":[{"name":"wp","href":"https:\/\/api.w.org\/{rel}","templated":true}]}}