{"id":3686,"date":"2013-02-08T14:00:29","date_gmt":"2013-02-08T13:00:29","guid":{"rendered":"http:\/\/alqueriaamarillanaranja.wordpress.com\/?p=3686"},"modified":"2014-02-24T12:43:59","modified_gmt":"2014-02-24T12:43:59","slug":"carnaval-carnaval-carnaval-te-quiero","status":"publish","type":"post","link":"https:\/\/www.alqueria.es\/blogs\/alqueriaamarillanaranja\/2013\/02\/08\/carnaval-carnaval-carnaval-te-quiero\/","title":{"rendered":"\u00a1Carnaval, carnaval&#8230;&#8230;, carnaval te quiero&#8230;.!"},"content":{"rendered":"<p><span style=\"color:#ff6600\">Hoy celebramos nuestra esperada fiesta de Carnaval.<a href=\"http:\/\/alqueriaamarillanaranja.files.wordpress.com\/2013\/02\/pegatina-fiesta-pirata1.jpg\"><img decoding=\"async\" data-attachment-id=\"3689\" data-permalink=\"https:\/\/www.alqueria.es\/blogs\/alqueriaamarillanaranja\/pegatina-fiesta-pirata1\/\" data-orig-file=\"https:\/\/www.alqueria.es\/blogs\/alqueriaamarillanaranja\/wp-content\/uploads\/sites\/9\/2013\/02\/pegatina-fiesta-pirata1.jpg\" data-orig-size=\"450,449\" data-comments-opened=\"1\" data-image-meta=\"{&quot;aperture&quot;:&quot;0&quot;,&quot;credit&quot;:&quot;&quot;,&quot;camera&quot;:&quot;&quot;,&quot;caption&quot;:&quot;&quot;,&quot;created_timestamp&quot;:&quot;0&quot;,&quot;copyright&quot;:&quot;&quot;,&quot;focal_length&quot;:&quot;0&quot;,&quot;iso&quot;:&quot;0&quot;,&quot;shutter_speed&quot;:&quot;0&quot;,&quot;title&quot;:&quot;&quot;}\" data-image-title=\"pegatina-fiesta-pirata[1]\" data-image-description=\"\" data-image-caption=\"\" data-large-file=\"https:\/\/www.alqueria.es\/blogs\/alqueriaamarillanaranja\/wp-content\/uploads\/sites\/9\/2013\/02\/pegatina-fiesta-pirata1.jpg\" class=\"alignright  wp-image-3689\" alt=\"pegatina-fiesta-pirata[1]\" src=\"https:\/\/cloud.alqueria.es\/wp-content\/uploads\/sites\/9\/2013\/02\/pegatina-fiesta-pirata11.jpg\" width=\"240\" height=\"240\" \/><\/a><\/span><\/p>\n<p><span style=\"color:#ff6600\">Todos estaban nerviosos cuando han llegado a la clase y poco a poco se han ido relajando cuando Silvia les ha ido colocando los disfraces. Cuando yo he llegado solo he tenido que darles el \u00faltimo toque antes de volver a ensayar (por \u00faltima vez) nuestra chirigota.<\/span><\/p>\n<p><span style=\"color:#ff6600\">A las 10&#8217;30h somos los primeros en salir para presidir el pasacalles en el que participamos junto a rojos y verdes, y a todos nuestros compa\u00f1eros de primaria. La m\u00fasica nos lleva danzando hasta la pista y luego hasta el escenario donde actuamos oficialmente. \u00a1Nos sale fenomenal! y nos dan un gran aplauso. Luego nosotros disfrutamos con la actuaci\u00f3n del resto de grupos antes de comer nuestra fruta de media ma\u00f1ana.<\/span><\/p>\n<p><span style=\"color:#ff6600\">\u00a0Por la tarde, tras jugar un rato en el patio, nos aseamos y volvemos a colocarnos todos los accesorios de nuestro disfraz. Nos retocamos el maquillaje y realizamos un ensayo general antes de debutar ante las familias. Yo ya les he puesto en antecedentes de lo que se van a encontrar cuando salgamos&#8230;&#8230;(una multitud de gente que los mira, los graba y los fotograf\u00eda&#8230;..), nosotros vamos a ser muy profesionales e iremos directamente hacia el escenario para nuestro debut. Van a estar MUY GRACIOSOS, aunque mi experiencia me dice que ser\u00e1n pocos los que se animen a cantar&#8230;&#8230;Sea como sea seguro que se ganar\u00e1n el aplauso del p\u00fablico. \u00a1\u00a1MUY BIEN!!<\/span><\/p>\n<p><a href=\"http:\/\/alqueriaamarillanaranja.files.wordpress.com\/2013\/02\/imagescuentosdepiratas1.jpg\"><img decoding=\"async\" data-attachment-id=\"3690\" data-permalink=\"https:\/\/www.alqueria.es\/blogs\/alqueriaamarillanaranja\/imagescuentosdepiratas1\/\" data-orig-file=\"https:\/\/www.alqueria.es\/blogs\/alqueriaamarillanaranja\/wp-content\/uploads\/sites\/9\/2013\/02\/imagescuentosdepiratas1.jpg\" data-orig-size=\"497,512\" data-comments-opened=\"1\" data-image-meta=\"{&quot;aperture&quot;:&quot;0&quot;,&quot;credit&quot;:&quot;&quot;,&quot;camera&quot;:&quot;&quot;,&quot;caption&quot;:&quot;&quot;,&quot;created_timestamp&quot;:&quot;0&quot;,&quot;copyright&quot;:&quot;&quot;,&quot;focal_length&quot;:&quot;0&quot;,&quot;iso&quot;:&quot;0&quot;,&quot;shutter_speed&quot;:&quot;0&quot;,&quot;title&quot;:&quot;&quot;}\" data-image-title=\"imagescuentosdepiratas[1]\" data-image-description=\"\" data-image-caption=\"\" data-large-file=\"https:\/\/www.alqueria.es\/blogs\/alqueriaamarillanaranja\/wp-content\/uploads\/sites\/9\/2013\/02\/imagescuentosdepiratas1.jpg\" class=\"alignleft  wp-image-3690\" alt=\"imagescuentosdepiratas[1]\" src=\"https:\/\/cloud.alqueria.es\/wp-content\/uploads\/sites\/9\/2013\/02\/imagescuentosdepiratas11.jpg\" width=\"233\" height=\"240\" \/><\/a><\/p>\n<p><span style=\"color:#ff6600\">Desde aqu\u00ed quiero agradecer a los pap\u00e1s y mam\u00e1s que participan en la comparsa sus canciones, su entusiasmo y su gracia a la hora de escribir las letrillas. Esas ganas que teneis las transmit\u00eds a vuestros <a href=\"mailto:hij@s\">hij@s<\/a> y a todos los que os rodeamos. \u00a1Muchas gracias!<\/span><\/p>\n<p><span style=\"color:#ff6600\">Y despu\u00e9s de un d\u00eda tan emocionante, solo nos queda merendar, \u00a1a disfrutar del chocolate y la torta de carnaval!<\/span><\/p>\n<p><span style=\"color:#ff6600\">El lunes os prometo colgar algunas fotograf\u00edas de nuestra fiesta de Carnaval.<\/span><\/p>\n<p><span style=\"color:#ff6600\">\u00a1Hasta el lunes!, vamos a descansar que falta nos hace.<\/span><\/p>\n<p><a href=\"https:\/\/cloud.alqueria.es\/wp-content\/uploads\/sites\/9\/2013\/02\/certamen-dibujo-de-carnaval-201311.jpg\"><img decoding=\"async\" data-attachment-id=\"3691\" data-permalink=\"https:\/\/www.alqueria.es\/blogs\/alqueriaamarillanaranja\/certamen-dibujo-de-carnaval-20131\/\" data-orig-file=\"https:\/\/www.alqueria.es\/blogs\/alqueriaamarillanaranja\/wp-content\/uploads\/sites\/9\/2013\/02\/certamen-dibujo-de-carnaval-20131.jpg\" data-orig-size=\"340,148\" data-comments-opened=\"1\" data-image-meta=\"{&quot;aperture&quot;:&quot;0&quot;,&quot;credit&quot;:&quot;&quot;,&quot;camera&quot;:&quot;&quot;,&quot;caption&quot;:&quot;&quot;,&quot;created_timestamp&quot;:&quot;0&quot;,&quot;copyright&quot;:&quot;&quot;,&quot;focal_length&quot;:&quot;0&quot;,&quot;iso&quot;:&quot;0&quot;,&quot;shutter_speed&quot;:&quot;0&quot;,&quot;title&quot;:&quot;&quot;}\" data-image-title=\"CERTAMEN DIBUJO DE CARNAVAL 2013[1]\" data-image-description=\"\" data-image-caption=\"\" data-large-file=\"https:\/\/www.alqueria.es\/blogs\/alqueriaamarillanaranja\/wp-content\/uploads\/sites\/9\/2013\/02\/certamen-dibujo-de-carnaval-20131.jpg\" class=\"aligncenter size-full wp-image-3691\" alt=\"CERTAMEN DIBUJO DE CARNAVAL 2013[1]\" src=\"https:\/\/cloud.alqueria.es\/wp-content\/uploads\/sites\/9\/2013\/02\/certamen-dibujo-de-carnaval-201311.jpg\" width=\"340\" height=\"148\" \/><\/a><\/p>\n<p style=\"text-align:right\"><span style=\"color:#ff6600\">Loli G\u00e1lvez<\/span><\/p>\n","protected":false},"excerpt":{"rendered":"<p>Hoy celebramos nuestra esperada fiesta de Carnaval. Todos estaban nerviosos cuando han llegado a la clase y poco a poco se han ido relajando cuando Silvia les ha ido colocando los disfraces. Cuando yo he llegado solo he tenido que darles el \u00faltimo toque antes de volver a ensayar (por \u00faltima vez) nuestra chirigota. A &hellip; <a href=\"https:\/\/www.alqueria.es\/blogs\/alqueriaamarillanaranja\/2013\/02\/08\/carnaval-carnaval-carnaval-te-quiero\/\" class=\"more-link\">Seguir leyendo <span class=\"screen-reader-text\">\u00a1Carnaval, carnaval&#8230;&#8230;, carnaval te quiero&#8230;.!<\/span> <span class=\"meta-nav\">&rarr;<\/span><\/a><\/p>\n","protected":false},"author":23,"featured_media":0,"comment_status":"open","ping_status":"open","sticky":false,"template":"","format":"standard","meta":{"jetpack_post_was_ever_published":false,"_jetpack_newsletter_access":"","_jetpack_dont_email_post_to_subs":false,"_jetpack_newsletter_tier_id":0,"_jetpack_memberships_contains_paywalled_content":false,"_jetpack_memberships_contains_paid_content":false,"footnotes":"","jetpack_publicize_message":"","jetpack_publicize_feature_enabled":true,"jetpack_social_post_already_shared":true,"jetpack_social_options":{"image_generator_settings":{"template":"highway","default_image_id":0,"font":"","enabled":false},"version":2}},"categories":[7,8,13],"tags":[63],"class_list":["post-3686","post","type-post","status-publish","format-standard","hentry","category-clase-naranja","category-diario","category-fiestas-y-dias-de-significacion-especial","tag-fiesta-carnaval"],"jetpack_publicize_connections":[],"jetpack_featured_media_url":"","jetpack_sharing_enabled":true,"jetpack_shortlink":"https:\/\/wp.me\/p4lG08-Xs","jetpack-related-posts":[],"_links":{"self":[{"href":"https:\/\/www.alqueria.es\/blogs\/alqueriaamarillanaranja\/wp-json\/wp\/v2\/posts\/3686","targetHints":{"allow":["GET"]}}],"collection":[{"href":"https:\/\/www.alqueria.es\/blogs\/alqueriaamarillanaranja\/wp-json\/wp\/v2\/posts"}],"about":[{"href":"https:\/\/www.alqueria.es\/blogs\/alqueriaamarillanaranja\/wp-json\/wp\/v2\/types\/post"}],"author":[{"embeddable":true,"href":"https:\/\/www.alqueria.es\/blogs\/alqueriaamarillanaranja\/wp-json\/wp\/v2\/users\/23"}],"replies":[{"embeddable":true,"href":"https:\/\/www.alqueria.es\/blogs\/alqueriaamarillanaranja\/wp-json\/wp\/v2\/comments?post=3686"}],"version-history":[{"count":0,"href":"https:\/\/www.alqueria.es\/blogs\/alqueriaamarillanaranja\/wp-json\/wp\/v2\/posts\/3686\/revisions"}],"wp:attachment":[{"href":"https:\/\/www.alqueria.es\/blogs\/alqueriaamarillanaranja\/wp-json\/wp\/v2\/media?parent=3686"}],"wp:term":[{"taxonomy":"category","embeddable":true,"href":"https:\/\/www.alqueria.es\/blogs\/alqueriaamarillanaranja\/wp-json\/wp\/v2\/categories?post=3686"},{"taxonomy":"post_tag","embeddable":true,"href":"https:\/\/www.alqueria.es\/blogs\/alqueriaamarillanaranja\/wp-json\/wp\/v2\/tags?post=3686"}],"curies":[{"name":"wp","href":"https:\/\/api.w.org\/{rel}","templated":true}]}}