{"id":36964,"date":"2019-04-22T23:03:39","date_gmt":"2019-04-22T21:03:39","guid":{"rendered":"https:\/\/www.alqueria.es\/blogs\/alqueriaamarillanaranja\/?p=36964"},"modified":"2019-04-22T23:03:39","modified_gmt":"2019-04-22T21:03:39","slug":"semana-de-la-lectura-22-26-abril-2019-inauguracion","status":"publish","type":"post","link":"https:\/\/www.alqueria.es\/blogs\/alqueriaamarillanaranja\/2019\/04\/22\/semana-de-la-lectura-22-26-abril-2019-inauguracion\/","title":{"rendered":"SEMANA DE LA LECTURA 22-26 Abril 2019. \u00abInauguraci\u00f3n\u00bb"},"content":{"rendered":"<p style=\"text-align: left\">Damos comienzo al \u00faltimo trimestre del curso y lo hacemos de una forma muy especial<span style=\"color: #0000ff\"><em> \u00abSemana de la lectura 2019 \u00ab.<\/em> <\/span>En la etapa infantil los cuentos son un instrumento emocional y m\u00e1gico. Es un recurso socializador y dispone una llave especial para abrir la puerta de la lectura, la convivencia y la tolerancia. A lo largo de la semana disfrutaremos junto a los compa\u00f1er@s de etapa, de distintas actividades : teatro de sombras, cuento-motor, cuentos multiling\u00fces, audio-visuales , escenificaci\u00f3n y las maravillosas narraciones de nuestros abuelos y familiares.<\/p>\n<p>Inauguramos la semana con el cuento de <span style=\"color: #0000ff\">\u00abLOS TRES CABALLEROS ANDANTES\u00bb a cargo de CHARITO:<\/span><\/p>\n<div class=\"tiled-gallery type-circle tiled-gallery-unresized\" data-original-width=\"474\" data-carousel-extra='{&quot;blog_id&quot;:9,&quot;permalink&quot;:&quot;https:\\\/\\\/www.alqueria.es\\\/blogs\\\/alqueriaamarillanaranja\\\/2019\\\/04\\\/22\\\/semana-de-la-lectura-22-26-abril-2019-inauguracion\\\/&quot;,&quot;likes_blog_id&quot;:64271688}' itemscope itemtype=\"http:\/\/schema.org\/ImageGallery\" > <div class=\"gallery-row\" style=\"width: 474px; height: 158px;\" data-original-width=\"474\" data-original-height=\"158\" > <div class=\"gallery-group\" style=\"width: 158px; height: 158px;\" data-original-width=\"158\" data-original-height=\"158\" > <div class=\"tiled-gallery-item \" itemprop=\"associatedMedia\" itemscope itemtype=\"http:\/\/schema.org\/ImageObject\"> <a href=\"https:\/\/www.alqueria.es\/blogs\/alqueriaamarillanaranja\/2019\/04\/22\/semana-de-la-lectura-22-26-abril-2019-inauguracion\/img_20190422_101053\/\" border=\"0\" itemprop=\"url\"> <meta itemprop=\"width\" content=\"154\"> <meta itemprop=\"height\" content=\"154\"> <img decoding=\"async\" class=\"\" data-attachment-id=\"36979\" data-orig-file=\"https:\/\/cloud.alqueria.es\/wp-content\/uploads\/sites\/9\/2019\/04\/IMG_20190422_101053.jpg\" data-orig-size=\"1024,768\" data-comments-opened=\"1\" data-image-meta=\"{&quot;aperture&quot;:&quot;0&quot;,&quot;credit&quot;:&quot;&quot;,&quot;camera&quot;:&quot;&quot;,&quot;caption&quot;:&quot;&quot;,&quot;created_timestamp&quot;:&quot;0&quot;,&quot;copyright&quot;:&quot;&quot;,&quot;focal_length&quot;:&quot;0&quot;,&quot;iso&quot;:&quot;0&quot;,&quot;shutter_speed&quot;:&quot;0&quot;,&quot;title&quot;:&quot;&quot;,&quot;orientation&quot;:&quot;0&quot;}\" data-image-title=\"IMG_20190422_101053\" data-image-description=\"\" data-medium-file=\"https:\/\/cloud.alqueria.es\/wp-content\/uploads\/sites\/9\/2019\/04\/IMG_20190422_101053-300x225.jpg\" data-large-file=\"https:\/\/cloud.alqueria.es\/wp-content\/uploads\/sites\/9\/2019\/04\/IMG_20190422_101053.jpg\" src=\"https:\/\/i0.wp.com\/cloud.alqueria.es\/wp-content\/uploads\/sites\/9\/2019\/04\/IMG_20190422_101053.jpg?w=154&#038;h=154&#038;crop=1&#038;ssl=1\" width=\"154\" height=\"154\" loading=\"lazy\" data-original-width=\"154\" data-original-height=\"154\" itemprop=\"http:\/\/schema.org\/image\" title=\"IMG_20190422_101053\" alt=\"IMG_20190422_101053\" style=\"width: 154px; height: 154px;\" \/> <\/a> <\/div> <\/div> <div class=\"gallery-group\" style=\"width: 158px; height: 158px;\" data-original-width=\"158\" data-original-height=\"158\" > <div class=\"tiled-gallery-item \" itemprop=\"associatedMedia\" itemscope itemtype=\"http:\/\/schema.org\/ImageObject\"> <a href=\"https:\/\/www.alqueria.es\/blogs\/alqueriaamarillanaranja\/2019\/04\/22\/semana-de-la-lectura-22-26-abril-2019-inauguracion\/img_20190422_101935\/\" border=\"0\" itemprop=\"url\"> <meta itemprop=\"width\" content=\"154\"> <meta itemprop=\"height\" content=\"154\"> <img decoding=\"async\" class=\"\" data-attachment-id=\"36975\" data-orig-file=\"https:\/\/cloud.alqueria.es\/wp-content\/uploads\/sites\/9\/2019\/04\/IMG_20190422_101935.jpg\" data-orig-size=\"1024,768\" data-comments-opened=\"1\" data-image-meta=\"{&quot;aperture&quot;:&quot;0&quot;,&quot;credit&quot;:&quot;&quot;,&quot;camera&quot;:&quot;&quot;,&quot;caption&quot;:&quot;&quot;,&quot;created_timestamp&quot;:&quot;0&quot;,&quot;copyright&quot;:&quot;&quot;,&quot;focal_length&quot;:&quot;0&quot;,&quot;iso&quot;:&quot;0&quot;,&quot;shutter_speed&quot;:&quot;0&quot;,&quot;title&quot;:&quot;&quot;,&quot;orientation&quot;:&quot;0&quot;}\" data-image-title=\"IMG_20190422_101935\" data-image-description=\"\" data-medium-file=\"https:\/\/cloud.alqueria.es\/wp-content\/uploads\/sites\/9\/2019\/04\/IMG_20190422_101935-300x225.jpg\" data-large-file=\"https:\/\/cloud.alqueria.es\/wp-content\/uploads\/sites\/9\/2019\/04\/IMG_20190422_101935.jpg\" src=\"https:\/\/i0.wp.com\/cloud.alqueria.es\/wp-content\/uploads\/sites\/9\/2019\/04\/IMG_20190422_101935.jpg?w=154&#038;h=154&#038;crop=1&#038;ssl=1\" width=\"154\" height=\"154\" loading=\"lazy\" data-original-width=\"154\" data-original-height=\"154\" itemprop=\"http:\/\/schema.org\/image\" title=\"IMG_20190422_101935\" alt=\"IMG_20190422_101935\" style=\"width: 154px; height: 154px;\" \/> <\/a> <\/div> <\/div> <div class=\"gallery-group\" style=\"width: 158px; height: 158px;\" data-original-width=\"158\" data-original-height=\"158\" > <div class=\"tiled-gallery-item \" itemprop=\"associatedMedia\" itemscope itemtype=\"http:\/\/schema.org\/ImageObject\"> <a href=\"https:\/\/www.alqueria.es\/blogs\/alqueriaamarillanaranja\/2019\/04\/22\/semana-de-la-lectura-22-26-abril-2019-inauguracion\/img_20190422_102320\/\" border=\"0\" itemprop=\"url\"> <meta itemprop=\"width\" content=\"154\"> <meta itemprop=\"height\" content=\"154\"> <img decoding=\"async\" class=\"\" data-attachment-id=\"36970\" data-orig-file=\"https:\/\/cloud.alqueria.es\/wp-content\/uploads\/sites\/9\/2019\/04\/IMG_20190422_102320.jpg\" data-orig-size=\"1024,768\" data-comments-opened=\"1\" data-image-meta=\"{&quot;aperture&quot;:&quot;0&quot;,&quot;credit&quot;:&quot;&quot;,&quot;camera&quot;:&quot;&quot;,&quot;caption&quot;:&quot;&quot;,&quot;created_timestamp&quot;:&quot;0&quot;,&quot;copyright&quot;:&quot;&quot;,&quot;focal_length&quot;:&quot;0&quot;,&quot;iso&quot;:&quot;0&quot;,&quot;shutter_speed&quot;:&quot;0&quot;,&quot;title&quot;:&quot;&quot;,&quot;orientation&quot;:&quot;0&quot;}\" data-image-title=\"IMG_20190422_102320\" data-image-description=\"\" data-medium-file=\"https:\/\/cloud.alqueria.es\/wp-content\/uploads\/sites\/9\/2019\/04\/IMG_20190422_102320-300x225.jpg\" data-large-file=\"https:\/\/cloud.alqueria.es\/wp-content\/uploads\/sites\/9\/2019\/04\/IMG_20190422_102320.jpg\" src=\"https:\/\/i0.wp.com\/cloud.alqueria.es\/wp-content\/uploads\/sites\/9\/2019\/04\/IMG_20190422_102320.jpg?w=154&#038;h=154&#038;crop=1&#038;ssl=1\" width=\"154\" height=\"154\" loading=\"lazy\" data-original-width=\"154\" data-original-height=\"154\" itemprop=\"http:\/\/schema.org\/image\" title=\"IMG_20190422_102320\" alt=\"IMG_20190422_102320\" style=\"width: 154px; height: 154px;\" \/> <\/a> <\/div> <\/div> <\/div> <\/div>\n<p>Cada uno de los caballeros ten\u00eda un rasgo que los diferenciaba de los otros, rojo, amarillo y azul. Deciden intercambiar sus camisetas y ocurre algo m\u00e1gico, el caballero rojo presta su camiseta al azul, el azul se la presta al caballero de camiseta amarilla y el amarillo al rojo, el resultado: tres nuevos colores, morado, verde y naranja. El valor de compartir ha sido el gran protagonista de nuestra historia.<\/p>\n<p style=\"text-align: center\"><em>Volvemos a clase y elaboramos en el \u00a0taller creativo\u00a0 nuestro <\/em><\/p>\n<p style=\"text-align: center\"><em>MARCA-P\u00c1GINAS.<\/em><\/p>\n<p class=\"jetpack-slideshow-noscript robots-nocontent\">El pase de diapositivas requiere JavaScript.<\/p><div id=\"gallery-36964-1-slideshow\" class=\"jetpack-slideshow-window jetpack-slideshow jetpack-slideshow-black\" data-trans=\"fade\" data-autostart=\"1\" data-gallery=\"[{&quot;src&quot;:&quot;https:\\\/\\\/cloud.alqueria.es\\\/wp-content\\\/uploads\\\/sites\\\/9\\\/2019\\\/04\\\/IMG_20190422_103623.jpg&quot;,&quot;id&quot;:&quot;36984&quot;,&quot;title&quot;:&quot;IMG_20190422_103623&quot;,&quot;alt&quot;:&quot;&quot;,&quot;caption&quot;:&quot;&quot;,&quot;itemprop&quot;:&quot;image&quot;},{&quot;src&quot;:&quot;https:\\\/\\\/cloud.alqueria.es\\\/wp-content\\\/uploads\\\/sites\\\/9\\\/2019\\\/04\\\/IMG_20190422_105051.jpg&quot;,&quot;id&quot;:&quot;36978&quot;,&quot;title&quot;:&quot;IMG_20190422_105051&quot;,&quot;alt&quot;:&quot;&quot;,&quot;caption&quot;:&quot;&quot;,&quot;itemprop&quot;:&quot;image&quot;},{&quot;src&quot;:&quot;https:\\\/\\\/cloud.alqueria.es\\\/wp-content\\\/uploads\\\/sites\\\/9\\\/2019\\\/04\\\/IMG_20190422_110639.jpg&quot;,&quot;id&quot;:&quot;36974&quot;,&quot;title&quot;:&quot;IMG_20190422_110639&quot;,&quot;alt&quot;:&quot;&quot;,&quot;caption&quot;:&quot;&quot;,&quot;itemprop&quot;:&quot;image&quot;},{&quot;src&quot;:&quot;https:\\\/\\\/cloud.alqueria.es\\\/wp-content\\\/uploads\\\/sites\\\/9\\\/2019\\\/04\\\/IMG_20190422_163657.jpg&quot;,&quot;id&quot;:&quot;36965&quot;,&quot;title&quot;:&quot;IMG_20190422_163657&quot;,&quot;alt&quot;:&quot;&quot;,&quot;caption&quot;:&quot;&quot;,&quot;itemprop&quot;:&quot;image&quot;}]\" itemscope itemtype=\"https:\/\/schema.org\/ImageGallery\"><\/div>\n<ul>\n<li>Reciclamos las camisas transparentes que utilizamos como soporte para plantar nuestras lentejas.<\/li>\n<li>Reciclamos los \u00abpapelitos de colores\u00bb que sobran en nuestros talleres creativos.<\/li>\n<li>Resultado, actividad psicomotriz muy atractiva para nuestros naranjitas cuyo resultado pod\u00e9is ver expuesto en el tabl\u00f3n.<\/li>\n<\/ul>\n<p>El grupo naranja disfruta tras subir del parque de las <span style=\"color: #ff6600\">\u00abLecturas\u00a0 familias\u00bb :<\/span><\/p>\n<ul>\n<li>Cuca, abuela de Mateo Alcalde, \u00abPEDRO Y EL LOBO\u00bb.<\/li>\n<li>Fina, abuelita de Claudia y Daniel, \u00abGARBANCITO\u00bb.<\/li>\n<li>Antonio, pap\u00e1 de M\u00e1ximo, \u00abEL MOMENTO PERFECTO\u00bb.<\/li>\n<li>Inma, tita de Vega, \u00abLL\u00c9NAME DE BESOS EL BOLSILLO\u00bb.<p class=\"jetpack-slideshow-noscript robots-nocontent\">El pase de diapositivas requiere JavaScript.<\/p><div id=\"gallery-36964-2-slideshow\" class=\"jetpack-slideshow-window jetpack-slideshow jetpack-slideshow-black\" data-trans=\"fade\" data-autostart=\"1\" data-gallery=\"[{&quot;src&quot;:&quot;https:\\\/\\\/cloud.alqueria.es\\\/wp-content\\\/uploads\\\/sites\\\/9\\\/2019\\\/04\\\/IMG_20190422_151353.jpg&quot;,&quot;id&quot;:&quot;36989&quot;,&quot;title&quot;:&quot;IMG_20190422_151353&quot;,&quot;alt&quot;:&quot;&quot;,&quot;caption&quot;:&quot;&quot;,&quot;itemprop&quot;:&quot;image&quot;},{&quot;src&quot;:&quot;https:\\\/\\\/cloud.alqueria.es\\\/wp-content\\\/uploads\\\/sites\\\/9\\\/2019\\\/04\\\/IMG_20190422_151337.jpg&quot;,&quot;id&quot;:&quot;36987&quot;,&quot;title&quot;:&quot;IMG_20190422_151337&quot;,&quot;alt&quot;:&quot;&quot;,&quot;caption&quot;:&quot;&quot;,&quot;itemprop&quot;:&quot;image&quot;},{&quot;src&quot;:&quot;https:\\\/\\\/cloud.alqueria.es\\\/wp-content\\\/uploads\\\/sites\\\/9\\\/2019\\\/04\\\/IMG_20190422_151855.jpg&quot;,&quot;id&quot;:&quot;36985&quot;,&quot;title&quot;:&quot;IMG_20190422_151855&quot;,&quot;alt&quot;:&quot;&quot;,&quot;caption&quot;:&quot;&quot;,&quot;itemprop&quot;:&quot;image&quot;},{&quot;src&quot;:&quot;https:\\\/\\\/cloud.alqueria.es\\\/wp-content\\\/uploads\\\/sites\\\/9\\\/2019\\\/04\\\/IMG_20190422_152217.jpg&quot;,&quot;id&quot;:&quot;36982&quot;,&quot;title&quot;:&quot;IMG_20190422_152217&quot;,&quot;alt&quot;:&quot;&quot;,&quot;caption&quot;:&quot;&quot;,&quot;itemprop&quot;:&quot;image&quot;},{&quot;src&quot;:&quot;https:\\\/\\\/cloud.alqueria.es\\\/wp-content\\\/uploads\\\/sites\\\/9\\\/2019\\\/04\\\/IMG_20190422_152535.jpg&quot;,&quot;id&quot;:&quot;36976&quot;,&quot;title&quot;:&quot;IMG_20190422_152535&quot;,&quot;alt&quot;:&quot;&quot;,&quot;caption&quot;:&quot;&quot;,&quot;itemprop&quot;:&quot;image&quot;},{&quot;src&quot;:&quot;https:\\\/\\\/cloud.alqueria.es\\\/wp-content\\\/uploads\\\/sites\\\/9\\\/2019\\\/04\\\/IMG_20190422_153134.jpg&quot;,&quot;id&quot;:&quot;36977&quot;,&quot;title&quot;:&quot;IMG_20190422_153134&quot;,&quot;alt&quot;:&quot;&quot;,&quot;caption&quot;:&quot;&quot;,&quot;itemprop&quot;:&quot;image&quot;},{&quot;src&quot;:&quot;https:\\\/\\\/cloud.alqueria.es\\\/wp-content\\\/uploads\\\/sites\\\/9\\\/2019\\\/04\\\/IMG_20190422_153641.jpg&quot;,&quot;id&quot;:&quot;36973&quot;,&quot;title&quot;:&quot;IMG_20190422_153641&quot;,&quot;alt&quot;:&quot;&quot;,&quot;caption&quot;:&quot;&quot;,&quot;itemprop&quot;:&quot;image&quot;},{&quot;src&quot;:&quot;https:\\\/\\\/cloud.alqueria.es\\\/wp-content\\\/uploads\\\/sites\\\/9\\\/2019\\\/04\\\/IMG_20190422_153950.jpg&quot;,&quot;id&quot;:&quot;36969&quot;,&quot;title&quot;:&quot;IMG_20190422_153950&quot;,&quot;alt&quot;:&quot;&quot;,&quot;caption&quot;:&quot;&quot;,&quot;itemprop&quot;:&quot;image&quot;},{&quot;src&quot;:&quot;https:\\\/\\\/cloud.alqueria.es\\\/wp-content\\\/uploads\\\/sites\\\/9\\\/2019\\\/04\\\/IMG_20190422_155208.jpg&quot;,&quot;id&quot;:&quot;36967&quot;,&quot;title&quot;:&quot;IMG_20190422_155208&quot;,&quot;alt&quot;:&quot;&quot;,&quot;caption&quot;:&quot;&quot;,&quot;itemprop&quot;:&quot;image&quot;},{&quot;src&quot;:&quot;https:\\\/\\\/cloud.alqueria.es\\\/wp-content\\\/uploads\\\/sites\\\/9\\\/2019\\\/04\\\/IMG_20190422_154914.jpg&quot;,&quot;id&quot;:&quot;36968&quot;,&quot;title&quot;:&quot;IMG_20190422_154914&quot;,&quot;alt&quot;:&quot;&quot;,&quot;caption&quot;:&quot;&quot;,&quot;itemprop&quot;:&quot;image&quot;},{&quot;src&quot;:&quot;https:\\\/\\\/cloud.alqueria.es\\\/wp-content\\\/uploads\\\/sites\\\/9\\\/2019\\\/04\\\/IMG_20190422_154846.jpg&quot;,&quot;id&quot;:&quot;36971&quot;,&quot;title&quot;:&quot;IMG_20190422_154846&quot;,&quot;alt&quot;:&quot;&quot;,&quot;caption&quot;:&quot;&quot;,&quot;itemprop&quot;:&quot;image&quot;}]\" itemscope itemtype=\"https:\/\/schema.org\/ImageGallery\"><\/div><\/li>\n<\/ul>\n<p>Nuestros peque\u00f1os han disfrutado de una tarde\u00a0 entra\u00f1able. Cada naranjita regala a su familiar\u00a0 un trocito del<span style=\"color: #0000ff\"><em> jab\u00f3n de romero<\/em>\u00a0<\/span> elaborado en el taller medioambiental, \u00abOZ\u00da QUE BIEN\u00bb. \u00a1Qu\u00e9 caras de felicidad! \u00a1Han escuchado con mucho inter\u00e9s todos los cuentos! \u00a1Qu\u00e9 mayores son!<\/p>\n<p style=\"text-align: center\"><span style=\"color: #0000ff\"><em>Gracias por el cari\u00f1o con el que hab\u00e9is narrado las historias, por los cuentos dedicados y los besos regalados . Con\u00a0 lecturas compartidas con pap\u00e1s, abuelos, titos, creamos canales de comunicaci\u00f3n de un valor incalculable.<\/em><\/span><\/p>\n<p style=\"text-align: center\"><span style=\"color: #0000ff\">MUCHAS GRACIAS.<\/span><\/p>\n<p>NOTA: A lo largo de toda la semana estar\u00e1 la feria del libro que organizan algunas familias.<\/p>\n<p>MA\u00d1ANA MUCHO M\u00c1S.<\/p>\n<p>Silvia.<\/p>\n","protected":false},"excerpt":{"rendered":"<p>Damos comienzo al \u00faltimo trimestre del curso y lo hacemos de una forma muy especial \u00abSemana de la lectura 2019 \u00ab. En la etapa infantil los cuentos son un instrumento emocional y m\u00e1gico. Es un recurso socializador y dispone una llave especial para abrir la puerta de la lectura, la convivencia y la tolerancia. A &hellip; <a href=\"https:\/\/www.alqueria.es\/blogs\/alqueriaamarillanaranja\/2019\/04\/22\/semana-de-la-lectura-22-26-abril-2019-inauguracion\/\" class=\"more-link\">Seguir leyendo <span class=\"screen-reader-text\">SEMANA DE LA LECTURA 22-26 Abril 2019. \u00abInauguraci\u00f3n\u00bb<\/span> <span class=\"meta-nav\">&rarr;<\/span><\/a><\/p>\n","protected":false},"author":23,"featured_media":0,"comment_status":"open","ping_status":"open","sticky":false,"template":"","format":"standard","meta":{"jetpack_post_was_ever_published":false,"_jetpack_newsletter_access":"","_jetpack_dont_email_post_to_subs":false,"_jetpack_newsletter_tier_id":0,"_jetpack_memberships_contains_paywalled_content":false,"_jetpack_memberships_contains_paid_content":false,"footnotes":"","jetpack_publicize_message":"","jetpack_publicize_feature_enabled":true,"jetpack_social_post_already_shared":true,"jetpack_social_options":{"image_generator_settings":{"template":"highway","default_image_id":0,"font":"","enabled":false},"version":2}},"categories":[7,19],"tags":[570],"class_list":["post-36964","post","type-post","status-publish","format-standard","hentry","category-clase-naranja","category-talleres-creativos","tag-semana-de-la-lectura-2019"],"jetpack_publicize_connections":[],"jetpack_featured_media_url":"","jetpack_sharing_enabled":true,"jetpack_shortlink":"https:\/\/wp.me\/p4lG08-9Cc","jetpack-related-posts":[],"_links":{"self":[{"href":"https:\/\/www.alqueria.es\/blogs\/alqueriaamarillanaranja\/wp-json\/wp\/v2\/posts\/36964","targetHints":{"allow":["GET"]}}],"collection":[{"href":"https:\/\/www.alqueria.es\/blogs\/alqueriaamarillanaranja\/wp-json\/wp\/v2\/posts"}],"about":[{"href":"https:\/\/www.alqueria.es\/blogs\/alqueriaamarillanaranja\/wp-json\/wp\/v2\/types\/post"}],"author":[{"embeddable":true,"href":"https:\/\/www.alqueria.es\/blogs\/alqueriaamarillanaranja\/wp-json\/wp\/v2\/users\/23"}],"replies":[{"embeddable":true,"href":"https:\/\/www.alqueria.es\/blogs\/alqueriaamarillanaranja\/wp-json\/wp\/v2\/comments?post=36964"}],"version-history":[{"count":0,"href":"https:\/\/www.alqueria.es\/blogs\/alqueriaamarillanaranja\/wp-json\/wp\/v2\/posts\/36964\/revisions"}],"wp:attachment":[{"href":"https:\/\/www.alqueria.es\/blogs\/alqueriaamarillanaranja\/wp-json\/wp\/v2\/media?parent=36964"}],"wp:term":[{"taxonomy":"category","embeddable":true,"href":"https:\/\/www.alqueria.es\/blogs\/alqueriaamarillanaranja\/wp-json\/wp\/v2\/categories?post=36964"},{"taxonomy":"post_tag","embeddable":true,"href":"https:\/\/www.alqueria.es\/blogs\/alqueriaamarillanaranja\/wp-json\/wp\/v2\/tags?post=36964"}],"curies":[{"name":"wp","href":"https:\/\/api.w.org\/{rel}","templated":true}]}}