{"id":36993,"date":"2019-04-23T22:31:16","date_gmt":"2019-04-23T20:31:16","guid":{"rendered":"https:\/\/www.alqueria.es\/blogs\/alqueriaamarillanaranja\/?p=36993"},"modified":"2019-04-23T22:33:22","modified_gmt":"2019-04-23T20:33:22","slug":"dia-del-libro-2ajornada-semana-de-la-lectura","status":"publish","type":"post","link":"https:\/\/www.alqueria.es\/blogs\/alqueriaamarillanaranja\/2019\/04\/23\/dia-del-libro-2ajornada-semana-de-la-lectura\/","title":{"rendered":"D\u00cdA DEL LIBRO. 2\u00aaJORNADA SEMANA DE LA LECTURA"},"content":{"rendered":"<p style=\"text-align: center\"><span style=\"color: #0000ff\">Como habr\u00e9is podido ver en el programa que os hemos enviado, nuestra Semana de la lectura est\u00e1 repleta de actividades.<\/span><\/p>\n<p><em><span style=\"color: #ff6600\">Hoy comenzamos con los cuentos multiling\u00fces . <span style=\"color: #0000ff\">Elvira<\/span> (mam\u00e1 de Elena y Sof\u00eda-grupo rojo) y <span style=\"color: #0000ff\">Manuel<\/span> (familiar de Pablo-grupo rojo) nos narrar varios cuentos en ingl\u00e9s y alem\u00e1n.<\/span><\/em><\/p>\n<p>Seguimos la narraci\u00f3n muy atentos para no perder detalle del argumento de las historias. <span style=\"color: #0000ff\">\u00a1GRACIAS por vuestra visita!<\/span><\/p>\n<p class=\"jetpack-slideshow-noscript robots-nocontent\">El pase de diapositivas requiere JavaScript.<\/p><div id=\"gallery-36993-1-slideshow\" class=\"jetpack-slideshow-window jetpack-slideshow jetpack-slideshow-black\" data-trans=\"fade\" data-autostart=\"1\" data-gallery=\"[{&quot;src&quot;:&quot;https:\\\/\\\/cloud.alqueria.es\\\/wp-content\\\/uploads\\\/sites\\\/9\\\/2019\\\/04\\\/IMG_20190423_102535_BURST11.jpg&quot;,&quot;id&quot;:&quot;37031&quot;,&quot;title&quot;:&quot;IMG_20190423_102535_BURST11&quot;,&quot;alt&quot;:&quot;&quot;,&quot;caption&quot;:&quot;&quot;,&quot;itemprop&quot;:&quot;image&quot;},{&quot;src&quot;:&quot;https:\\\/\\\/cloud.alqueria.es\\\/wp-content\\\/uploads\\\/sites\\\/9\\\/2019\\\/04\\\/IMG_20190423_142229.jpg&quot;,&quot;id&quot;:&quot;37007&quot;,&quot;title&quot;:&quot;IMG_20190423_142229&quot;,&quot;alt&quot;:&quot;&quot;,&quot;caption&quot;:&quot;&quot;,&quot;itemprop&quot;:&quot;image&quot;},{&quot;src&quot;:&quot;https:\\\/\\\/cloud.alqueria.es\\\/wp-content\\\/uploads\\\/sites\\\/9\\\/2019\\\/04\\\/IMG_20190423_095240.jpg&quot;,&quot;id&quot;:&quot;36998&quot;,&quot;title&quot;:&quot;IMG_20190423_095240&quot;,&quot;alt&quot;:&quot;&quot;,&quot;caption&quot;:&quot;&quot;,&quot;itemprop&quot;:&quot;image&quot;},{&quot;src&quot;:&quot;https:\\\/\\\/cloud.alqueria.es\\\/wp-content\\\/uploads\\\/sites\\\/9\\\/2019\\\/04\\\/IMG_20190423_095337.jpg&quot;,&quot;id&quot;:&quot;36999&quot;,&quot;title&quot;:&quot;IMG_20190423_095337&quot;,&quot;alt&quot;:&quot;&quot;,&quot;caption&quot;:&quot;&quot;,&quot;itemprop&quot;:&quot;image&quot;},{&quot;src&quot;:&quot;https:\\\/\\\/cloud.alqueria.es\\\/wp-content\\\/uploads\\\/sites\\\/9\\\/2019\\\/04\\\/IMG_20190423_095222.jpg&quot;,&quot;id&quot;:&quot;37001&quot;,&quot;title&quot;:&quot;IMG_20190423_095222&quot;,&quot;alt&quot;:&quot;&quot;,&quot;caption&quot;:&quot;&quot;,&quot;itemprop&quot;:&quot;image&quot;},{&quot;src&quot;:&quot;https:\\\/\\\/cloud.alqueria.es\\\/wp-content\\\/uploads\\\/sites\\\/9\\\/2019\\\/04\\\/IMG_20190423_094624.jpg&quot;,&quot;id&quot;:&quot;37000&quot;,&quot;title&quot;:&quot;IMG_20190423_094624&quot;,&quot;alt&quot;:&quot;&quot;,&quot;caption&quot;:&quot;&quot;,&quot;itemprop&quot;:&quot;image&quot;}]\" itemscope itemtype=\"https:\/\/schema.org\/ImageGallery\"><\/div>\n<p>Tras tomar la fruta y disfrutar de un ratito de juego, toda la etapa de infantil 0-6 a\u00f1os, nos reunimos en la clase amarilla para celebrar<em><span style=\"color: #ff6600\"> \u00abEL D\u00cdA DEL LIBRO\u00bb<\/span><\/em><img decoding=\"async\" data-attachment-id=\"37005\" data-permalink=\"https:\/\/www.alqueria.es\/blogs\/alqueriaamarillanaranja\/2019\/04\/23\/dia-del-libro-2ajornada-semana-de-la-lectura\/img_20190423_142253\/\" data-orig-file=\"https:\/\/cloud.alqueria.es\/wp-content\/uploads\/sites\/9\/2019\/04\/IMG_20190423_142253-e1556046603576.jpg\" data-orig-size=\"1024,766\" data-comments-opened=\"1\" data-image-meta=\"{&quot;aperture&quot;:&quot;0&quot;,&quot;credit&quot;:&quot;&quot;,&quot;camera&quot;:&quot;&quot;,&quot;caption&quot;:&quot;&quot;,&quot;created_timestamp&quot;:&quot;0&quot;,&quot;copyright&quot;:&quot;&quot;,&quot;focal_length&quot;:&quot;0&quot;,&quot;iso&quot;:&quot;0&quot;,&quot;shutter_speed&quot;:&quot;0&quot;,&quot;title&quot;:&quot;&quot;,&quot;orientation&quot;:&quot;0&quot;}\" data-image-title=\"IMG_20190423_142253\" data-image-description=\"\" data-image-caption=\"\" data-large-file=\"https:\/\/cloud.alqueria.es\/wp-content\/uploads\/sites\/9\/2019\/04\/IMG_20190423_142253-e1556046603576.jpg\" class=\"aligncenter size-medium wp-image-37005\" src=\"https:\/\/cloud.alqueria.es\/wp-content\/uploads\/sites\/9\/2019\/04\/IMG_20190423_142253-e1556046603576.jpg\" alt=\"\" width=\"300\" height=\"224\" srcset=\"https:\/\/cloud.alqueria.es\/wp-content\/uploads\/sites\/9\/2019\/04\/IMG_20190423_142253-e1556046603576.jpg 1024w, https:\/\/cloud.alqueria.es\/wp-content\/uploads\/sites\/9\/2019\/04\/IMG_20190423_142253-e1556046603576.jpg 300w, https:\/\/cloud.alqueria.es\/wp-content\/uploads\/sites\/9\/2019\/04\/IMG_20190423_142253-e1556046603576.jpg 768w\" sizes=\"(max-width: 300px) 100vw, 300px\" \/><\/p>\n<div class=\"tiled-gallery type-square tiled-gallery-unresized\" data-original-width=\"474\" data-carousel-extra='{&quot;blog_id&quot;:9,&quot;permalink&quot;:&quot;https:\\\/\\\/www.alqueria.es\\\/blogs\\\/alqueriaamarillanaranja\\\/2019\\\/04\\\/23\\\/dia-del-libro-2ajornada-semana-de-la-lectura\\\/&quot;,&quot;likes_blog_id&quot;:64271688}' itemscope itemtype=\"http:\/\/schema.org\/ImageGallery\" > <div class=\"gallery-row\" style=\"width: 474px; height: 474px;\" data-original-width=\"474\" data-original-height=\"474\" > <div class=\"gallery-group\" style=\"width: 474px; height: 474px;\" data-original-width=\"474\" data-original-height=\"474\" > <div class=\"tiled-gallery-item \" itemprop=\"associatedMedia\" itemscope itemtype=\"http:\/\/schema.org\/ImageObject\"> <a href=\"https:\/\/www.alqueria.es\/blogs\/alqueriaamarillanaranja\/2019\/04\/23\/dia-del-libro-2ajornada-semana-de-la-lectura\/img-20190423-wa0001\/\" border=\"0\" itemprop=\"url\"> <meta itemprop=\"width\" content=\"470\"> <meta itemprop=\"height\" content=\"470\"> <img decoding=\"async\" class=\"\" data-attachment-id=\"37002\" data-orig-file=\"https:\/\/cloud.alqueria.es\/wp-content\/uploads\/sites\/9\/2019\/04\/IMG-20190423-WA0001.jpg\" data-orig-size=\"1024,577\" data-comments-opened=\"1\" data-image-meta=\"{&quot;aperture&quot;:&quot;0&quot;,&quot;credit&quot;:&quot;&quot;,&quot;camera&quot;:&quot;&quot;,&quot;caption&quot;:&quot;&quot;,&quot;created_timestamp&quot;:&quot;0&quot;,&quot;copyright&quot;:&quot;&quot;,&quot;focal_length&quot;:&quot;0&quot;,&quot;iso&quot;:&quot;0&quot;,&quot;shutter_speed&quot;:&quot;0&quot;,&quot;title&quot;:&quot;&quot;,&quot;orientation&quot;:&quot;0&quot;}\" data-image-title=\"IMG-20190423-WA0001\" data-image-description=\"\" data-medium-file=\"https:\/\/cloud.alqueria.es\/wp-content\/uploads\/sites\/9\/2019\/04\/IMG-20190423-WA0001-300x169.jpg\" data-large-file=\"https:\/\/cloud.alqueria.es\/wp-content\/uploads\/sites\/9\/2019\/04\/IMG-20190423-WA0001.jpg\" src=\"https:\/\/i0.wp.com\/cloud.alqueria.es\/wp-content\/uploads\/sites\/9\/2019\/04\/IMG-20190423-WA0001.jpg?w=470&#038;h=470&#038;crop=1&#038;ssl=1\" width=\"470\" height=\"470\" loading=\"lazy\" data-original-width=\"470\" data-original-height=\"470\" itemprop=\"http:\/\/schema.org\/image\" title=\"IMG-20190423-WA0001\" alt=\"IMG-20190423-WA0001\" style=\"width: 470px; height: 470px;\" \/> <\/a> <\/div> <\/div> <\/div> <div class=\"gallery-row\" style=\"width: 474px; height: 158px;\" data-original-width=\"474\" data-original-height=\"158\" > <div class=\"gallery-group\" style=\"width: 158px; height: 158px;\" data-original-width=\"158\" data-original-height=\"158\" > <div class=\"tiled-gallery-item \" itemprop=\"associatedMedia\" itemscope itemtype=\"http:\/\/schema.org\/ImageObject\"> <a href=\"https:\/\/www.alqueria.es\/blogs\/alqueriaamarillanaranja\/2019\/04\/23\/dia-del-libro-2ajornada-semana-de-la-lectura\/img-20190423-wa0004\/\" border=\"0\" itemprop=\"url\"> <meta itemprop=\"width\" content=\"154\"> <meta itemprop=\"height\" content=\"154\"> <img decoding=\"async\" class=\"\" data-attachment-id=\"37003\" data-orig-file=\"https:\/\/cloud.alqueria.es\/wp-content\/uploads\/sites\/9\/2019\/04\/IMG-20190423-WA0004.jpg\" data-orig-size=\"577,1024\" data-comments-opened=\"1\" data-image-meta=\"{&quot;aperture&quot;:&quot;0&quot;,&quot;credit&quot;:&quot;&quot;,&quot;camera&quot;:&quot;&quot;,&quot;caption&quot;:&quot;&quot;,&quot;created_timestamp&quot;:&quot;0&quot;,&quot;copyright&quot;:&quot;&quot;,&quot;focal_length&quot;:&quot;0&quot;,&quot;iso&quot;:&quot;0&quot;,&quot;shutter_speed&quot;:&quot;0&quot;,&quot;title&quot;:&quot;&quot;,&quot;orientation&quot;:&quot;0&quot;}\" data-image-title=\"IMG-20190423-WA0004\" data-image-description=\"\" data-medium-file=\"https:\/\/cloud.alqueria.es\/wp-content\/uploads\/sites\/9\/2019\/04\/IMG-20190423-WA0004-169x300.jpg\" data-large-file=\"https:\/\/cloud.alqueria.es\/wp-content\/uploads\/sites\/9\/2019\/04\/IMG-20190423-WA0004.jpg\" src=\"https:\/\/i0.wp.com\/cloud.alqueria.es\/wp-content\/uploads\/sites\/9\/2019\/04\/IMG-20190423-WA0004.jpg?w=154&#038;h=154&#038;crop=1&#038;ssl=1\" srcset=\"https:\/\/cloud.alqueria.es\/wp-content\/uploads\/sites\/9\/2019\/04\/IMG-20190423-WA0004.jpg 150w, https:\/\/cloud.alqueria.es\/wp-content\/uploads\/sites\/9\/2019\/04\/IMG-20190423-WA0004.jpg 577w\" width=\"154\" height=\"154\" loading=\"lazy\" data-original-width=\"154\" data-original-height=\"154\" itemprop=\"http:\/\/schema.org\/image\" title=\"IMG-20190423-WA0004\" alt=\"IMG-20190423-WA0004\" style=\"width: 154px; height: 154px;\" \/> <\/a> <\/div> <\/div> <div class=\"gallery-group\" style=\"width: 158px; height: 158px;\" data-original-width=\"158\" data-original-height=\"158\" > <div class=\"tiled-gallery-item \" itemprop=\"associatedMedia\" itemscope itemtype=\"http:\/\/schema.org\/ImageObject\"> <a href=\"https:\/\/www.alqueria.es\/blogs\/alqueriaamarillanaranja\/2019\/04\/23\/dia-del-libro-2ajornada-semana-de-la-lectura\/img-20190423-wa0003\/\" border=\"0\" itemprop=\"url\"> <meta itemprop=\"width\" content=\"154\"> <meta itemprop=\"height\" content=\"154\"> <img decoding=\"async\" class=\"\" data-attachment-id=\"37004\" data-orig-file=\"https:\/\/cloud.alqueria.es\/wp-content\/uploads\/sites\/9\/2019\/04\/IMG-20190423-WA0003.jpg\" data-orig-size=\"1024,577\" data-comments-opened=\"1\" data-image-meta=\"{&quot;aperture&quot;:&quot;0&quot;,&quot;credit&quot;:&quot;&quot;,&quot;camera&quot;:&quot;&quot;,&quot;caption&quot;:&quot;&quot;,&quot;created_timestamp&quot;:&quot;0&quot;,&quot;copyright&quot;:&quot;&quot;,&quot;focal_length&quot;:&quot;0&quot;,&quot;iso&quot;:&quot;0&quot;,&quot;shutter_speed&quot;:&quot;0&quot;,&quot;title&quot;:&quot;&quot;,&quot;orientation&quot;:&quot;0&quot;}\" data-image-title=\"IMG-20190423-WA0003\" data-image-description=\"\" data-medium-file=\"https:\/\/cloud.alqueria.es\/wp-content\/uploads\/sites\/9\/2019\/04\/IMG-20190423-WA0003-300x169.jpg\" data-large-file=\"https:\/\/cloud.alqueria.es\/wp-content\/uploads\/sites\/9\/2019\/04\/IMG-20190423-WA0003.jpg\" src=\"https:\/\/i0.wp.com\/cloud.alqueria.es\/wp-content\/uploads\/sites\/9\/2019\/04\/IMG-20190423-WA0003.jpg?w=154&#038;h=154&#038;crop=1&#038;ssl=1\" width=\"154\" height=\"154\" loading=\"lazy\" data-original-width=\"154\" data-original-height=\"154\" itemprop=\"http:\/\/schema.org\/image\" title=\"IMG-20190423-WA0003\" alt=\"IMG-20190423-WA0003\" style=\"width: 154px; height: 154px;\" \/> <\/a> <\/div> <\/div> <div class=\"gallery-group\" style=\"width: 158px; height: 158px;\" data-original-width=\"158\" data-original-height=\"158\" > <div class=\"tiled-gallery-item \" itemprop=\"associatedMedia\" itemscope itemtype=\"http:\/\/schema.org\/ImageObject\"> <a href=\"https:\/\/www.alqueria.es\/blogs\/alqueriaamarillanaranja\/2019\/04\/23\/dia-del-libro-2ajornada-semana-de-la-lectura\/img_20190423_142214\/\" border=\"0\" itemprop=\"url\"> <meta itemprop=\"width\" content=\"154\"> <meta itemprop=\"height\" content=\"154\"> <img decoding=\"async\" class=\"\" data-attachment-id=\"37006\" data-orig-file=\"https:\/\/cloud.alqueria.es\/wp-content\/uploads\/sites\/9\/2019\/04\/IMG_20190423_142214.jpg\" data-orig-size=\"766,1024\" data-comments-opened=\"1\" data-image-meta=\"{&quot;aperture&quot;:&quot;0&quot;,&quot;credit&quot;:&quot;&quot;,&quot;camera&quot;:&quot;&quot;,&quot;caption&quot;:&quot;&quot;,&quot;created_timestamp&quot;:&quot;0&quot;,&quot;copyright&quot;:&quot;&quot;,&quot;focal_length&quot;:&quot;0&quot;,&quot;iso&quot;:&quot;0&quot;,&quot;shutter_speed&quot;:&quot;0&quot;,&quot;title&quot;:&quot;&quot;,&quot;orientation&quot;:&quot;0&quot;}\" data-image-title=\"IMG_20190423_142214\" data-image-description=\"\" data-medium-file=\"https:\/\/cloud.alqueria.es\/wp-content\/uploads\/sites\/9\/2019\/04\/IMG_20190423_142214-224x300.jpg\" data-large-file=\"https:\/\/cloud.alqueria.es\/wp-content\/uploads\/sites\/9\/2019\/04\/IMG_20190423_142214.jpg\" src=\"https:\/\/i0.wp.com\/cloud.alqueria.es\/wp-content\/uploads\/sites\/9\/2019\/04\/IMG_20190423_142214.jpg?w=154&#038;h=154&#038;crop=1&#038;ssl=1\" width=\"154\" height=\"154\" loading=\"lazy\" data-original-width=\"154\" data-original-height=\"154\" itemprop=\"http:\/\/schema.org\/image\" title=\"IMG_20190423_142214\" alt=\"IMG_20190423_142214\" style=\"width: 154px; height: 154px;\" \/> <\/a> <\/div> <\/div> <\/div> <\/div>\n<p>Disfrutamos de la leyenda de San Jorge y el Drag\u00f3n gracias a las im\u00e1genes que <span style=\"color: #ff6600\">Charito<\/span> ilustra con la creatividad que la caracteriza.\u00a0 Observan y pueden imaginar que est\u00e1 pasando, una actividad que requiere m\u00e1xima concentraci\u00f3n y atenci\u00f3n. Consigue despertar la imaginaci\u00f3n de nuestros peque\u00f1os durante toda la narraci\u00f3n. \u00a1Qu\u00e9 suerte tener a <span style=\"color: #ff6600\">Charito<\/span> tan cerca siempre!<\/p>\n<p>A primera hora de la tarde realizamos el dibujo sobre la narraci\u00f3n, dragones, princesas, caballeros&#8230;.<\/p>\n<p>Terminamos el d\u00eda en el jard\u00edn del colegio asistiendo a la representaci\u00f3n teatral adaptada\u00a0 de <em><span style=\"color: #ff6600\">\u00abLas Brujas\u00bb de Roald Dahl.<\/span> <\/em>Actores y actrices\u00a0 han sido padres y madres de infantil y primaria a los que les encanta colaborar. Agradecer especialmente la participaci\u00f3n de<span style=\"color: #ff6600\"> Aurora<\/span> (mam\u00e1 de M\u00e1ximo y Antonio). Gracias por vuestra implicaci\u00f3n y entusiasmo. \u00a1Ha sido una representaci\u00f3n teatral fabulosa!<\/p>\n<p>La historia ha estado llena de emoci\u00f3n, miedo, risas y alg\u00fan que otro llanto (alg\u00fan que otro naranjita se ha asustado&#8230;..). Nos cuentan la historia de un grupo de brujas a las que no gustan los ni\u00f1os,\u00a0\u00a0al final el plan\u00a0\u00a0se vuelve en su contra y todas terminan convertidas en ratones.<\/p>\n<p>\u00a1Ma\u00f1ana tendremos otro d\u00eda lleno de actividades interesantes!<\/p>\n<p>Silvia.<\/p>\n<p>&nbsp;<\/p>\n","protected":false},"excerpt":{"rendered":"<p>Como habr\u00e9is podido ver en el programa que os hemos enviado, nuestra Semana de la lectura est\u00e1 repleta de actividades. Hoy comenzamos con los cuentos multiling\u00fces . Elvira (mam\u00e1 de Elena y Sof\u00eda-grupo rojo) y Manuel (familiar de Pablo-grupo rojo) nos narrar varios cuentos en ingl\u00e9s y alem\u00e1n. Seguimos la narraci\u00f3n muy atentos para no &hellip; <a href=\"https:\/\/www.alqueria.es\/blogs\/alqueriaamarillanaranja\/2019\/04\/23\/dia-del-libro-2ajornada-semana-de-la-lectura\/\" class=\"more-link\">Seguir leyendo <span class=\"screen-reader-text\">D\u00cdA DEL LIBRO. 2\u00aaJORNADA SEMANA DE LA LECTURA<\/span> <span class=\"meta-nav\">&rarr;<\/span><\/a><\/p>\n","protected":false},"author":23,"featured_media":0,"comment_status":"open","ping_status":"open","sticky":false,"template":"","format":"standard","meta":{"jetpack_post_was_ever_published":false,"_jetpack_newsletter_access":"","_jetpack_dont_email_post_to_subs":false,"_jetpack_newsletter_tier_id":0,"_jetpack_memberships_contains_paywalled_content":false,"_jetpack_memberships_contains_paid_content":false,"footnotes":"","jetpack_publicize_message":"","jetpack_publicize_feature_enabled":true,"jetpack_social_post_already_shared":true,"jetpack_social_options":{"image_generator_settings":{"template":"highway","default_image_id":0,"font":"","enabled":false},"version":2}},"categories":[7,13],"tags":[570],"class_list":["post-36993","post","type-post","status-publish","format-standard","hentry","category-clase-naranja","category-fiestas-y-dias-de-significacion-especial","tag-semana-de-la-lectura-2019"],"jetpack_publicize_connections":[],"jetpack_featured_media_url":"","jetpack_sharing_enabled":true,"jetpack_shortlink":"https:\/\/wp.me\/p4lG08-9CF","jetpack-related-posts":[],"_links":{"self":[{"href":"https:\/\/www.alqueria.es\/blogs\/alqueriaamarillanaranja\/wp-json\/wp\/v2\/posts\/36993","targetHints":{"allow":["GET"]}}],"collection":[{"href":"https:\/\/www.alqueria.es\/blogs\/alqueriaamarillanaranja\/wp-json\/wp\/v2\/posts"}],"about":[{"href":"https:\/\/www.alqueria.es\/blogs\/alqueriaamarillanaranja\/wp-json\/wp\/v2\/types\/post"}],"author":[{"embeddable":true,"href":"https:\/\/www.alqueria.es\/blogs\/alqueriaamarillanaranja\/wp-json\/wp\/v2\/users\/23"}],"replies":[{"embeddable":true,"href":"https:\/\/www.alqueria.es\/blogs\/alqueriaamarillanaranja\/wp-json\/wp\/v2\/comments?post=36993"}],"version-history":[{"count":0,"href":"https:\/\/www.alqueria.es\/blogs\/alqueriaamarillanaranja\/wp-json\/wp\/v2\/posts\/36993\/revisions"}],"wp:attachment":[{"href":"https:\/\/www.alqueria.es\/blogs\/alqueriaamarillanaranja\/wp-json\/wp\/v2\/media?parent=36993"}],"wp:term":[{"taxonomy":"category","embeddable":true,"href":"https:\/\/www.alqueria.es\/blogs\/alqueriaamarillanaranja\/wp-json\/wp\/v2\/categories?post=36993"},{"taxonomy":"post_tag","embeddable":true,"href":"https:\/\/www.alqueria.es\/blogs\/alqueriaamarillanaranja\/wp-json\/wp\/v2\/tags?post=36993"}],"curies":[{"name":"wp","href":"https:\/\/api.w.org\/{rel}","templated":true}]}}