{"id":370,"date":"2012-05-15T14:00:36","date_gmt":"2012-05-15T14:00:36","guid":{"rendered":"http:\/\/alqueriaamarillanaranja.wordpress.com\/?p=370"},"modified":"2014-02-24T12:37:36","modified_gmt":"2014-02-24T12:37:36","slug":"cumpleanos-de-ignacio","status":"publish","type":"post","link":"https:\/\/www.alqueria.es\/blogs\/alqueriaamarillanaranja\/2012\/05\/15\/cumpleanos-de-ignacio\/","title":{"rendered":"CUMPLEA\u00d1OS DE IGNACIO"},"content":{"rendered":"<p><a href=\"http:\/\/alqueriaamarillanaranja.files.wordpress.com\/2012\/05\/tartaconcuatrovelas1.jpg\"><img decoding=\"async\" data-attachment-id=\"371\" data-permalink=\"https:\/\/www.alqueria.es\/blogs\/alqueriaamarillanaranja\/tartaconcuatrovelas1\/\" data-orig-file=\"https:\/\/www.alqueria.es\/blogs\/alqueriaamarillanaranja\/wp-content\/uploads\/sites\/9\/2012\/05\/tartaconcuatrovelas1.jpg\" data-orig-size=\"238,315\" data-comments-opened=\"1\" data-image-meta=\"{&quot;aperture&quot;:&quot;0&quot;,&quot;credit&quot;:&quot;&quot;,&quot;camera&quot;:&quot;&quot;,&quot;caption&quot;:&quot;&quot;,&quot;created_timestamp&quot;:&quot;0&quot;,&quot;copyright&quot;:&quot;&quot;,&quot;focal_length&quot;:&quot;0&quot;,&quot;iso&quot;:&quot;0&quot;,&quot;shutter_speed&quot;:&quot;0&quot;,&quot;title&quot;:&quot;&quot;}\" data-image-title=\"TartaConCuatroVelas[1]\" data-image-description=\"\" data-image-caption=\"\" data-large-file=\"https:\/\/www.alqueria.es\/blogs\/alqueriaamarillanaranja\/wp-content\/uploads\/sites\/9\/2012\/05\/tartaconcuatrovelas1.jpg\" class=\"alignright size-medium wp-image-371\" title=\"TartaConCuatroVelas[1]\" src=\"https:\/\/cloud.alqueria.es\/wp-content\/uploads\/sites\/9\/2012\/05\/tartaconcuatrovelas11.jpg\" alt=\"\" width=\"226\" height=\"300\" \/><\/a>Hoy celebramos el cuarto cumplea\u00f1os de nuestro compa\u00f1ero Ignacio; su cumple realmente fue la semana pasada pero \u00e9l estaba malito y no lo pudimos celebrar. As\u00ed que hoy celebramos su cumple y adem\u00e1s el que ya est\u00e9 bueno.<\/p>\n<p>Ha traido un bizcocho espectacular\u00a0(no exagero en absoluto&#8230;) que ha hecho su abuela para la ocasi\u00f3n. Los ni\u00f1os y ni\u00f1as le han regalado sus dibujos que en este caso han sido: coches de carreras, motos y casas. Entre todos han elaborado un alb\u00fam muy bonito. \u00a1\u00a1FELICIDADES!!<\/p>\n<p>En la asamblea Aitor nos ense\u00f1a los escarabajos que cogi\u00f3 durante el fin de semana, esto nos da pie a hablar de la simbolog\u00eda de los escarabajos en la cultura egipcia. Adem\u00e1s Sara trae tambi\u00e9n una pulsera egipcia con una piedra con forma de escarabajo, tambi\u00e9n aporta arena del desierto, una pir\u00e1mide de cuarzo, fotograf\u00edas, un trocito de papiro\u00a0y el plano de una antigua ciudad egipcia. \u00a1Cu\u00e1ntas cosas, estamos aprendiendo un mont\u00f3n!<\/p>\n<p>Tambi\u00e9n en la asamblea leemos un cuento traido por Guillermo que cuenta una divertida historia que se desarrolla en una granja: \u00abLa noche de los cambios\u00bb.<\/p>\n<p>Y las propuestas de juego de hoy han sido dos:<\/p>\n<p>&#8211; Las pir\u00e1mides (que construimos con las mesas de la clase)<\/p>\n<p>&#8211; Los cocodrilos del Nilo (que al final no han resultado ser tan fieros, pues los sacaban hasta a pasear&#8230;)<\/p>\n<p>\u00a1Lo han pasado fenomenal!<\/p>\n<p><a href=\"http:\/\/alqueriaamarillanaranja.files.wordpress.com\/2012\/05\/8176496-cocodrilo-sobre-un-fondo-blanco-ilustraci-n1.jpg\"><img decoding=\"async\" data-attachment-id=\"374\" data-permalink=\"https:\/\/www.alqueria.es\/blogs\/alqueriaamarillanaranja\/8176496-cocodrilo-sobre-un-fondo-blanco-ilustraci-n1\/\" data-orig-file=\"https:\/\/www.alqueria.es\/blogs\/alqueriaamarillanaranja\/wp-content\/uploads\/sites\/9\/2012\/05\/8176496-cocodrilo-sobre-un-fondo-blanco-ilustraci-n1.jpg\" data-orig-size=\"400,385\" data-comments-opened=\"1\" data-image-meta=\"{&quot;aperture&quot;:&quot;0&quot;,&quot;credit&quot;:&quot;&quot;,&quot;camera&quot;:&quot;&quot;,&quot;caption&quot;:&quot;&quot;,&quot;created_timestamp&quot;:&quot;0&quot;,&quot;copyright&quot;:&quot;&quot;,&quot;focal_length&quot;:&quot;0&quot;,&quot;iso&quot;:&quot;0&quot;,&quot;shutter_speed&quot;:&quot;0&quot;,&quot;title&quot;:&quot;&quot;}\" data-image-title=\"8176496-cocodrilo-sobre-un-fondo-blanco-ilustraci-n[1]\" data-image-description=\"\" data-image-caption=\"\" data-large-file=\"https:\/\/www.alqueria.es\/blogs\/alqueriaamarillanaranja\/wp-content\/uploads\/sites\/9\/2012\/05\/8176496-cocodrilo-sobre-un-fondo-blanco-ilustraci-n1.jpg\" class=\"alignleft size-medium wp-image-374\" title=\"8176496-cocodrilo-sobre-un-fondo-blanco-ilustraci-n[1]\" src=\"https:\/\/cloud.alqueria.es\/wp-content\/uploads\/sites\/9\/2012\/05\/8176496-cocodrilo-sobre-un-fondo-blanco-ilustraci-n11.jpg\" alt=\"\" width=\"300\" height=\"288\" \/><\/a><\/p>\n<p>Por la tarde jugamos a diferentes juegos de construcci\u00f3n y vamos rotando los grupos de manera que todos pasen por los diferentes materiales.<\/p>\n<p>Debido al sofocante calor que hace, la despedida trataremos de hacerla en el aula (que estamos m\u00e1s fresquitos), aprovechamos este momento para visionar alguno de los v\u00eddeos que han aportado algunos compa\u00f1eros\/as sobre Egipto. Algunos son de Little Einsteins, otros de \u00c9rase una vez el hombre y otros \u00abde mayores\u00bb forman parte de una colecci\u00f3n sobre este tema. Muchas gracias a todos por vuestra colaboraci\u00f3n.<\/p>\n<p>\u00bfEstais preparando ya vuestro disfraz? recordad que a la fiesta de la primavera hay que venir disfrazados (tanto ni\u00f1os como pap\u00e1s y mam\u00e1s), as\u00ed lo pasaremos mucho mejor.<\/p>\n<p>Recordad que hoy tenemos proyecto de lectura&#8230;., \u00a1llevaos vuestros libros!<\/p>\n<p style=\"text-align:right\">Loli G\u00e1lvez<\/p>\n","protected":false},"excerpt":{"rendered":"<p>Hoy celebramos el cuarto cumplea\u00f1os de nuestro compa\u00f1ero Ignacio; su cumple realmente fue la semana pasada pero \u00e9l estaba malito y no lo pudimos celebrar. As\u00ed que hoy celebramos su cumple y adem\u00e1s el que ya est\u00e9 bueno. Ha traido un bizcocho espectacular\u00a0(no exagero en absoluto&#8230;) que ha hecho su abuela para la ocasi\u00f3n. Los &hellip; <a href=\"https:\/\/www.alqueria.es\/blogs\/alqueriaamarillanaranja\/2012\/05\/15\/cumpleanos-de-ignacio\/\" class=\"more-link\">Seguir leyendo <span class=\"screen-reader-text\">CUMPLEA\u00d1OS DE IGNACIO<\/span> <span class=\"meta-nav\">&rarr;<\/span><\/a><\/p>\n","protected":false},"author":20,"featured_media":0,"comment_status":"open","ping_status":"open","sticky":false,"template":"","format":"standard","meta":{"jetpack_post_was_ever_published":false,"_jetpack_newsletter_access":"","_jetpack_dont_email_post_to_subs":false,"_jetpack_newsletter_tier_id":0,"_jetpack_memberships_contains_paywalled_content":false,"_jetpack_memberships_contains_paid_content":false,"footnotes":"","jetpack_publicize_message":"","jetpack_publicize_feature_enabled":true,"jetpack_social_post_already_shared":true,"jetpack_social_options":{"image_generator_settings":{"template":"highway","default_image_id":0,"font":"","enabled":false},"version":2}},"categories":[6,8],"tags":[],"class_list":["post-370","post","type-post","status-publish","format-standard","hentry","category-clase-amarilla","category-diario"],"jetpack_publicize_connections":[],"jetpack_featured_media_url":"","jetpack_sharing_enabled":true,"jetpack_shortlink":"https:\/\/wp.me\/p4lG08-5Y","jetpack-related-posts":[],"_links":{"self":[{"href":"https:\/\/www.alqueria.es\/blogs\/alqueriaamarillanaranja\/wp-json\/wp\/v2\/posts\/370","targetHints":{"allow":["GET"]}}],"collection":[{"href":"https:\/\/www.alqueria.es\/blogs\/alqueriaamarillanaranja\/wp-json\/wp\/v2\/posts"}],"about":[{"href":"https:\/\/www.alqueria.es\/blogs\/alqueriaamarillanaranja\/wp-json\/wp\/v2\/types\/post"}],"author":[{"embeddable":true,"href":"https:\/\/www.alqueria.es\/blogs\/alqueriaamarillanaranja\/wp-json\/wp\/v2\/users\/20"}],"replies":[{"embeddable":true,"href":"https:\/\/www.alqueria.es\/blogs\/alqueriaamarillanaranja\/wp-json\/wp\/v2\/comments?post=370"}],"version-history":[{"count":0,"href":"https:\/\/www.alqueria.es\/blogs\/alqueriaamarillanaranja\/wp-json\/wp\/v2\/posts\/370\/revisions"}],"wp:attachment":[{"href":"https:\/\/www.alqueria.es\/blogs\/alqueriaamarillanaranja\/wp-json\/wp\/v2\/media?parent=370"}],"wp:term":[{"taxonomy":"category","embeddable":true,"href":"https:\/\/www.alqueria.es\/blogs\/alqueriaamarillanaranja\/wp-json\/wp\/v2\/categories?post=370"},{"taxonomy":"post_tag","embeddable":true,"href":"https:\/\/www.alqueria.es\/blogs\/alqueriaamarillanaranja\/wp-json\/wp\/v2\/tags?post=370"}],"curies":[{"name":"wp","href":"https:\/\/api.w.org\/{rel}","templated":true}]}}