{"id":37011,"date":"2019-04-23T20:56:32","date_gmt":"2019-04-23T18:56:32","guid":{"rendered":"https:\/\/www.alqueria.es\/blogs\/alqueriaamarillanaranja\/?p=37011"},"modified":"2019-04-23T21:01:20","modified_gmt":"2019-04-23T19:01:20","slug":"seguimos-con-actividades-de-la-semana-de-la-lectura","status":"publish","type":"post","link":"https:\/\/www.alqueria.es\/blogs\/alqueriaamarillanaranja\/2019\/04\/23\/seguimos-con-actividades-de-la-semana-de-la-lectura\/","title":{"rendered":"Seguimos con actividades de la semana de la lectura"},"content":{"rendered":"<p>Hola, hoy martes el d\u00eda comienza con normalidad con la sesi\u00f3n psicomotriz de Alberto y disfrutamos con los equilibrios y las pelotas. Despu\u00e9s del aseo tomamos la fruta y en la asamblea vemos los muchos libros que han aportado los ni\u00f1os y ni\u00f1as a la clase y sus historias del libro viajero. Aunque no lo podemos leer todo, ya iremos poco a poco disfrutando de tan rico material. Nos damos el gusto de jugar a bailar y quedarnos estatua, antes de que disfrut\u00e1semos todo la etapa de infantil juntos del cuento del \u00abSan Jorge y el drag\u00f3n\u00bb.<\/p>\n<p class=\"jetpack-slideshow-noscript robots-nocontent\">El pase de diapositivas requiere JavaScript.<\/p><div id=\"gallery-37011-1-slideshow\" class=\"jetpack-slideshow-window jetpack-slideshow jetpack-slideshow-black\" data-trans=\"fade\" data-autostart=\"1\" data-gallery=\"[{&quot;src&quot;:&quot;https:\\\/\\\/cloud.alqueria.es\\\/wp-content\\\/uploads\\\/sites\\\/9\\\/2019\\\/04\\\/IMG_20190423_104026.jpg&quot;,&quot;id&quot;:&quot;37012&quot;,&quot;title&quot;:&quot;IMG_20190423_104026&quot;,&quot;alt&quot;:&quot;&quot;,&quot;caption&quot;:&quot;&quot;,&quot;itemprop&quot;:&quot;image&quot;},{&quot;src&quot;:&quot;https:\\\/\\\/cloud.alqueria.es\\\/wp-content\\\/uploads\\\/sites\\\/9\\\/2019\\\/04\\\/IMG_20190423_104130.jpg&quot;,&quot;id&quot;:&quot;37013&quot;,&quot;title&quot;:&quot;IMG_20190423_104130&quot;,&quot;alt&quot;:&quot;&quot;,&quot;caption&quot;:&quot;&quot;,&quot;itemprop&quot;:&quot;image&quot;},{&quot;src&quot;:&quot;https:\\\/\\\/cloud.alqueria.es\\\/wp-content\\\/uploads\\\/sites\\\/9\\\/2019\\\/04\\\/IMG_20190423_104317.jpg&quot;,&quot;id&quot;:&quot;37014&quot;,&quot;title&quot;:&quot;IMG_20190423_104317&quot;,&quot;alt&quot;:&quot;&quot;,&quot;caption&quot;:&quot;&quot;,&quot;itemprop&quot;:&quot;image&quot;},{&quot;src&quot;:&quot;https:\\\/\\\/cloud.alqueria.es\\\/wp-content\\\/uploads\\\/sites\\\/9\\\/2019\\\/04\\\/IMG_20190423_112022.jpg&quot;,&quot;id&quot;:&quot;37019&quot;,&quot;title&quot;:&quot;IMG_20190423_112022&quot;,&quot;alt&quot;:&quot;&quot;,&quot;caption&quot;:&quot;&quot;,&quot;itemprop&quot;:&quot;image&quot;},{&quot;src&quot;:&quot;https:\\\/\\\/cloud.alqueria.es\\\/wp-content\\\/uploads\\\/sites\\\/9\\\/2019\\\/04\\\/IMG_20190423_112203.jpg&quot;,&quot;id&quot;:&quot;37020&quot;,&quot;title&quot;:&quot;IMG_20190423_112203&quot;,&quot;alt&quot;:&quot;&quot;,&quot;caption&quot;:&quot;&quot;,&quot;itemprop&quot;:&quot;image&quot;},{&quot;src&quot;:&quot;https:\\\/\\\/cloud.alqueria.es\\\/wp-content\\\/uploads\\\/sites\\\/9\\\/2019\\\/04\\\/IMG_20190423_112401.jpg&quot;,&quot;id&quot;:&quot;37021&quot;,&quot;title&quot;:&quot;IMG_20190423_112401&quot;,&quot;alt&quot;:&quot;&quot;,&quot;caption&quot;:&quot;&quot;,&quot;itemprop&quot;:&quot;image&quot;}]\" itemscope itemtype=\"https:\/\/schema.org\/ImageGallery\"><\/div>\n<p>El cuento lo ha narrado Carmen mientras Charito lo dibujaba para nosotros. Es tradicional historia en la que despu\u00e9s de escucharla ni\u00f1os y ni\u00f1as de la clase amarilla ten\u00edan claro qui\u00e9n quer\u00eda ser drag\u00f3n, Jorge o princesa. Yo como eleg\u00ed drag\u00f3n me han matado varias veces.<\/p>\n<p class=\"jetpack-slideshow-noscript robots-nocontent\">El pase de diapositivas requiere JavaScript.<\/p><div id=\"gallery-37011-2-slideshow\" class=\"jetpack-slideshow-window jetpack-slideshow jetpack-slideshow-black\" data-trans=\"fade\" data-autostart=\"1\" data-gallery=\"[{&quot;src&quot;:&quot;https:\\\/\\\/cloud.alqueria.es\\\/wp-content\\\/uploads\\\/sites\\\/9\\\/2019\\\/04\\\/IMG_20190423_111046.jpg&quot;,&quot;id&quot;:&quot;37015&quot;,&quot;title&quot;:&quot;IMG_20190423_111046&quot;,&quot;alt&quot;:&quot;&quot;,&quot;caption&quot;:&quot;&quot;,&quot;itemprop&quot;:&quot;image&quot;},{&quot;src&quot;:&quot;https:\\\/\\\/cloud.alqueria.es\\\/wp-content\\\/uploads\\\/sites\\\/9\\\/2019\\\/04\\\/IMG_20190423_111057.jpg&quot;,&quot;id&quot;:&quot;37016&quot;,&quot;title&quot;:&quot;IMG_20190423_111057&quot;,&quot;alt&quot;:&quot;&quot;,&quot;caption&quot;:&quot;&quot;,&quot;itemprop&quot;:&quot;image&quot;},{&quot;src&quot;:&quot;https:\\\/\\\/cloud.alqueria.es\\\/wp-content\\\/uploads\\\/sites\\\/9\\\/2019\\\/04\\\/IMG_20190423_111421.jpg&quot;,&quot;id&quot;:&quot;37017&quot;,&quot;title&quot;:&quot;IMG_20190423_111421&quot;,&quot;alt&quot;:&quot;&quot;,&quot;caption&quot;:&quot;&quot;,&quot;itemprop&quot;:&quot;image&quot;},{&quot;src&quot;:&quot;https:\\\/\\\/cloud.alqueria.es\\\/wp-content\\\/uploads\\\/sites\\\/9\\\/2019\\\/04\\\/IMG_20190423_112019.jpg&quot;,&quot;id&quot;:&quot;37018&quot;,&quot;title&quot;:&quot;IMG_20190423_112019&quot;,&quot;alt&quot;:&quot;&quot;,&quot;caption&quot;:&quot;&quot;,&quot;itemprop&quot;:&quot;image&quot;},{&quot;src&quot;:&quot;https:\\\/\\\/cloud.alqueria.es\\\/wp-content\\\/uploads\\\/sites\\\/9\\\/2019\\\/04\\\/IMG_20190423_112022.jpg&quot;,&quot;id&quot;:&quot;37019&quot;,&quot;title&quot;:&quot;IMG_20190423_112022&quot;,&quot;alt&quot;:&quot;&quot;,&quot;caption&quot;:&quot;&quot;,&quot;itemprop&quot;:&quot;image&quot;},{&quot;src&quot;:&quot;https:\\\/\\\/cloud.alqueria.es\\\/wp-content\\\/uploads\\\/sites\\\/9\\\/2019\\\/04\\\/IMG_20190423_112203.jpg&quot;,&quot;id&quot;:&quot;37020&quot;,&quot;title&quot;:&quot;IMG_20190423_112203&quot;,&quot;alt&quot;:&quot;&quot;,&quot;caption&quot;:&quot;&quot;,&quot;itemprop&quot;:&quot;image&quot;},{&quot;src&quot;:&quot;https:\\\/\\\/cloud.alqueria.es\\\/wp-content\\\/uploads\\\/sites\\\/9\\\/2019\\\/04\\\/IMG_20190423_112401.jpg&quot;,&quot;id&quot;:&quot;37021&quot;,&quot;title&quot;:&quot;IMG_20190423_112401&quot;,&quot;alt&quot;:&quot;&quot;,&quot;caption&quot;:&quot;&quot;,&quot;itemprop&quot;:&quot;image&quot;},{&quot;src&quot;:&quot;https:\\\/\\\/cloud.alqueria.es\\\/wp-content\\\/uploads\\\/sites\\\/9\\\/2019\\\/04\\\/IMG_20190423_112936.jpg&quot;,&quot;id&quot;:&quot;37022&quot;,&quot;title&quot;:&quot;IMG_20190423_112936&quot;,&quot;alt&quot;:&quot;&quot;,&quot;caption&quot;:&quot;&quot;,&quot;itemprop&quot;:&quot;image&quot;}]\" itemscope itemtype=\"https:\/\/schema.org\/ImageGallery\"><\/div>\n<p>Despu\u00e9s del aseo, la comida y la siesta, volvemos a disfrutar con la narraci\u00f3n de la mam\u00e1 de Rebeca (de la clase azul) que nos cuenta dos cuentos. El primero nos habla del disfrute de los abrazos y la gran variedad de abrazos. El segundo sobre la p\u00e9rdida de un objeto de apego y la alegr\u00eda de volver a encontrarlo.<\/p>\n<p class=\"jetpack-slideshow-noscript robots-nocontent\">El pase de diapositivas requiere JavaScript.<\/p><div id=\"gallery-37011-3-slideshow\" class=\"jetpack-slideshow-window jetpack-slideshow jetpack-slideshow-black\" data-trans=\"fade\" data-autostart=\"1\" data-gallery=\"[{&quot;src&quot;:&quot;https:\\\/\\\/cloud.alqueria.es\\\/wp-content\\\/uploads\\\/sites\\\/9\\\/2019\\\/04\\\/IMG_20190423_163041.jpg&quot;,&quot;id&quot;:&quot;37026&quot;,&quot;title&quot;:&quot;IMG_20190423_163041&quot;,&quot;alt&quot;:&quot;&quot;,&quot;caption&quot;:&quot;&quot;,&quot;itemprop&quot;:&quot;image&quot;},{&quot;src&quot;:&quot;https:\\\/\\\/cloud.alqueria.es\\\/wp-content\\\/uploads\\\/sites\\\/9\\\/2019\\\/04\\\/IMG_20190423_162655.jpg&quot;,&quot;id&quot;:&quot;37025&quot;,&quot;title&quot;:&quot;IMG_20190423_162655&quot;,&quot;alt&quot;:&quot;&quot;,&quot;caption&quot;:&quot;&quot;,&quot;itemprop&quot;:&quot;image&quot;},{&quot;src&quot;:&quot;https:\\\/\\\/cloud.alqueria.es\\\/wp-content\\\/uploads\\\/sites\\\/9\\\/2019\\\/04\\\/IMG_20190423_162647.jpg&quot;,&quot;id&quot;:&quot;37024&quot;,&quot;title&quot;:&quot;IMG_20190423_162647&quot;,&quot;alt&quot;:&quot;&quot;,&quot;caption&quot;:&quot;&quot;,&quot;itemprop&quot;:&quot;image&quot;},{&quot;src&quot;:&quot;https:\\\/\\\/cloud.alqueria.es\\\/wp-content\\\/uploads\\\/sites\\\/9\\\/2019\\\/04\\\/IMG_20190423_163355.jpg&quot;,&quot;id&quot;:&quot;37027&quot;,&quot;title&quot;:&quot;IMG_20190423_163355&quot;,&quot;alt&quot;:&quot;&quot;,&quot;caption&quot;:&quot;&quot;,&quot;itemprop&quot;:&quot;image&quot;}]\" itemscope itemtype=\"https:\/\/schema.org\/ImageGallery\"><\/div>\n<p>El grupo de la clase se ha llevado una preciosa planta a casa y el grupo de la clase amarilla un marca p\u00e1ginas que tiene la flor que recogimos del jard\u00edn sobre un papel que ellos y ellas hab\u00edan pintado (algunos lo tienen en la clase para que se lo lleven ma\u00f1ana). Hemos visto en clase para que sirve un marca p\u00e1ginas y aprendemos esta palabra nueva que unos dicen perfectamente y otros se acercan a su pronunciaci\u00f3n con esa gracia infantil tan divertida.<\/p>\n<p><img decoding=\"async\" data-attachment-id=\"37023\" data-permalink=\"https:\/\/www.alqueria.es\/blogs\/alqueriaamarillanaranja\/2019\/04\/23\/seguimos-con-actividades-de-la-semana-de-la-lectura\/img_20190423_160149\/\" data-orig-file=\"https:\/\/cloud.alqueria.es\/wp-content\/uploads\/sites\/9\/2019\/04\/IMG_20190423_160149.jpg\" data-orig-size=\"768,1024\" data-comments-opened=\"1\" data-image-meta=\"{&quot;aperture&quot;:&quot;0&quot;,&quot;credit&quot;:&quot;&quot;,&quot;camera&quot;:&quot;&quot;,&quot;caption&quot;:&quot;&quot;,&quot;created_timestamp&quot;:&quot;0&quot;,&quot;copyright&quot;:&quot;&quot;,&quot;focal_length&quot;:&quot;0&quot;,&quot;iso&quot;:&quot;0&quot;,&quot;shutter_speed&quot;:&quot;0&quot;,&quot;title&quot;:&quot;&quot;,&quot;orientation&quot;:&quot;0&quot;}\" data-image-title=\"IMG_20190423_160149\" data-image-description=\"\" data-image-caption=\"\" data-large-file=\"https:\/\/cloud.alqueria.es\/wp-content\/uploads\/sites\/9\/2019\/04\/IMG_20190423_160149.jpg\" class=\"aligncenter size-medium wp-image-37023\" src=\"https:\/\/cloud.alqueria.es\/wp-content\/uploads\/sites\/9\/2019\/04\/IMG_20190423_160149.jpg\" alt=\"\" width=\"225\" height=\"300\" srcset=\"https:\/\/cloud.alqueria.es\/wp-content\/uploads\/sites\/9\/2019\/04\/IMG_20190423_160149.jpg 768w, https:\/\/cloud.alqueria.es\/wp-content\/uploads\/sites\/9\/2019\/04\/IMG_20190423_160149.jpg 225w\" sizes=\"(max-width: 225px) 100vw, 225px\" \/><\/p>\n<p>Un d\u00eda completito de historias. Gracias por vuestra participaci\u00f3n.<\/p>\n<p>Un beso, hasta ma\u00f1ana.<\/p>\n<p>Matilde Hidalgo<\/p>\n","protected":false},"excerpt":{"rendered":"<p>Hola, hoy martes el d\u00eda comienza con normalidad con la sesi\u00f3n psicomotriz de Alberto y disfrutamos con los equilibrios y las pelotas. Despu\u00e9s del aseo tomamos la fruta y en la asamblea vemos los muchos libros que han aportado los ni\u00f1os y ni\u00f1as a la clase y sus historias del libro viajero. Aunque no lo &hellip; <a href=\"https:\/\/www.alqueria.es\/blogs\/alqueriaamarillanaranja\/2019\/04\/23\/seguimos-con-actividades-de-la-semana-de-la-lectura\/\" class=\"more-link\">Seguir leyendo <span class=\"screen-reader-text\">Seguimos con actividades de la semana de la lectura<\/span> <span class=\"meta-nav\">&rarr;<\/span><\/a><\/p>\n","protected":false},"author":23,"featured_media":0,"comment_status":"open","ping_status":"open","sticky":false,"template":"","format":"standard","meta":{"jetpack_post_was_ever_published":false,"_jetpack_newsletter_access":"","_jetpack_dont_email_post_to_subs":false,"_jetpack_newsletter_tier_id":0,"_jetpack_memberships_contains_paywalled_content":false,"_jetpack_memberships_contains_paid_content":false,"footnotes":"","jetpack_publicize_message":"","jetpack_publicize_feature_enabled":true,"jetpack_social_post_already_shared":true,"jetpack_social_options":{"image_generator_settings":{"template":"highway","default_image_id":0,"font":"","enabled":false},"version":2}},"categories":[5,6],"tags":[114],"class_list":["post-37011","post","type-post","status-publish","format-standard","hentry","category-alfabetizacion","category-clase-amarilla","tag-semana-de-la-lectura"],"jetpack_publicize_connections":[],"jetpack_featured_media_url":"","jetpack_sharing_enabled":true,"jetpack_shortlink":"https:\/\/wp.me\/p4lG08-9CX","jetpack-related-posts":[],"_links":{"self":[{"href":"https:\/\/www.alqueria.es\/blogs\/alqueriaamarillanaranja\/wp-json\/wp\/v2\/posts\/37011","targetHints":{"allow":["GET"]}}],"collection":[{"href":"https:\/\/www.alqueria.es\/blogs\/alqueriaamarillanaranja\/wp-json\/wp\/v2\/posts"}],"about":[{"href":"https:\/\/www.alqueria.es\/blogs\/alqueriaamarillanaranja\/wp-json\/wp\/v2\/types\/post"}],"author":[{"embeddable":true,"href":"https:\/\/www.alqueria.es\/blogs\/alqueriaamarillanaranja\/wp-json\/wp\/v2\/users\/23"}],"replies":[{"embeddable":true,"href":"https:\/\/www.alqueria.es\/blogs\/alqueriaamarillanaranja\/wp-json\/wp\/v2\/comments?post=37011"}],"version-history":[{"count":0,"href":"https:\/\/www.alqueria.es\/blogs\/alqueriaamarillanaranja\/wp-json\/wp\/v2\/posts\/37011\/revisions"}],"wp:attachment":[{"href":"https:\/\/www.alqueria.es\/blogs\/alqueriaamarillanaranja\/wp-json\/wp\/v2\/media?parent=37011"}],"wp:term":[{"taxonomy":"category","embeddable":true,"href":"https:\/\/www.alqueria.es\/blogs\/alqueriaamarillanaranja\/wp-json\/wp\/v2\/categories?post=37011"},{"taxonomy":"post_tag","embeddable":true,"href":"https:\/\/www.alqueria.es\/blogs\/alqueriaamarillanaranja\/wp-json\/wp\/v2\/tags?post=37011"}],"curies":[{"name":"wp","href":"https:\/\/api.w.org\/{rel}","templated":true}]}}