{"id":37082,"date":"2019-04-25T20:16:41","date_gmt":"2019-04-25T18:16:41","guid":{"rendered":"https:\/\/www.alqueria.es\/blogs\/alqueriaamarillanaranja\/?p=37082"},"modified":"2019-04-25T20:16:41","modified_gmt":"2019-04-25T18:16:41","slug":"4ajornada-semana-de-la-lectura","status":"publish","type":"post","link":"https:\/\/www.alqueria.es\/blogs\/alqueriaamarillanaranja\/2019\/04\/25\/4ajornada-semana-de-la-lectura\/","title":{"rendered":"4\u00aaJORNADA SEMANA DE LA LECTURA."},"content":{"rendered":"<p><div class=\"a25-CTUOC-hidding-box\" data-original-content=\"&lt;iframe loading=&quot;lazy&quot; title=&quot;SEMANA LECTURA 2019&quot; src=&quot;https:\/\/player.vimeo.com\/video\/332399472?dnt=1&amp;amp;app_id=122963&quot; width=&quot;474&quot; height=&quot;267&quot; frameborder=&quot;0&quot; allow=&quot;autoplay; fullscreen; picture-in-picture; clipboard-write&quot;&gt;&lt;\/iframe&gt;\">Esta p\u00e1gina incluye contenido multimedia que requiere aceptar todas las cookies. Pulse aqu\u00ed para abrir la configuraci\u00f3n de cookies.<\/div><\/p>\n<p>Comenzamos la jornada del jueves con la visita de <span style=\"color: #ff00ff\">Rafa y Paloma, <\/span>padres de Adriana-clase roja y Blanca clase-amarilla. <span style=\"color: #0000ff\">Paloma<\/span> narra dos historias la mar de bonitas, <span style=\"color: #ff00ff\">\u00abDANIELA\u00a0 PIRATA\u00bb y \u00abNI\u00d1A<\/span> <span style=\"color: #ff00ff\">BUENA, NI\u00d1A MALA\u00bb,<\/span> de fondo el maravilloso sonido del piano con el que nos deleita <span style=\"color: #0000ff\">Rafa<\/span>, \u00a1qu\u00e9 maravilla!<\/p>\n<p><img decoding=\"async\" data-attachment-id=\"37102\" data-permalink=\"https:\/\/www.alqueria.es\/blogs\/alqueriaamarillanaranja\/2019\/04\/25\/4ajornada-semana-de-la-lectura\/img_20190425_143134\/\" data-orig-file=\"https:\/\/cloud.alqueria.es\/wp-content\/uploads\/sites\/9\/2019\/04\/IMG_20190425_143134.jpg\" data-orig-size=\"1024,768\" data-comments-opened=\"1\" data-image-meta=\"{&quot;aperture&quot;:&quot;0&quot;,&quot;credit&quot;:&quot;&quot;,&quot;camera&quot;:&quot;&quot;,&quot;caption&quot;:&quot;&quot;,&quot;created_timestamp&quot;:&quot;0&quot;,&quot;copyright&quot;:&quot;&quot;,&quot;focal_length&quot;:&quot;0&quot;,&quot;iso&quot;:&quot;0&quot;,&quot;shutter_speed&quot;:&quot;0&quot;,&quot;title&quot;:&quot;&quot;,&quot;orientation&quot;:&quot;0&quot;}\" data-image-title=\"IMG_20190425_143134\" data-image-description=\"\" data-image-caption=\"\" data-large-file=\"https:\/\/cloud.alqueria.es\/wp-content\/uploads\/sites\/9\/2019\/04\/IMG_20190425_143134.jpg\" class=\"aligncenter size-medium wp-image-37102\" src=\"https:\/\/cloud.alqueria.es\/wp-content\/uploads\/sites\/9\/2019\/04\/IMG_20190425_143134.jpg\" alt=\"\" width=\"300\" height=\"225\" srcset=\"https:\/\/cloud.alqueria.es\/wp-content\/uploads\/sites\/9\/2019\/04\/IMG_20190425_143134.jpg 1024w, https:\/\/cloud.alqueria.es\/wp-content\/uploads\/sites\/9\/2019\/04\/IMG_20190425_143134.jpg 300w, https:\/\/cloud.alqueria.es\/wp-content\/uploads\/sites\/9\/2019\/04\/IMG_20190425_143134.jpg 768w\" sizes=\"(max-width: 300px) 100vw, 300px\" \/><\/p>\n<p>Terminamos bailando,jajaja:<\/p>\n<p class=\"jetpack-slideshow-noscript robots-nocontent\">El pase de diapositivas requiere JavaScript.<\/p><div id=\"gallery-37082-1-slideshow\" class=\"jetpack-slideshow-window jetpack-slideshow jetpack-slideshow-black\" data-trans=\"fade\" data-autostart=\"1\" data-gallery=\"[{&quot;src&quot;:&quot;https:\\\/\\\/cloud.alqueria.es\\\/wp-content\\\/uploads\\\/sites\\\/9\\\/2019\\\/04\\\/IMG_20190425_095430.jpg&quot;,&quot;id&quot;:&quot;37121&quot;,&quot;title&quot;:&quot;IMG_20190425_095430&quot;,&quot;alt&quot;:&quot;&quot;,&quot;caption&quot;:&quot;&quot;,&quot;itemprop&quot;:&quot;image&quot;},{&quot;src&quot;:&quot;https:\\\/\\\/cloud.alqueria.es\\\/wp-content\\\/uploads\\\/sites\\\/9\\\/2019\\\/04\\\/IMG_20190425_095749.jpg&quot;,&quot;id&quot;:&quot;37122&quot;,&quot;title&quot;:&quot;IMG_20190425_095749&quot;,&quot;alt&quot;:&quot;&quot;,&quot;caption&quot;:&quot;&quot;,&quot;itemprop&quot;:&quot;image&quot;},{&quot;src&quot;:&quot;https:\\\/\\\/cloud.alqueria.es\\\/wp-content\\\/uploads\\\/sites\\\/9\\\/2019\\\/04\\\/IMG_20190425_095240.jpg&quot;,&quot;id&quot;:&quot;37123&quot;,&quot;title&quot;:&quot;IMG_20190425_095240&quot;,&quot;alt&quot;:&quot;&quot;,&quot;caption&quot;:&quot;&quot;,&quot;itemprop&quot;:&quot;image&quot;},{&quot;src&quot;:&quot;https:\\\/\\\/cloud.alqueria.es\\\/wp-content\\\/uploads\\\/sites\\\/9\\\/2019\\\/04\\\/IMG_20190425_094955.jpg&quot;,&quot;id&quot;:&quot;37125&quot;,&quot;title&quot;:&quot;IMG_20190425_094955&quot;,&quot;alt&quot;:&quot;&quot;,&quot;caption&quot;:&quot;&quot;,&quot;itemprop&quot;:&quot;image&quot;},{&quot;src&quot;:&quot;https:\\\/\\\/cloud.alqueria.es\\\/wp-content\\\/uploads\\\/sites\\\/9\\\/2019\\\/04\\\/IMG_20190425_095017.jpg&quot;,&quot;id&quot;:&quot;37126&quot;,&quot;title&quot;:&quot;IMG_20190425_095017&quot;,&quot;alt&quot;:&quot;&quot;,&quot;caption&quot;:&quot;&quot;,&quot;itemprop&quot;:&quot;image&quot;},{&quot;src&quot;:&quot;https:\\\/\\\/cloud.alqueria.es\\\/wp-content\\\/uploads\\\/sites\\\/9\\\/2019\\\/04\\\/IMG_20190425_095807.jpg&quot;,&quot;id&quot;:&quot;37127&quot;,&quot;title&quot;:&quot;IMG_20190425_095807&quot;,&quot;alt&quot;:&quot;&quot;,&quot;caption&quot;:&quot;&quot;,&quot;itemprop&quot;:&quot;image&quot;}]\" itemscope itemtype=\"https:\/\/schema.org\/ImageGallery\"><\/div>\n<p style=\"text-align: center\"><span style=\"color: #ff00ff\">\u00a1Gracias familia!<\/span><\/p>\n<p style=\"text-align: left\">En clase adem\u00e1s de maquillarnos de dragones y brujas damos los \u00faltimos retoques al proyecto de aula\u00a0 realizado con motivo de la semana de la lectura, <span style=\"color: #0000ff\">\u00abMI PERSONAJE FAVORITO\u00bb<\/span> (los expondremos ma\u00f1ana).<\/p>\n<p>Hoy leemos una historia un tanto inusual:<img decoding=\"async\" data-attachment-id=\"37103\" data-permalink=\"https:\/\/www.alqueria.es\/blogs\/alqueriaamarillanaranja\/2019\/04\/25\/4ajornada-semana-de-la-lectura\/img_20190425_143243\/\" data-orig-file=\"https:\/\/cloud.alqueria.es\/wp-content\/uploads\/sites\/9\/2019\/04\/IMG_20190425_143243.jpg\" data-orig-size=\"768,1024\" data-comments-opened=\"1\" data-image-meta=\"{&quot;aperture&quot;:&quot;0&quot;,&quot;credit&quot;:&quot;&quot;,&quot;camera&quot;:&quot;&quot;,&quot;caption&quot;:&quot;&quot;,&quot;created_timestamp&quot;:&quot;0&quot;,&quot;copyright&quot;:&quot;&quot;,&quot;focal_length&quot;:&quot;0&quot;,&quot;iso&quot;:&quot;0&quot;,&quot;shutter_speed&quot;:&quot;0&quot;,&quot;title&quot;:&quot;&quot;,&quot;orientation&quot;:&quot;0&quot;}\" data-image-title=\"IMG_20190425_143243\" data-image-description=\"\" data-image-caption=\"\" data-large-file=\"https:\/\/cloud.alqueria.es\/wp-content\/uploads\/sites\/9\/2019\/04\/IMG_20190425_143243.jpg\" class=\"size-medium wp-image-37103 alignleft\" src=\"https:\/\/cloud.alqueria.es\/wp-content\/uploads\/sites\/9\/2019\/04\/IMG_20190425_143243.jpg\" alt=\"\" width=\"225\" height=\"300\" srcset=\"https:\/\/cloud.alqueria.es\/wp-content\/uploads\/sites\/9\/2019\/04\/IMG_20190425_143243.jpg 768w, https:\/\/cloud.alqueria.es\/wp-content\/uploads\/sites\/9\/2019\/04\/IMG_20190425_143243.jpg 225w\" sizes=\"(max-width: 225px) 100vw, 225px\" \/><\/p>\n<p>Abordamos esa costumbre infantil tan com\u00fan en los peque\u00f1os de una forma divertida. Me miraban sorprendida, \u00a1un cuento sobre meterse el dedo en la nariz! Pod\u00e9is imaginaros, ninguno ha confesado que lo hiciese,jajaja.<\/p>\n<p>&nbsp;<\/p>\n<p>&nbsp;<\/p>\n<p style=\"text-align: center\">Ma\u00f1ana \u00faltimo d\u00eda de la Semana de la Lectura.<\/p>\n<p>Silvia.<\/p>\n<p>&nbsp;<\/p>\n","protected":false},"excerpt":{"rendered":"<p>Comenzamos la jornada del jueves con la visita de Rafa y Paloma, padres de Adriana-clase roja y Blanca clase-amarilla. Paloma narra dos historias la mar de bonitas, \u00abDANIELA\u00a0 PIRATA\u00bb y \u00abNI\u00d1A BUENA, NI\u00d1A MALA\u00bb, de fondo el maravilloso sonido del piano con el que nos deleita Rafa, \u00a1qu\u00e9 maravilla! Terminamos bailando,jajaja: \u00a1Gracias familia! En clase &hellip; <a href=\"https:\/\/www.alqueria.es\/blogs\/alqueriaamarillanaranja\/2019\/04\/25\/4ajornada-semana-de-la-lectura\/\" class=\"more-link\">Seguir leyendo <span class=\"screen-reader-text\">4\u00aaJORNADA SEMANA DE LA LECTURA.<\/span> <span class=\"meta-nav\">&rarr;<\/span><\/a><\/p>\n","protected":false},"author":23,"featured_media":0,"comment_status":"open","ping_status":"open","sticky":false,"template":"","format":"standard","meta":{"jetpack_post_was_ever_published":false,"_jetpack_newsletter_access":"","_jetpack_dont_email_post_to_subs":false,"_jetpack_newsletter_tier_id":0,"_jetpack_memberships_contains_paywalled_content":false,"_jetpack_memberships_contains_paid_content":false,"footnotes":"","jetpack_publicize_message":"","jetpack_publicize_feature_enabled":true,"jetpack_social_post_already_shared":true,"jetpack_social_options":{"image_generator_settings":{"template":"highway","default_image_id":0,"font":"","enabled":false},"version":2}},"categories":[7,8],"tags":[570],"class_list":["post-37082","post","type-post","status-publish","format-standard","hentry","category-clase-naranja","category-diario","tag-semana-de-la-lectura-2019"],"jetpack_publicize_connections":[],"jetpack_featured_media_url":"","jetpack_sharing_enabled":true,"jetpack_shortlink":"https:\/\/wp.me\/p4lG08-9E6","jetpack-related-posts":[],"_links":{"self":[{"href":"https:\/\/www.alqueria.es\/blogs\/alqueriaamarillanaranja\/wp-json\/wp\/v2\/posts\/37082","targetHints":{"allow":["GET"]}}],"collection":[{"href":"https:\/\/www.alqueria.es\/blogs\/alqueriaamarillanaranja\/wp-json\/wp\/v2\/posts"}],"about":[{"href":"https:\/\/www.alqueria.es\/blogs\/alqueriaamarillanaranja\/wp-json\/wp\/v2\/types\/post"}],"author":[{"embeddable":true,"href":"https:\/\/www.alqueria.es\/blogs\/alqueriaamarillanaranja\/wp-json\/wp\/v2\/users\/23"}],"replies":[{"embeddable":true,"href":"https:\/\/www.alqueria.es\/blogs\/alqueriaamarillanaranja\/wp-json\/wp\/v2\/comments?post=37082"}],"version-history":[{"count":0,"href":"https:\/\/www.alqueria.es\/blogs\/alqueriaamarillanaranja\/wp-json\/wp\/v2\/posts\/37082\/revisions"}],"wp:attachment":[{"href":"https:\/\/www.alqueria.es\/blogs\/alqueriaamarillanaranja\/wp-json\/wp\/v2\/media?parent=37082"}],"wp:term":[{"taxonomy":"category","embeddable":true,"href":"https:\/\/www.alqueria.es\/blogs\/alqueriaamarillanaranja\/wp-json\/wp\/v2\/categories?post=37082"},{"taxonomy":"post_tag","embeddable":true,"href":"https:\/\/www.alqueria.es\/blogs\/alqueriaamarillanaranja\/wp-json\/wp\/v2\/tags?post=37082"}],"curies":[{"name":"wp","href":"https:\/\/api.w.org\/{rel}","templated":true}]}}