{"id":37165,"date":"2019-04-27T10:54:10","date_gmt":"2019-04-27T08:54:10","guid":{"rendered":"https:\/\/www.alqueria.es\/blogs\/alqueriaamarillanaranja\/?p=37165"},"modified":"2019-04-27T10:54:10","modified_gmt":"2019-04-27T08:54:10","slug":"clausuramos-la-semana-de-la-lectura-2","status":"publish","type":"post","link":"https:\/\/www.alqueria.es\/blogs\/alqueriaamarillanaranja\/2019\/04\/27\/clausuramos-la-semana-de-la-lectura-2\/","title":{"rendered":"CLAUSURAMOS la Semana de la Lectura"},"content":{"rendered":"<p><span style=\"color: #000000\"><span style=\"color: #000000\">Terminamos el \u00faltimo d\u00eda de la<\/span>\u00a0<span style=\"color: #0000ff\"><strong>Semana de la Lectura<\/strong><\/span><strong> con un divertido cuento motor a cargo de varias familias de la clase naranja y roja, <span style=\"color: #0000ff\">Aurora y Antonio<\/span>, padres de Antonio y M\u00e1ximo; <span style=\"color: #0000ff\">M\u00aa Jose.<\/span> mam\u00e1 de Hern\u00e1n; <span style=\"color: #0000ff\">M\u00aaJes\u00fas,<\/span> madre de Mateo Alcalde; <span style=\"color: #0000ff\">Sebas,<\/span> pap\u00e1 de Sof\u00eda y Elena y <span style=\"color: #0000ff\">Erika,<\/span> mam\u00e1 de Vega.<\/strong><\/span><\/p>\n<p><span style=\"color: #000000\">Seis familias que nos llevan de viaje alrededor de los seis continentes que componen el planeta tierra. Aprendemos\u00a0 singularidades de cada uno de los continentes con divertidas actividades motrices. \u00a1Lo han pasado genial! Muchas gracias familias.<\/span><\/p>\n<p><div class=\"a25-CTUOC-hidding-box\" data-original-content=\"&lt;iframe loading=&quot;lazy&quot; title=&quot;SEMANA LECTURA 2019&quot; src=&quot;https:\/\/player.vimeo.com\/video\/332698239?dnt=1&amp;amp;app_id=122963&quot; width=&quot;474&quot; height=&quot;356&quot; frameborder=&quot;0&quot; allow=&quot;autoplay; fullscreen; picture-in-picture; clipboard-write&quot;&gt;&lt;\/iframe&gt;\">Esta p\u00e1gina incluye contenido multimedia que requiere aceptar todas las cookies. Pulse aqu\u00ed para abrir la configuraci\u00f3n de cookies.<\/div><\/p>\n<p>Clausuramos esta magnifica semana con un teatro musical a cargo de las <span style=\"color: #008000\">familias del grupo verde<\/span>, una versi\u00f3n divertid\u00edsima de la historia del <span style=\"color: #0000ff\">\u00abFLAUTISTA DE HAMEL\u00cdN\u00bb.<\/span><\/p>\n<p class=\"jetpack-slideshow-noscript robots-nocontent\">El pase de diapositivas requiere JavaScript.<\/p><div id=\"gallery-37165-1-slideshow\" class=\"jetpack-slideshow-window jetpack-slideshow jetpack-slideshow-black\" data-trans=\"fade\" data-autostart=\"1\" data-gallery=\"[{&quot;src&quot;:&quot;https:\\\/\\\/cloud.alqueria.es\\\/wp-content\\\/uploads\\\/sites\\\/9\\\/2019\\\/04\\\/IMG_20190426_155023.jpg&quot;,&quot;id&quot;:&quot;37168&quot;,&quot;title&quot;:&quot;IMG_20190426_155023&quot;,&quot;alt&quot;:&quot;&quot;,&quot;caption&quot;:&quot;&quot;,&quot;itemprop&quot;:&quot;image&quot;},{&quot;src&quot;:&quot;https:\\\/\\\/cloud.alqueria.es\\\/wp-content\\\/uploads\\\/sites\\\/9\\\/2019\\\/04\\\/IMG_20190426_155209.jpg&quot;,&quot;id&quot;:&quot;37169&quot;,&quot;title&quot;:&quot;IMG_20190426_155209&quot;,&quot;alt&quot;:&quot;&quot;,&quot;caption&quot;:&quot;&quot;,&quot;itemprop&quot;:&quot;image&quot;},{&quot;src&quot;:&quot;https:\\\/\\\/cloud.alqueria.es\\\/wp-content\\\/uploads\\\/sites\\\/9\\\/2019\\\/04\\\/IMG_20190426_160051.jpg&quot;,&quot;id&quot;:&quot;37170&quot;,&quot;title&quot;:&quot;IMG_20190426_160051&quot;,&quot;alt&quot;:&quot;&quot;,&quot;caption&quot;:&quot;&quot;,&quot;itemprop&quot;:&quot;image&quot;},{&quot;src&quot;:&quot;https:\\\/\\\/cloud.alqueria.es\\\/wp-content\\\/uploads\\\/sites\\\/9\\\/2019\\\/04\\\/IMG_20190426_160210.jpg&quot;,&quot;id&quot;:&quot;37171&quot;,&quot;title&quot;:&quot;IMG_20190426_160210&quot;,&quot;alt&quot;:&quot;&quot;,&quot;caption&quot;:&quot;&quot;,&quot;itemprop&quot;:&quot;image&quot;},{&quot;src&quot;:&quot;https:\\\/\\\/cloud.alqueria.es\\\/wp-content\\\/uploads\\\/sites\\\/9\\\/2019\\\/04\\\/IMG_20190426_160217.jpg&quot;,&quot;id&quot;:&quot;37172&quot;,&quot;title&quot;:&quot;IMG_20190426_160217&quot;,&quot;alt&quot;:&quot;&quot;,&quot;caption&quot;:&quot;&quot;,&quot;itemprop&quot;:&quot;image&quot;},{&quot;src&quot;:&quot;https:\\\/\\\/cloud.alqueria.es\\\/wp-content\\\/uploads\\\/sites\\\/9\\\/2019\\\/04\\\/IMG_20190426_160438.jpg&quot;,&quot;id&quot;:&quot;37173&quot;,&quot;title&quot;:&quot;IMG_20190426_160438&quot;,&quot;alt&quot;:&quot;&quot;,&quot;caption&quot;:&quot;&quot;,&quot;itemprop&quot;:&quot;image&quot;},{&quot;src&quot;:&quot;https:\\\/\\\/cloud.alqueria.es\\\/wp-content\\\/uploads\\\/sites\\\/9\\\/2019\\\/04\\\/IMG_20190426_160643.jpg&quot;,&quot;id&quot;:&quot;37174&quot;,&quot;title&quot;:&quot;IMG_20190426_160643&quot;,&quot;alt&quot;:&quot;&quot;,&quot;caption&quot;:&quot;&quot;,&quot;itemprop&quot;:&quot;image&quot;},{&quot;src&quot;:&quot;https:\\\/\\\/cloud.alqueria.es\\\/wp-content\\\/uploads\\\/sites\\\/9\\\/2019\\\/04\\\/IMG_20190426_160757.jpg&quot;,&quot;id&quot;:&quot;37175&quot;,&quot;title&quot;:&quot;IMG_20190426_160757&quot;,&quot;alt&quot;:&quot;&quot;,&quot;caption&quot;:&quot;&quot;,&quot;itemprop&quot;:&quot;image&quot;},{&quot;src&quot;:&quot;https:\\\/\\\/cloud.alqueria.es\\\/wp-content\\\/uploads\\\/sites\\\/9\\\/2019\\\/04\\\/IMG_20190426_160812.jpg&quot;,&quot;id&quot;:&quot;37176&quot;,&quot;title&quot;:&quot;IMG_20190426_160812&quot;,&quot;alt&quot;:&quot;&quot;,&quot;caption&quot;:&quot;&quot;,&quot;itemprop&quot;:&quot;image&quot;},{&quot;src&quot;:&quot;https:\\\/\\\/cloud.alqueria.es\\\/wp-content\\\/uploads\\\/sites\\\/9\\\/2019\\\/04\\\/IMG_20190426_161036.jpg&quot;,&quot;id&quot;:&quot;37177&quot;,&quot;title&quot;:&quot;IMG_20190426_161036&quot;,&quot;alt&quot;:&quot;&quot;,&quot;caption&quot;:&quot;&quot;,&quot;itemprop&quot;:&quot;image&quot;},{&quot;src&quot;:&quot;https:\\\/\\\/cloud.alqueria.es\\\/wp-content\\\/uploads\\\/sites\\\/9\\\/2019\\\/04\\\/IMG_20190426_161453.jpg&quot;,&quot;id&quot;:&quot;37178&quot;,&quot;title&quot;:&quot;IMG_20190426_161453&quot;,&quot;alt&quot;:&quot;&quot;,&quot;caption&quot;:&quot;&quot;,&quot;itemprop&quot;:&quot;image&quot;}]\" itemscope itemtype=\"https:\/\/schema.org\/ImageGallery\"><\/div>\n<p>La familias del <span style=\"color: #008000\">grupo verde<\/span> se re\u00fanen y hacen un bonito regalo a sus hij@s con motivo del fin de etapa, s\u00f3lo ver las caras de asombro y alegr\u00eda de los peques ha merecido la pena para todos (ell@s no sab\u00edan nada). \u00a1Gracias familias!<\/p>\n<p style=\"text-align: center\">Terminamos esta semana con la satisfacci\u00f3n del desarrollo de todas la actividades realizadas.<\/p>\n<p style=\"text-align: center\">\u00a1 nuestros ni\u00f1@s han disfrutado tanto&#8230;.!!!!<\/p>\n<p style=\"text-align: center\"><span style=\"color: #008000\">\u00a1GRACIAS A TODAS LAS FAMILIAS QUE HAN COLABORADO!<\/span><\/p>\n<p>Buen fin de semana. Silvia.<\/p>\n<p>&nbsp;<\/p>\n","protected":false},"excerpt":{"rendered":"<p>Terminamos el \u00faltimo d\u00eda de la\u00a0Semana de la Lectura con un divertido cuento motor a cargo de varias familias de la clase naranja y roja, Aurora y Antonio, padres de Antonio y M\u00e1ximo; M\u00aa Jose. mam\u00e1 de Hern\u00e1n; M\u00aaJes\u00fas, madre de Mateo Alcalde; Sebas, pap\u00e1 de Sof\u00eda y Elena y Erika, mam\u00e1 de Vega. Seis &hellip; <a href=\"https:\/\/www.alqueria.es\/blogs\/alqueriaamarillanaranja\/2019\/04\/27\/clausuramos-la-semana-de-la-lectura-2\/\" class=\"more-link\">Seguir leyendo <span class=\"screen-reader-text\">CLAUSURAMOS la Semana de la Lectura<\/span> <span class=\"meta-nav\">&rarr;<\/span><\/a><\/p>\n","protected":false},"author":23,"featured_media":0,"comment_status":"open","ping_status":"open","sticky":false,"template":"","format":"standard","meta":{"jetpack_post_was_ever_published":false,"_jetpack_newsletter_access":"","_jetpack_dont_email_post_to_subs":false,"_jetpack_newsletter_tier_id":0,"_jetpack_memberships_contains_paywalled_content":false,"_jetpack_memberships_contains_paid_content":false,"footnotes":"","jetpack_publicize_message":"","jetpack_publicize_feature_enabled":true,"jetpack_social_post_already_shared":true,"jetpack_social_options":{"image_generator_settings":{"template":"highway","default_image_id":0,"font":"","enabled":false},"version":2}},"categories":[7,312],"tags":[570],"class_list":["post-37165","post","type-post","status-publish","format-standard","hentry","category-clase-naranja","category-musica","tag-semana-de-la-lectura-2019"],"jetpack_publicize_connections":[],"jetpack_featured_media_url":"","jetpack_sharing_enabled":true,"jetpack_shortlink":"https:\/\/wp.me\/p4lG08-9Fr","jetpack-related-posts":[],"_links":{"self":[{"href":"https:\/\/www.alqueria.es\/blogs\/alqueriaamarillanaranja\/wp-json\/wp\/v2\/posts\/37165","targetHints":{"allow":["GET"]}}],"collection":[{"href":"https:\/\/www.alqueria.es\/blogs\/alqueriaamarillanaranja\/wp-json\/wp\/v2\/posts"}],"about":[{"href":"https:\/\/www.alqueria.es\/blogs\/alqueriaamarillanaranja\/wp-json\/wp\/v2\/types\/post"}],"author":[{"embeddable":true,"href":"https:\/\/www.alqueria.es\/blogs\/alqueriaamarillanaranja\/wp-json\/wp\/v2\/users\/23"}],"replies":[{"embeddable":true,"href":"https:\/\/www.alqueria.es\/blogs\/alqueriaamarillanaranja\/wp-json\/wp\/v2\/comments?post=37165"}],"version-history":[{"count":0,"href":"https:\/\/www.alqueria.es\/blogs\/alqueriaamarillanaranja\/wp-json\/wp\/v2\/posts\/37165\/revisions"}],"wp:attachment":[{"href":"https:\/\/www.alqueria.es\/blogs\/alqueriaamarillanaranja\/wp-json\/wp\/v2\/media?parent=37165"}],"wp:term":[{"taxonomy":"category","embeddable":true,"href":"https:\/\/www.alqueria.es\/blogs\/alqueriaamarillanaranja\/wp-json\/wp\/v2\/categories?post=37165"},{"taxonomy":"post_tag","embeddable":true,"href":"https:\/\/www.alqueria.es\/blogs\/alqueriaamarillanaranja\/wp-json\/wp\/v2\/tags?post=37165"}],"curies":[{"name":"wp","href":"https:\/\/api.w.org\/{rel}","templated":true}]}}