{"id":37187,"date":"2019-04-27T13:37:53","date_gmt":"2019-04-27T11:37:53","guid":{"rendered":"https:\/\/www.alqueria.es\/blogs\/alqueriaamarillanaranja\/?p=37187"},"modified":"2019-04-27T13:42:17","modified_gmt":"2019-04-27T11:42:17","slug":"clausura-de-la-semana-de-la-lectura-con-broche-de-oro","status":"publish","type":"post","link":"https:\/\/www.alqueria.es\/blogs\/alqueriaamarillanaranja\/2019\/04\/27\/clausura-de-la-semana-de-la-lectura-con-broche-de-oro\/","title":{"rendered":"Clausura de la Semana de la Lectura con broche de oro"},"content":{"rendered":"<p>Hola, el viernes\u00a0 fue el \u00faltimo d\u00eda de la celebraci\u00f3n de la Semana de la Lectura. Comenzamos con un cuento motor organizado por un payaso muy familiar (aunque a algunos al principio les daba miedo), nos invit\u00f3 a hacer malabares con globos y pelotas, y equilibrios de diferentes dificultades.<\/p>\n<p>Al final les regal\u00f3 una estrella por su participaci\u00f3n, gracias Alberto.<\/p>\n<p class=\"jetpack-slideshow-noscript robots-nocontent\">El pase de diapositivas requiere JavaScript.<\/p><div id=\"gallery-37187-1-slideshow\" class=\"jetpack-slideshow-window jetpack-slideshow jetpack-slideshow-black\" data-trans=\"fade\" data-autostart=\"1\" data-gallery=\"[{&quot;src&quot;:&quot;https:\\\/\\\/cloud.alqueria.es\\\/wp-content\\\/uploads\\\/sites\\\/9\\\/2019\\\/04\\\/IMG_20190426_100338.jpg&quot;,&quot;id&quot;:&quot;37188&quot;,&quot;title&quot;:&quot;IMG_20190426_100338&quot;,&quot;alt&quot;:&quot;&quot;,&quot;caption&quot;:&quot;&quot;,&quot;itemprop&quot;:&quot;image&quot;},{&quot;src&quot;:&quot;https:\\\/\\\/cloud.alqueria.es\\\/wp-content\\\/uploads\\\/sites\\\/9\\\/2019\\\/04\\\/IMG_20190426_100538.jpg&quot;,&quot;id&quot;:&quot;37189&quot;,&quot;title&quot;:&quot;IMG_20190426_100538&quot;,&quot;alt&quot;:&quot;&quot;,&quot;caption&quot;:&quot;&quot;,&quot;itemprop&quot;:&quot;image&quot;},{&quot;src&quot;:&quot;https:\\\/\\\/cloud.alqueria.es\\\/wp-content\\\/uploads\\\/sites\\\/9\\\/2019\\\/04\\\/IMG_20190426_103736.jpg&quot;,&quot;id&quot;:&quot;37196&quot;,&quot;title&quot;:&quot;IMG_20190426_103736&quot;,&quot;alt&quot;:&quot;&quot;,&quot;caption&quot;:&quot;&quot;,&quot;itemprop&quot;:&quot;image&quot;},{&quot;src&quot;:&quot;https:\\\/\\\/cloud.alqueria.es\\\/wp-content\\\/uploads\\\/sites\\\/9\\\/2019\\\/04\\\/IMG_20190426_102543.jpg&quot;,&quot;id&quot;:&quot;37195&quot;,&quot;title&quot;:&quot;IMG_20190426_102543&quot;,&quot;alt&quot;:&quot;&quot;,&quot;caption&quot;:&quot;&quot;,&quot;itemprop&quot;:&quot;image&quot;},{&quot;src&quot;:&quot;https:\\\/\\\/cloud.alqueria.es\\\/wp-content\\\/uploads\\\/sites\\\/9\\\/2019\\\/04\\\/IMG_20190426_102535.jpg&quot;,&quot;id&quot;:&quot;37194&quot;,&quot;title&quot;:&quot;IMG_20190426_102535&quot;,&quot;alt&quot;:&quot;&quot;,&quot;caption&quot;:&quot;&quot;,&quot;itemprop&quot;:&quot;image&quot;},{&quot;src&quot;:&quot;https:\\\/\\\/cloud.alqueria.es\\\/wp-content\\\/uploads\\\/sites\\\/9\\\/2019\\\/04\\\/IMG_20190426_101911.jpg&quot;,&quot;id&quot;:&quot;37193&quot;,&quot;title&quot;:&quot;IMG_20190426_101911&quot;,&quot;alt&quot;:&quot;&quot;,&quot;caption&quot;:&quot;&quot;,&quot;itemprop&quot;:&quot;image&quot;},{&quot;src&quot;:&quot;https:\\\/\\\/cloud.alqueria.es\\\/wp-content\\\/uploads\\\/sites\\\/9\\\/2019\\\/04\\\/IMG_20190426_101603.jpg&quot;,&quot;id&quot;:&quot;37192&quot;,&quot;title&quot;:&quot;IMG_20190426_101603&quot;,&quot;alt&quot;:&quot;&quot;,&quot;caption&quot;:&quot;&quot;,&quot;itemprop&quot;:&quot;image&quot;},{&quot;src&quot;:&quot;https:\\\/\\\/cloud.alqueria.es\\\/wp-content\\\/uploads\\\/sites\\\/9\\\/2019\\\/04\\\/IMG_20190426_101444.jpg&quot;,&quot;id&quot;:&quot;37191&quot;,&quot;title&quot;:&quot;IMG_20190426_101444&quot;,&quot;alt&quot;:&quot;&quot;,&quot;caption&quot;:&quot;&quot;,&quot;itemprop&quot;:&quot;image&quot;},{&quot;src&quot;:&quot;https:\\\/\\\/cloud.alqueria.es\\\/wp-content\\\/uploads\\\/sites\\\/9\\\/2019\\\/04\\\/IMG_20190426_101410.jpg&quot;,&quot;id&quot;:&quot;37190&quot;,&quot;title&quot;:&quot;IMG_20190426_101410&quot;,&quot;alt&quot;:&quot;&quot;,&quot;caption&quot;:&quot;&quot;,&quot;itemprop&quot;:&quot;image&quot;},{&quot;src&quot;:&quot;https:\\\/\\\/cloud.alqueria.es\\\/wp-content\\\/uploads\\\/sites\\\/9\\\/2019\\\/04\\\/IMG_20190426_103838.jpg&quot;,&quot;id&quot;:&quot;37197&quot;,&quot;title&quot;:&quot;IMG_20190426_103838&quot;,&quot;alt&quot;:&quot;&quot;,&quot;caption&quot;:&quot;&quot;,&quot;itemprop&quot;:&quot;image&quot;}]\" itemscope itemtype=\"https:\/\/schema.org\/ImageGallery\"><\/div>\n<p>Si la imaginaci\u00f3n es el alimento del esp\u00edritu el movimiento es su motor \u00a1Lo han pasado genial!<\/p>\n<p>Por la tarde las familias de la clase verde prepararon un teatro \u00abLa Banda de Hamelin\u00bb, que a su vez algunos de ellos son padres de la clase azul y amarilla: los padres de Alejandro, Paula, Jaime C., y Pablo. La adaptaci\u00f3n del cuento ha sido muy interesante porque han participado un mont\u00f3n de instrumentos uni\u00e9ndose y haciendo una banda. Poniendo el broche de oro a la Semana de la Lectura.<\/p>\n<p class=\"jetpack-slideshow-noscript robots-nocontent\">El pase de diapositivas requiere JavaScript.<\/p><div id=\"gallery-37187-2-slideshow\" class=\"jetpack-slideshow-window jetpack-slideshow jetpack-slideshow-black\" data-trans=\"fade\" data-autostart=\"1\" data-gallery=\"[{&quot;src&quot;:&quot;https:\\\/\\\/cloud.alqueria.es\\\/wp-content\\\/uploads\\\/sites\\\/9\\\/2019\\\/04\\\/IMG_20190426_161435.jpg&quot;,&quot;id&quot;:&quot;37208&quot;,&quot;title&quot;:&quot;IMG_20190426_161435&quot;,&quot;alt&quot;:&quot;&quot;,&quot;caption&quot;:&quot;&quot;,&quot;itemprop&quot;:&quot;image&quot;},{&quot;src&quot;:&quot;https:\\\/\\\/cloud.alqueria.es\\\/wp-content\\\/uploads\\\/sites\\\/9\\\/2019\\\/04\\\/IMG_20190426_161431.jpg&quot;,&quot;id&quot;:&quot;37207&quot;,&quot;title&quot;:&quot;IMG_20190426_161431&quot;,&quot;alt&quot;:&quot;&quot;,&quot;caption&quot;:&quot;&quot;,&quot;itemprop&quot;:&quot;image&quot;},{&quot;src&quot;:&quot;https:\\\/\\\/cloud.alqueria.es\\\/wp-content\\\/uploads\\\/sites\\\/9\\\/2019\\\/04\\\/IMG_20190426_1613441.jpg&quot;,&quot;id&quot;:&quot;37206&quot;,&quot;title&quot;:&quot;IMG_20190426_1613441&quot;,&quot;alt&quot;:&quot;&quot;,&quot;caption&quot;:&quot;&quot;,&quot;itemprop&quot;:&quot;image&quot;},{&quot;src&quot;:&quot;https:\\\/\\\/cloud.alqueria.es\\\/wp-content\\\/uploads\\\/sites\\\/9\\\/2019\\\/04\\\/IMG_20190426_1608071.jpg&quot;,&quot;id&quot;:&quot;37205&quot;,&quot;title&quot;:&quot;IMG_20190426_1608071&quot;,&quot;alt&quot;:&quot;&quot;,&quot;caption&quot;:&quot;&quot;,&quot;itemprop&quot;:&quot;image&quot;},{&quot;src&quot;:&quot;https:\\\/\\\/cloud.alqueria.es\\\/wp-content\\\/uploads\\\/sites\\\/9\\\/2019\\\/04\\\/IMG_20190426_160803.jpg&quot;,&quot;id&quot;:&quot;37204&quot;,&quot;title&quot;:&quot;IMG_20190426_160803&quot;,&quot;alt&quot;:&quot;&quot;,&quot;caption&quot;:&quot;&quot;,&quot;itemprop&quot;:&quot;image&quot;},{&quot;src&quot;:&quot;https:\\\/\\\/cloud.alqueria.es\\\/wp-content\\\/uploads\\\/sites\\\/9\\\/2019\\\/04\\\/IMG_20190426_160735.jpg&quot;,&quot;id&quot;:&quot;37203&quot;,&quot;title&quot;:&quot;IMG_20190426_160735&quot;,&quot;alt&quot;:&quot;&quot;,&quot;caption&quot;:&quot;&quot;,&quot;itemprop&quot;:&quot;image&quot;},{&quot;src&quot;:&quot;https:\\\/\\\/cloud.alqueria.es\\\/wp-content\\\/uploads\\\/sites\\\/9\\\/2019\\\/04\\\/IMG_20190426_160240.jpg&quot;,&quot;id&quot;:&quot;37202&quot;,&quot;title&quot;:&quot;IMG_20190426_160240&quot;,&quot;alt&quot;:&quot;&quot;,&quot;caption&quot;:&quot;&quot;,&quot;itemprop&quot;:&quot;image&quot;},{&quot;src&quot;:&quot;https:\\\/\\\/cloud.alqueria.es\\\/wp-content\\\/uploads\\\/sites\\\/9\\\/2019\\\/04\\\/IMG_20190426_1003381.jpg&quot;,&quot;id&quot;:&quot;37201&quot;,&quot;title&quot;:&quot;IMG_20190426_1003381&quot;,&quot;alt&quot;:&quot;&quot;,&quot;caption&quot;:&quot;&quot;,&quot;itemprop&quot;:&quot;image&quot;},{&quot;src&quot;:&quot;https:\\\/\\\/cloud.alqueria.es\\\/wp-content\\\/uploads\\\/sites\\\/9\\\/2019\\\/04\\\/IMG_20190426_161344.jpg&quot;,&quot;id&quot;:&quot;37200&quot;,&quot;title&quot;:&quot;IMG_20190426_161344&quot;,&quot;alt&quot;:&quot;&quot;,&quot;caption&quot;:&quot;&quot;,&quot;itemprop&quot;:&quot;image&quot;},{&quot;src&quot;:&quot;https:\\\/\\\/cloud.alqueria.es\\\/wp-content\\\/uploads\\\/sites\\\/9\\\/2019\\\/04\\\/IMG_20190426_160807.jpg&quot;,&quot;id&quot;:&quot;37199&quot;,&quot;title&quot;:&quot;IMG_20190426_160807&quot;,&quot;alt&quot;:&quot;&quot;,&quot;caption&quot;:&quot;&quot;,&quot;itemprop&quot;:&quot;image&quot;},{&quot;src&quot;:&quot;https:\\\/\\\/cloud.alqueria.es\\\/wp-content\\\/uploads\\\/sites\\\/9\\\/2019\\\/04\\\/IMG_20190426_155648.jpg&quot;,&quot;id&quot;:&quot;37198&quot;,&quot;title&quot;:&quot;IMG_20190426_155648&quot;,&quot;alt&quot;:&quot;&quot;,&quot;caption&quot;:&quot;&quot;,&quot;itemprop&quot;:&quot;image&quot;}]\" itemscope itemtype=\"https:\/\/schema.org\/ImageGallery\"><\/div>\n<p>GRACIAS A LA PARTICIPACI\u00d3N DE TODAS LAS FAMILIAS SE HA PODIDO REALIZAR ESTA CALIDAD DE ACTIVIDADES QUE HEMOS DISFRUTADO DURANTE TODA LA SEMANA DE LA LECTURA Y SEGUIREMOS DESARROLLANDO.<\/p>\n<p>P.D. Tambi\u00e9n, gracias a ese puesto de libros que se ha montado durante toda la semana en el patio posibilitando la compra y despertando el inter\u00e9s de todos.<\/p>\n<p>Hasta el lunes, que tenemos muchas \u00abHISTORIAS\u00bb escritas por las familias para seguir leyendo.<\/p>\n<p>Un abrazo literario.<\/p>\n<p>Matilde Hidalgo.<\/p>\n","protected":false},"excerpt":{"rendered":"<p>Hola, el viernes\u00a0 fue el \u00faltimo d\u00eda de la celebraci\u00f3n de la Semana de la Lectura. Comenzamos con un cuento motor organizado por un payaso muy familiar (aunque a algunos al principio les daba miedo), nos invit\u00f3 a hacer malabares con globos y pelotas, y equilibrios de diferentes dificultades. Al final les regal\u00f3 una estrella &hellip; <a href=\"https:\/\/www.alqueria.es\/blogs\/alqueriaamarillanaranja\/2019\/04\/27\/clausura-de-la-semana-de-la-lectura-con-broche-de-oro\/\" class=\"more-link\">Seguir leyendo <span class=\"screen-reader-text\">Clausura de la Semana de la Lectura con broche de oro<\/span> <span class=\"meta-nav\">&rarr;<\/span><\/a><\/p>\n","protected":false},"author":23,"featured_media":0,"comment_status":"open","ping_status":"open","sticky":false,"template":"","format":"standard","meta":{"jetpack_post_was_ever_published":false,"_jetpack_newsletter_access":"","_jetpack_dont_email_post_to_subs":false,"_jetpack_newsletter_tier_id":0,"_jetpack_memberships_contains_paywalled_content":false,"_jetpack_memberships_contains_paid_content":false,"footnotes":"","jetpack_publicize_message":"","jetpack_publicize_feature_enabled":true,"jetpack_social_post_already_shared":true,"jetpack_social_options":{"image_generator_settings":{"template":"highway","default_image_id":0,"font":"","enabled":false},"version":2}},"categories":[5,6],"tags":[104,114],"class_list":["post-37187","post","type-post","status-publish","format-standard","hentry","category-alfabetizacion","category-clase-amarilla","tag-psicomotricidad","tag-semana-de-la-lectura"],"jetpack_publicize_connections":[],"jetpack_featured_media_url":"","jetpack_sharing_enabled":true,"jetpack_shortlink":"https:\/\/wp.me\/p4lG08-9FN","jetpack-related-posts":[],"_links":{"self":[{"href":"https:\/\/www.alqueria.es\/blogs\/alqueriaamarillanaranja\/wp-json\/wp\/v2\/posts\/37187","targetHints":{"allow":["GET"]}}],"collection":[{"href":"https:\/\/www.alqueria.es\/blogs\/alqueriaamarillanaranja\/wp-json\/wp\/v2\/posts"}],"about":[{"href":"https:\/\/www.alqueria.es\/blogs\/alqueriaamarillanaranja\/wp-json\/wp\/v2\/types\/post"}],"author":[{"embeddable":true,"href":"https:\/\/www.alqueria.es\/blogs\/alqueriaamarillanaranja\/wp-json\/wp\/v2\/users\/23"}],"replies":[{"embeddable":true,"href":"https:\/\/www.alqueria.es\/blogs\/alqueriaamarillanaranja\/wp-json\/wp\/v2\/comments?post=37187"}],"version-history":[{"count":0,"href":"https:\/\/www.alqueria.es\/blogs\/alqueriaamarillanaranja\/wp-json\/wp\/v2\/posts\/37187\/revisions"}],"wp:attachment":[{"href":"https:\/\/www.alqueria.es\/blogs\/alqueriaamarillanaranja\/wp-json\/wp\/v2\/media?parent=37187"}],"wp:term":[{"taxonomy":"category","embeddable":true,"href":"https:\/\/www.alqueria.es\/blogs\/alqueriaamarillanaranja\/wp-json\/wp\/v2\/categories?post=37187"},{"taxonomy":"post_tag","embeddable":true,"href":"https:\/\/www.alqueria.es\/blogs\/alqueriaamarillanaranja\/wp-json\/wp\/v2\/tags?post=37187"}],"curies":[{"name":"wp","href":"https:\/\/api.w.org\/{rel}","templated":true}]}}