{"id":37320,"date":"2019-05-03T16:30:51","date_gmt":"2019-05-03T14:30:51","guid":{"rendered":"https:\/\/www.alqueria.es\/blogs\/alqueriaamarillanaranja\/?p=37320"},"modified":"2019-05-03T16:52:07","modified_gmt":"2019-05-03T14:52:07","slug":"celebramos-el-dia-de-la-cruz-2","status":"publish","type":"post","link":"https:\/\/www.alqueria.es\/blogs\/alqueriaamarillanaranja\/2019\/05\/03\/celebramos-el-dia-de-la-cruz-2\/","title":{"rendered":"Celebramos el d\u00eda de la Cruz"},"content":{"rendered":"<p>Hola! Empezamos bailando \u00abEl lobo L\u00f3pez\u00bb que es una canci\u00f3n flamenquilla pero que hemos convertido en un juego de escondite con m\u00fasica flamenca de fondo.<\/p>\n<p>Despu\u00e9s del aseo y tomar la fruta nos vamos a recoger las habas, y ya se pod\u00eda escuchar la m\u00fasica en el jard\u00edn, \u00a1Los grupos de mayores ya estaban esper\u00e1ndonos! Hemos bailado, hemos comido muchas habas con saladillas y al final han jugado por todo el jard\u00edn.<\/p>\n<p><img decoding=\"async\" data-attachment-id=\"37348\" data-permalink=\"https:\/\/www.alqueria.es\/blogs\/alqueriaamarillanaranja\/2019\/05\/03\/celebramos-el-dia-de-la-cruz-2\/img_0686\/\" data-orig-file=\"https:\/\/cloud.alqueria.es\/wp-content\/uploads\/sites\/9\/2019\/05\/IMG_0686.jpg\" data-orig-size=\"1024,768\" data-comments-opened=\"1\" data-image-meta=\"{&quot;aperture&quot;:&quot;0&quot;,&quot;credit&quot;:&quot;&quot;,&quot;camera&quot;:&quot;&quot;,&quot;caption&quot;:&quot;&quot;,&quot;created_timestamp&quot;:&quot;0&quot;,&quot;copyright&quot;:&quot;&quot;,&quot;focal_length&quot;:&quot;0&quot;,&quot;iso&quot;:&quot;0&quot;,&quot;shutter_speed&quot;:&quot;0&quot;,&quot;title&quot;:&quot;&quot;,&quot;orientation&quot;:&quot;0&quot;}\" data-image-title=\"IMG_0686\" data-image-description=\"\" data-image-caption=\"\" data-large-file=\"https:\/\/cloud.alqueria.es\/wp-content\/uploads\/sites\/9\/2019\/05\/IMG_0686.jpg\" class=\"aligncenter size-medium wp-image-37348\" src=\"https:\/\/cloud.alqueria.es\/wp-content\/uploads\/sites\/9\/2019\/05\/IMG_0686.jpg\" alt=\"\" width=\"300\" height=\"225\" srcset=\"https:\/\/cloud.alqueria.es\/wp-content\/uploads\/sites\/9\/2019\/05\/IMG_0686.jpg 1024w, https:\/\/cloud.alqueria.es\/wp-content\/uploads\/sites\/9\/2019\/05\/IMG_0686.jpg 300w, https:\/\/cloud.alqueria.es\/wp-content\/uploads\/sites\/9\/2019\/05\/IMG_0686.jpg 768w\" sizes=\"(max-width: 300px) 100vw, 300px\" \/> <img decoding=\"async\" data-attachment-id=\"37349\" data-permalink=\"https:\/\/www.alqueria.es\/blogs\/alqueriaamarillanaranja\/2019\/05\/03\/celebramos-el-dia-de-la-cruz-2\/img_0687-2\/\" data-orig-file=\"https:\/\/cloud.alqueria.es\/wp-content\/uploads\/sites\/9\/2019\/05\/IMG_0687.jpg\" data-orig-size=\"1024,768\" data-comments-opened=\"1\" data-image-meta=\"{&quot;aperture&quot;:&quot;0&quot;,&quot;credit&quot;:&quot;&quot;,&quot;camera&quot;:&quot;&quot;,&quot;caption&quot;:&quot;&quot;,&quot;created_timestamp&quot;:&quot;0&quot;,&quot;copyright&quot;:&quot;&quot;,&quot;focal_length&quot;:&quot;0&quot;,&quot;iso&quot;:&quot;0&quot;,&quot;shutter_speed&quot;:&quot;0&quot;,&quot;title&quot;:&quot;&quot;,&quot;orientation&quot;:&quot;0&quot;}\" data-image-title=\"IMG_0687\" data-image-description=\"\" data-image-caption=\"\" data-large-file=\"https:\/\/cloud.alqueria.es\/wp-content\/uploads\/sites\/9\/2019\/05\/IMG_0687.jpg\" class=\"aligncenter size-medium wp-image-37349\" src=\"https:\/\/cloud.alqueria.es\/wp-content\/uploads\/sites\/9\/2019\/05\/IMG_0687.jpg\" alt=\"\" width=\"300\" height=\"225\" srcset=\"https:\/\/cloud.alqueria.es\/wp-content\/uploads\/sites\/9\/2019\/05\/IMG_0687.jpg 1024w, https:\/\/cloud.alqueria.es\/wp-content\/uploads\/sites\/9\/2019\/05\/IMG_0687.jpg 300w, https:\/\/cloud.alqueria.es\/wp-content\/uploads\/sites\/9\/2019\/05\/IMG_0687.jpg 768w\" sizes=\"(max-width: 300px) 100vw, 300px\" \/>Uno de mis mensajes al salir de clase ha sido \u00abhoy no vamos cogidos a la cuerda, tenemos que ir todos juntitos sin separarnos\u00bb y (m\u00e1s o menos) lo hemos conseguido.<\/p>\n<p>Feliz fin de semana.<\/p>\n<p>Matilde Hidalgo Huete.<\/p>\n","protected":false},"excerpt":{"rendered":"<p>Hola! Empezamos bailando \u00abEl lobo L\u00f3pez\u00bb que es una canci\u00f3n flamenquilla pero que hemos convertido en un juego de escondite con m\u00fasica flamenca de fondo. Despu\u00e9s del aseo y tomar la fruta nos vamos a recoger las habas, y ya se pod\u00eda escuchar la m\u00fasica en el jard\u00edn, \u00a1Los grupos de mayores ya estaban esper\u00e1ndonos! &hellip; <a href=\"https:\/\/www.alqueria.es\/blogs\/alqueriaamarillanaranja\/2019\/05\/03\/celebramos-el-dia-de-la-cruz-2\/\" class=\"more-link\">Seguir leyendo <span class=\"screen-reader-text\">Celebramos el d\u00eda de la Cruz<\/span> <span class=\"meta-nav\">&rarr;<\/span><\/a><\/p>\n","protected":false},"author":23,"featured_media":0,"comment_status":"open","ping_status":"open","sticky":false,"template":"","format":"standard","meta":{"jetpack_post_was_ever_published":false,"_jetpack_newsletter_access":"","_jetpack_dont_email_post_to_subs":false,"_jetpack_newsletter_tier_id":0,"_jetpack_memberships_contains_paywalled_content":false,"_jetpack_memberships_contains_paid_content":false,"footnotes":"","jetpack_publicize_message":"","jetpack_publicize_feature_enabled":true,"jetpack_social_post_already_shared":true,"jetpack_social_options":{"image_generator_settings":{"template":"highway","default_image_id":0,"font":"","enabled":false},"version":2}},"categories":[22,6,13,312,1],"tags":[142],"class_list":["post-37320","post","type-post","status-publish","format-standard","hentry","category-cancionero","category-clase-amarilla","category-fiestas-y-dias-de-significacion-especial","category-musica","category-sin-categoria","tag-primavera"],"jetpack_publicize_connections":[],"jetpack_featured_media_url":"","jetpack_sharing_enabled":true,"jetpack_shortlink":"https:\/\/wp.me\/p4lG08-9HW","jetpack-related-posts":[],"_links":{"self":[{"href":"https:\/\/www.alqueria.es\/blogs\/alqueriaamarillanaranja\/wp-json\/wp\/v2\/posts\/37320","targetHints":{"allow":["GET"]}}],"collection":[{"href":"https:\/\/www.alqueria.es\/blogs\/alqueriaamarillanaranja\/wp-json\/wp\/v2\/posts"}],"about":[{"href":"https:\/\/www.alqueria.es\/blogs\/alqueriaamarillanaranja\/wp-json\/wp\/v2\/types\/post"}],"author":[{"embeddable":true,"href":"https:\/\/www.alqueria.es\/blogs\/alqueriaamarillanaranja\/wp-json\/wp\/v2\/users\/23"}],"replies":[{"embeddable":true,"href":"https:\/\/www.alqueria.es\/blogs\/alqueriaamarillanaranja\/wp-json\/wp\/v2\/comments?post=37320"}],"version-history":[{"count":0,"href":"https:\/\/www.alqueria.es\/blogs\/alqueriaamarillanaranja\/wp-json\/wp\/v2\/posts\/37320\/revisions"}],"wp:attachment":[{"href":"https:\/\/www.alqueria.es\/blogs\/alqueriaamarillanaranja\/wp-json\/wp\/v2\/media?parent=37320"}],"wp:term":[{"taxonomy":"category","embeddable":true,"href":"https:\/\/www.alqueria.es\/blogs\/alqueriaamarillanaranja\/wp-json\/wp\/v2\/categories?post=37320"},{"taxonomy":"post_tag","embeddable":true,"href":"https:\/\/www.alqueria.es\/blogs\/alqueriaamarillanaranja\/wp-json\/wp\/v2\/tags?post=37320"}],"curies":[{"name":"wp","href":"https:\/\/api.w.org\/{rel}","templated":true}]}}