{"id":37870,"date":"2019-05-24T19:48:20","date_gmt":"2019-05-24T17:48:20","guid":{"rendered":"https:\/\/www.alqueria.es\/blogs\/alqueriaamarillanaranja\/?p=37870"},"modified":"2019-05-24T19:48:20","modified_gmt":"2019-05-24T17:48:20","slug":"cumpleanos-de-jaime-c","status":"publish","type":"post","link":"https:\/\/www.alqueria.es\/blogs\/alqueriaamarillanaranja\/2019\/05\/24\/cumpleanos-de-jaime-c\/","title":{"rendered":"CUMPLEA\u00d1OS DE JAIME C."},"content":{"rendered":"<p>Hola, hoy volvemos a celebrar un cumplea\u00f1os, el de Jaime Castillo.<\/p>\n<p>El grupo ha ido llegando poco a poco a clase y han faltado algunos amigos, adem\u00e1s el cole esta muy silencioso y es que la mayor\u00eda de grupos est\u00e1n de salida, solo quedamos la clase azul, amarilla, naranja y roja.<\/p>\n<p>En las despedida de la familia vuelven algunos lloros y es que las emociones siempre est\u00e1n presentes. Ponemos caras de contentos, de enfadados, mir\u00e1ndonos a un espejito de juguete. Como les gusta mucho el cartel de las emociones con sus fotos, nos sentamos en la asamblea m\u00e1s relajados y juegan colocando las fotos en los distintos vagones emocionales.<\/p>\n<p>Les propongo hacer el dibujo para regalarle a Jaime C, y les parece una buena idea,\u00a0 dibujan relajados\u00a0 y contentos en el suelo.<\/p>\n<p>Nos pintamos los labios \u00a1Y a celebrar el cumple!<\/p>\n<p data-wp-editing=\"1\"><img decoding=\"async\" data-attachment-id=\"37907\" data-permalink=\"https:\/\/www.alqueria.es\/blogs\/alqueriaamarillanaranja\/2019\/05\/24\/cumpleanos-de-jaime-c\/dsc000361-3\/\" data-orig-file=\"https:\/\/cloud.alqueria.es\/wp-content\/uploads\/sites\/9\/2019\/05\/DSC000361.jpg\" data-orig-size=\"1024,576\" data-comments-opened=\"1\" data-image-meta=\"{&quot;aperture&quot;:&quot;0&quot;,&quot;credit&quot;:&quot;&quot;,&quot;camera&quot;:&quot;&quot;,&quot;caption&quot;:&quot;&quot;,&quot;created_timestamp&quot;:&quot;0&quot;,&quot;copyright&quot;:&quot;&quot;,&quot;focal_length&quot;:&quot;0&quot;,&quot;iso&quot;:&quot;0&quot;,&quot;shutter_speed&quot;:&quot;0&quot;,&quot;title&quot;:&quot;&quot;,&quot;orientation&quot;:&quot;0&quot;}\" data-image-title=\"DSC000361\" data-image-description=\"\" data-image-caption=\"\" data-large-file=\"https:\/\/cloud.alqueria.es\/wp-content\/uploads\/sites\/9\/2019\/05\/DSC000361.jpg\" class=\"aligncenter size-medium wp-image-37907\" src=\"https:\/\/cloud.alqueria.es\/wp-content\/uploads\/sites\/9\/2019\/05\/DSC000361.jpg\" alt=\"\" width=\"300\" height=\"169\" srcset=\"https:\/\/cloud.alqueria.es\/wp-content\/uploads\/sites\/9\/2019\/05\/DSC000361.jpg 1024w, https:\/\/cloud.alqueria.es\/wp-content\/uploads\/sites\/9\/2019\/05\/DSC000361.jpg 300w, https:\/\/cloud.alqueria.es\/wp-content\/uploads\/sites\/9\/2019\/05\/DSC000361.jpg 768w\" sizes=\"(max-width: 300px) 100vw, 300px\" \/><\/p>\n<p data-wp-editing=\"1\"><img decoding=\"async\" data-attachment-id=\"37908\" data-permalink=\"https:\/\/www.alqueria.es\/blogs\/alqueriaamarillanaranja\/2019\/05\/24\/cumpleanos-de-jaime-c\/dsc000371-2\/\" data-orig-file=\"https:\/\/cloud.alqueria.es\/wp-content\/uploads\/sites\/9\/2019\/05\/DSC000371.jpg\" data-orig-size=\"1024,576\" data-comments-opened=\"1\" data-image-meta=\"{&quot;aperture&quot;:&quot;0&quot;,&quot;credit&quot;:&quot;&quot;,&quot;camera&quot;:&quot;&quot;,&quot;caption&quot;:&quot;&quot;,&quot;created_timestamp&quot;:&quot;0&quot;,&quot;copyright&quot;:&quot;&quot;,&quot;focal_length&quot;:&quot;0&quot;,&quot;iso&quot;:&quot;0&quot;,&quot;shutter_speed&quot;:&quot;0&quot;,&quot;title&quot;:&quot;&quot;,&quot;orientation&quot;:&quot;0&quot;}\" data-image-title=\"DSC000371\" data-image-description=\"\" data-image-caption=\"\" data-large-file=\"https:\/\/cloud.alqueria.es\/wp-content\/uploads\/sites\/9\/2019\/05\/DSC000371.jpg\" class=\"aligncenter size-medium wp-image-37908\" src=\"https:\/\/cloud.alqueria.es\/wp-content\/uploads\/sites\/9\/2019\/05\/DSC000371.jpg\" alt=\"\" width=\"300\" height=\"169\" srcset=\"https:\/\/cloud.alqueria.es\/wp-content\/uploads\/sites\/9\/2019\/05\/DSC000371.jpg 1024w, https:\/\/cloud.alqueria.es\/wp-content\/uploads\/sites\/9\/2019\/05\/DSC000371.jpg 300w, https:\/\/cloud.alqueria.es\/wp-content\/uploads\/sites\/9\/2019\/05\/DSC000371.jpg 768w\" sizes=\"(max-width: 300px) 100vw, 300px\" \/> <img decoding=\"async\" data-attachment-id=\"37909\" data-permalink=\"https:\/\/www.alqueria.es\/blogs\/alqueriaamarillanaranja\/2019\/05\/24\/cumpleanos-de-jaime-c\/dsc000381-2\/\" data-orig-file=\"https:\/\/cloud.alqueria.es\/wp-content\/uploads\/sites\/9\/2019\/05\/DSC000381.jpg\" data-orig-size=\"1024,576\" data-comments-opened=\"1\" data-image-meta=\"{&quot;aperture&quot;:&quot;0&quot;,&quot;credit&quot;:&quot;&quot;,&quot;camera&quot;:&quot;&quot;,&quot;caption&quot;:&quot;&quot;,&quot;created_timestamp&quot;:&quot;0&quot;,&quot;copyright&quot;:&quot;&quot;,&quot;focal_length&quot;:&quot;0&quot;,&quot;iso&quot;:&quot;0&quot;,&quot;shutter_speed&quot;:&quot;0&quot;,&quot;title&quot;:&quot;&quot;,&quot;orientation&quot;:&quot;0&quot;}\" data-image-title=\"DSC000381\" data-image-description=\"\" data-image-caption=\"\" data-large-file=\"https:\/\/cloud.alqueria.es\/wp-content\/uploads\/sites\/9\/2019\/05\/DSC000381.jpg\" class=\"aligncenter size-medium wp-image-37909\" src=\"https:\/\/cloud.alqueria.es\/wp-content\/uploads\/sites\/9\/2019\/05\/DSC000381.jpg\" alt=\"\" width=\"300\" height=\"169\" srcset=\"https:\/\/cloud.alqueria.es\/wp-content\/uploads\/sites\/9\/2019\/05\/DSC000381.jpg 1024w, https:\/\/cloud.alqueria.es\/wp-content\/uploads\/sites\/9\/2019\/05\/DSC000381.jpg 300w, https:\/\/cloud.alqueria.es\/wp-content\/uploads\/sites\/9\/2019\/05\/DSC000381.jpg 768w\" sizes=\"(max-width: 300px) 100vw, 300px\" \/> <img decoding=\"async\" data-attachment-id=\"37910\" data-permalink=\"https:\/\/www.alqueria.es\/blogs\/alqueriaamarillanaranja\/2019\/05\/24\/cumpleanos-de-jaime-c\/dsc000391\/\" data-orig-file=\"https:\/\/cloud.alqueria.es\/wp-content\/uploads\/sites\/9\/2019\/05\/DSC000391.jpg\" data-orig-size=\"1024,576\" data-comments-opened=\"1\" data-image-meta=\"{&quot;aperture&quot;:&quot;0&quot;,&quot;credit&quot;:&quot;&quot;,&quot;camera&quot;:&quot;&quot;,&quot;caption&quot;:&quot;&quot;,&quot;created_timestamp&quot;:&quot;0&quot;,&quot;copyright&quot;:&quot;&quot;,&quot;focal_length&quot;:&quot;0&quot;,&quot;iso&quot;:&quot;0&quot;,&quot;shutter_speed&quot;:&quot;0&quot;,&quot;title&quot;:&quot;&quot;,&quot;orientation&quot;:&quot;0&quot;}\" data-image-title=\"DSC000391\" data-image-description=\"\" data-image-caption=\"\" data-large-file=\"https:\/\/cloud.alqueria.es\/wp-content\/uploads\/sites\/9\/2019\/05\/DSC000391.jpg\" class=\"aligncenter size-medium wp-image-37910\" src=\"https:\/\/cloud.alqueria.es\/wp-content\/uploads\/sites\/9\/2019\/05\/DSC000391.jpg\" alt=\"\" width=\"300\" height=\"169\" srcset=\"https:\/\/cloud.alqueria.es\/wp-content\/uploads\/sites\/9\/2019\/05\/DSC000391.jpg 1024w, https:\/\/cloud.alqueria.es\/wp-content\/uploads\/sites\/9\/2019\/05\/DSC000391.jpg 300w, https:\/\/cloud.alqueria.es\/wp-content\/uploads\/sites\/9\/2019\/05\/DSC000391.jpg 768w\" sizes=\"(max-width: 300px) 100vw, 300px\" \/> <img decoding=\"async\" data-attachment-id=\"37911\" data-permalink=\"https:\/\/www.alqueria.es\/blogs\/alqueriaamarillanaranja\/2019\/05\/24\/cumpleanos-de-jaime-c\/dsc000401-2\/\" data-orig-file=\"https:\/\/cloud.alqueria.es\/wp-content\/uploads\/sites\/9\/2019\/05\/DSC000401.jpg\" data-orig-size=\"1024,576\" data-comments-opened=\"1\" data-image-meta=\"{&quot;aperture&quot;:&quot;0&quot;,&quot;credit&quot;:&quot;&quot;,&quot;camera&quot;:&quot;&quot;,&quot;caption&quot;:&quot;&quot;,&quot;created_timestamp&quot;:&quot;0&quot;,&quot;copyright&quot;:&quot;&quot;,&quot;focal_length&quot;:&quot;0&quot;,&quot;iso&quot;:&quot;0&quot;,&quot;shutter_speed&quot;:&quot;0&quot;,&quot;title&quot;:&quot;&quot;,&quot;orientation&quot;:&quot;0&quot;}\" data-image-title=\"DSC000401\" data-image-description=\"\" data-image-caption=\"\" data-large-file=\"https:\/\/cloud.alqueria.es\/wp-content\/uploads\/sites\/9\/2019\/05\/DSC000401.jpg\" class=\"aligncenter size-medium wp-image-37911\" src=\"https:\/\/cloud.alqueria.es\/wp-content\/uploads\/sites\/9\/2019\/05\/DSC000401.jpg\" alt=\"\" width=\"300\" height=\"169\" srcset=\"https:\/\/cloud.alqueria.es\/wp-content\/uploads\/sites\/9\/2019\/05\/DSC000401.jpg 1024w, https:\/\/cloud.alqueria.es\/wp-content\/uploads\/sites\/9\/2019\/05\/DSC000401.jpg 300w, https:\/\/cloud.alqueria.es\/wp-content\/uploads\/sites\/9\/2019\/05\/DSC000401.jpg 768w\" sizes=\"(max-width: 300px) 100vw, 300px\" \/> <img decoding=\"async\" data-attachment-id=\"37912\" data-permalink=\"https:\/\/www.alqueria.es\/blogs\/alqueriaamarillanaranja\/2019\/05\/24\/cumpleanos-de-jaime-c\/dsc000411-2\/\" data-orig-file=\"https:\/\/cloud.alqueria.es\/wp-content\/uploads\/sites\/9\/2019\/05\/DSC000411.jpg\" data-orig-size=\"1024,576\" data-comments-opened=\"1\" data-image-meta=\"{&quot;aperture&quot;:&quot;0&quot;,&quot;credit&quot;:&quot;&quot;,&quot;camera&quot;:&quot;&quot;,&quot;caption&quot;:&quot;&quot;,&quot;created_timestamp&quot;:&quot;0&quot;,&quot;copyright&quot;:&quot;&quot;,&quot;focal_length&quot;:&quot;0&quot;,&quot;iso&quot;:&quot;0&quot;,&quot;shutter_speed&quot;:&quot;0&quot;,&quot;title&quot;:&quot;&quot;,&quot;orientation&quot;:&quot;0&quot;}\" data-image-title=\"DSC000411\" data-image-description=\"\" data-image-caption=\"\" data-large-file=\"https:\/\/cloud.alqueria.es\/wp-content\/uploads\/sites\/9\/2019\/05\/DSC000411.jpg\" class=\"aligncenter size-medium wp-image-37912\" src=\"https:\/\/cloud.alqueria.es\/wp-content\/uploads\/sites\/9\/2019\/05\/DSC000411.jpg\" alt=\"\" width=\"300\" height=\"169\" srcset=\"https:\/\/cloud.alqueria.es\/wp-content\/uploads\/sites\/9\/2019\/05\/DSC000411.jpg 1024w, https:\/\/cloud.alqueria.es\/wp-content\/uploads\/sites\/9\/2019\/05\/DSC000411.jpg 300w, https:\/\/cloud.alqueria.es\/wp-content\/uploads\/sites\/9\/2019\/05\/DSC000411.jpg 768w\" sizes=\"(max-width: 300px) 100vw, 300px\" \/> <img decoding=\"async\" data-attachment-id=\"37913\" data-permalink=\"https:\/\/www.alqueria.es\/blogs\/alqueriaamarillanaranja\/2019\/05\/24\/cumpleanos-de-jaime-c\/dsc000421\/\" data-orig-file=\"https:\/\/cloud.alqueria.es\/wp-content\/uploads\/sites\/9\/2019\/05\/DSC000421.jpg\" data-orig-size=\"1024,576\" data-comments-opened=\"1\" data-image-meta=\"{&quot;aperture&quot;:&quot;0&quot;,&quot;credit&quot;:&quot;&quot;,&quot;camera&quot;:&quot;&quot;,&quot;caption&quot;:&quot;&quot;,&quot;created_timestamp&quot;:&quot;0&quot;,&quot;copyright&quot;:&quot;&quot;,&quot;focal_length&quot;:&quot;0&quot;,&quot;iso&quot;:&quot;0&quot;,&quot;shutter_speed&quot;:&quot;0&quot;,&quot;title&quot;:&quot;&quot;,&quot;orientation&quot;:&quot;0&quot;}\" data-image-title=\"DSC000421\" data-image-description=\"\" data-image-caption=\"\" data-large-file=\"https:\/\/cloud.alqueria.es\/wp-content\/uploads\/sites\/9\/2019\/05\/DSC000421.jpg\" class=\"aligncenter size-medium wp-image-37913\" src=\"https:\/\/cloud.alqueria.es\/wp-content\/uploads\/sites\/9\/2019\/05\/DSC000421.jpg\" alt=\"\" width=\"300\" height=\"169\" srcset=\"https:\/\/cloud.alqueria.es\/wp-content\/uploads\/sites\/9\/2019\/05\/DSC000421.jpg 1024w, https:\/\/cloud.alqueria.es\/wp-content\/uploads\/sites\/9\/2019\/05\/DSC000421.jpg 300w, https:\/\/cloud.alqueria.es\/wp-content\/uploads\/sites\/9\/2019\/05\/DSC000421.jpg 768w\" sizes=\"(max-width: 300px) 100vw, 300px\" \/> <img decoding=\"async\" data-attachment-id=\"37914\" data-permalink=\"https:\/\/www.alqueria.es\/blogs\/alqueriaamarillanaranja\/2019\/05\/24\/cumpleanos-de-jaime-c\/dsc000431\/\" data-orig-file=\"https:\/\/cloud.alqueria.es\/wp-content\/uploads\/sites\/9\/2019\/05\/DSC000431.jpg\" data-orig-size=\"1024,576\" data-comments-opened=\"1\" data-image-meta=\"{&quot;aperture&quot;:&quot;0&quot;,&quot;credit&quot;:&quot;&quot;,&quot;camera&quot;:&quot;&quot;,&quot;caption&quot;:&quot;&quot;,&quot;created_timestamp&quot;:&quot;0&quot;,&quot;copyright&quot;:&quot;&quot;,&quot;focal_length&quot;:&quot;0&quot;,&quot;iso&quot;:&quot;0&quot;,&quot;shutter_speed&quot;:&quot;0&quot;,&quot;title&quot;:&quot;&quot;,&quot;orientation&quot;:&quot;0&quot;}\" data-image-title=\"DSC000431\" data-image-description=\"\" data-image-caption=\"\" data-large-file=\"https:\/\/cloud.alqueria.es\/wp-content\/uploads\/sites\/9\/2019\/05\/DSC000431.jpg\" class=\"aligncenter size-medium wp-image-37914\" src=\"https:\/\/cloud.alqueria.es\/wp-content\/uploads\/sites\/9\/2019\/05\/DSC000431.jpg\" alt=\"\" width=\"300\" height=\"169\" srcset=\"https:\/\/cloud.alqueria.es\/wp-content\/uploads\/sites\/9\/2019\/05\/DSC000431.jpg 1024w, https:\/\/cloud.alqueria.es\/wp-content\/uploads\/sites\/9\/2019\/05\/DSC000431.jpg 300w, https:\/\/cloud.alqueria.es\/wp-content\/uploads\/sites\/9\/2019\/05\/DSC000431.jpg 768w\" sizes=\"(max-width: 300px) 100vw, 300px\" \/> <img decoding=\"async\" data-attachment-id=\"37915\" data-permalink=\"https:\/\/www.alqueria.es\/blogs\/alqueriaamarillanaranja\/2019\/05\/24\/cumpleanos-de-jaime-c\/dsc000441\/\" data-orig-file=\"https:\/\/cloud.alqueria.es\/wp-content\/uploads\/sites\/9\/2019\/05\/DSC000441.jpg\" data-orig-size=\"1024,576\" data-comments-opened=\"1\" data-image-meta=\"{&quot;aperture&quot;:&quot;0&quot;,&quot;credit&quot;:&quot;&quot;,&quot;camera&quot;:&quot;&quot;,&quot;caption&quot;:&quot;&quot;,&quot;created_timestamp&quot;:&quot;0&quot;,&quot;copyright&quot;:&quot;&quot;,&quot;focal_length&quot;:&quot;0&quot;,&quot;iso&quot;:&quot;0&quot;,&quot;shutter_speed&quot;:&quot;0&quot;,&quot;title&quot;:&quot;&quot;,&quot;orientation&quot;:&quot;0&quot;}\" data-image-title=\"DSC000441\" data-image-description=\"\" data-image-caption=\"\" data-large-file=\"https:\/\/cloud.alqueria.es\/wp-content\/uploads\/sites\/9\/2019\/05\/DSC000441.jpg\" class=\"aligncenter size-medium wp-image-37915\" src=\"https:\/\/cloud.alqueria.es\/wp-content\/uploads\/sites\/9\/2019\/05\/DSC000441.jpg\" alt=\"\" width=\"300\" height=\"169\" srcset=\"https:\/\/cloud.alqueria.es\/wp-content\/uploads\/sites\/9\/2019\/05\/DSC000441.jpg 1024w, https:\/\/cloud.alqueria.es\/wp-content\/uploads\/sites\/9\/2019\/05\/DSC000441.jpg 300w, https:\/\/cloud.alqueria.es\/wp-content\/uploads\/sites\/9\/2019\/05\/DSC000441.jpg 768w\" sizes=\"(max-width: 300px) 100vw, 300px\" \/> <img decoding=\"async\" data-attachment-id=\"37916\" data-permalink=\"https:\/\/www.alqueria.es\/blogs\/alqueriaamarillanaranja\/2019\/05\/24\/cumpleanos-de-jaime-c\/dsc000451-2\/\" data-orig-file=\"https:\/\/cloud.alqueria.es\/wp-content\/uploads\/sites\/9\/2019\/05\/DSC000451.jpg\" data-orig-size=\"1024,576\" data-comments-opened=\"1\" data-image-meta=\"{&quot;aperture&quot;:&quot;0&quot;,&quot;credit&quot;:&quot;&quot;,&quot;camera&quot;:&quot;&quot;,&quot;caption&quot;:&quot;&quot;,&quot;created_timestamp&quot;:&quot;0&quot;,&quot;copyright&quot;:&quot;&quot;,&quot;focal_length&quot;:&quot;0&quot;,&quot;iso&quot;:&quot;0&quot;,&quot;shutter_speed&quot;:&quot;0&quot;,&quot;title&quot;:&quot;&quot;,&quot;orientation&quot;:&quot;0&quot;}\" data-image-title=\"DSC000451\" data-image-description=\"\" data-image-caption=\"\" data-large-file=\"https:\/\/cloud.alqueria.es\/wp-content\/uploads\/sites\/9\/2019\/05\/DSC000451.jpg\" class=\"aligncenter size-medium wp-image-37916\" src=\"https:\/\/cloud.alqueria.es\/wp-content\/uploads\/sites\/9\/2019\/05\/DSC000451.jpg\" alt=\"\" width=\"300\" height=\"169\" srcset=\"https:\/\/cloud.alqueria.es\/wp-content\/uploads\/sites\/9\/2019\/05\/DSC000451.jpg 1024w, https:\/\/cloud.alqueria.es\/wp-content\/uploads\/sites\/9\/2019\/05\/DSC000451.jpg 300w, https:\/\/cloud.alqueria.es\/wp-content\/uploads\/sites\/9\/2019\/05\/DSC000451.jpg 768w\" sizes=\"(max-width: 300px) 100vw, 300px\" \/> <img decoding=\"async\" data-attachment-id=\"37917\" data-permalink=\"https:\/\/www.alqueria.es\/blogs\/alqueriaamarillanaranja\/2019\/05\/24\/cumpleanos-de-jaime-c\/dsc000461-2\/\" data-orig-file=\"https:\/\/cloud.alqueria.es\/wp-content\/uploads\/sites\/9\/2019\/05\/DSC000461.jpg\" data-orig-size=\"1024,576\" data-comments-opened=\"1\" data-image-meta=\"{&quot;aperture&quot;:&quot;0&quot;,&quot;credit&quot;:&quot;&quot;,&quot;camera&quot;:&quot;&quot;,&quot;caption&quot;:&quot;&quot;,&quot;created_timestamp&quot;:&quot;0&quot;,&quot;copyright&quot;:&quot;&quot;,&quot;focal_length&quot;:&quot;0&quot;,&quot;iso&quot;:&quot;0&quot;,&quot;shutter_speed&quot;:&quot;0&quot;,&quot;title&quot;:&quot;&quot;,&quot;orientation&quot;:&quot;0&quot;}\" data-image-title=\"DSC000461\" data-image-description=\"\" data-image-caption=\"\" data-large-file=\"https:\/\/cloud.alqueria.es\/wp-content\/uploads\/sites\/9\/2019\/05\/DSC000461.jpg\" class=\"aligncenter size-medium wp-image-37917\" src=\"https:\/\/cloud.alqueria.es\/wp-content\/uploads\/sites\/9\/2019\/05\/DSC000461.jpg\" alt=\"\" width=\"300\" height=\"169\" srcset=\"https:\/\/cloud.alqueria.es\/wp-content\/uploads\/sites\/9\/2019\/05\/DSC000461.jpg 1024w, https:\/\/cloud.alqueria.es\/wp-content\/uploads\/sites\/9\/2019\/05\/DSC000461.jpg 300w, https:\/\/cloud.alqueria.es\/wp-content\/uploads\/sites\/9\/2019\/05\/DSC000461.jpg 768w\" sizes=\"(max-width: 300px) 100vw, 300px\" \/> <img decoding=\"async\" data-attachment-id=\"37918\" data-permalink=\"https:\/\/www.alqueria.es\/blogs\/alqueriaamarillanaranja\/2019\/05\/24\/cumpleanos-de-jaime-c\/dsc000471-2\/\" data-orig-file=\"https:\/\/cloud.alqueria.es\/wp-content\/uploads\/sites\/9\/2019\/05\/DSC000471.jpg\" data-orig-size=\"1024,576\" data-comments-opened=\"1\" data-image-meta=\"{&quot;aperture&quot;:&quot;0&quot;,&quot;credit&quot;:&quot;&quot;,&quot;camera&quot;:&quot;&quot;,&quot;caption&quot;:&quot;&quot;,&quot;created_timestamp&quot;:&quot;0&quot;,&quot;copyright&quot;:&quot;&quot;,&quot;focal_length&quot;:&quot;0&quot;,&quot;iso&quot;:&quot;0&quot;,&quot;shutter_speed&quot;:&quot;0&quot;,&quot;title&quot;:&quot;&quot;,&quot;orientation&quot;:&quot;0&quot;}\" data-image-title=\"DSC000471\" data-image-description=\"\" data-image-caption=\"\" data-large-file=\"https:\/\/cloud.alqueria.es\/wp-content\/uploads\/sites\/9\/2019\/05\/DSC000471.jpg\" class=\"aligncenter size-medium wp-image-37918\" src=\"https:\/\/cloud.alqueria.es\/wp-content\/uploads\/sites\/9\/2019\/05\/DSC000471.jpg\" alt=\"\" width=\"300\" height=\"169\" srcset=\"https:\/\/cloud.alqueria.es\/wp-content\/uploads\/sites\/9\/2019\/05\/DSC000471.jpg 1024w, https:\/\/cloud.alqueria.es\/wp-content\/uploads\/sites\/9\/2019\/05\/DSC000471.jpg 300w, https:\/\/cloud.alqueria.es\/wp-content\/uploads\/sites\/9\/2019\/05\/DSC000471.jpg 768w\" sizes=\"(max-width: 300px) 100vw, 300px\" \/> <img decoding=\"async\" data-attachment-id=\"37919\" data-permalink=\"https:\/\/www.alqueria.es\/blogs\/alqueriaamarillanaranja\/2019\/05\/24\/cumpleanos-de-jaime-c\/dsc000481\/\" data-orig-file=\"https:\/\/cloud.alqueria.es\/wp-content\/uploads\/sites\/9\/2019\/05\/DSC000481.jpg\" data-orig-size=\"1024,576\" data-comments-opened=\"1\" data-image-meta=\"{&quot;aperture&quot;:&quot;0&quot;,&quot;credit&quot;:&quot;&quot;,&quot;camera&quot;:&quot;&quot;,&quot;caption&quot;:&quot;&quot;,&quot;created_timestamp&quot;:&quot;0&quot;,&quot;copyright&quot;:&quot;&quot;,&quot;focal_length&quot;:&quot;0&quot;,&quot;iso&quot;:&quot;0&quot;,&quot;shutter_speed&quot;:&quot;0&quot;,&quot;title&quot;:&quot;&quot;,&quot;orientation&quot;:&quot;0&quot;}\" data-image-title=\"DSC000481\" data-image-description=\"\" data-image-caption=\"\" data-large-file=\"https:\/\/cloud.alqueria.es\/wp-content\/uploads\/sites\/9\/2019\/05\/DSC000481.jpg\" class=\"aligncenter size-medium wp-image-37919\" src=\"https:\/\/cloud.alqueria.es\/wp-content\/uploads\/sites\/9\/2019\/05\/DSC000481.jpg\" alt=\"\" width=\"300\" height=\"169\" srcset=\"https:\/\/cloud.alqueria.es\/wp-content\/uploads\/sites\/9\/2019\/05\/DSC000481.jpg 1024w, https:\/\/cloud.alqueria.es\/wp-content\/uploads\/sites\/9\/2019\/05\/DSC000481.jpg 300w, https:\/\/cloud.alqueria.es\/wp-content\/uploads\/sites\/9\/2019\/05\/DSC000481.jpg 768w\" sizes=\"(max-width: 300px) 100vw, 300px\" \/> <img decoding=\"async\" data-attachment-id=\"37920\" data-permalink=\"https:\/\/www.alqueria.es\/blogs\/alqueriaamarillanaranja\/2019\/05\/24\/cumpleanos-de-jaime-c\/dsc000491\/\" data-orig-file=\"https:\/\/cloud.alqueria.es\/wp-content\/uploads\/sites\/9\/2019\/05\/DSC000491.jpg\" data-orig-size=\"1024,576\" data-comments-opened=\"1\" data-image-meta=\"{&quot;aperture&quot;:&quot;0&quot;,&quot;credit&quot;:&quot;&quot;,&quot;camera&quot;:&quot;&quot;,&quot;caption&quot;:&quot;&quot;,&quot;created_timestamp&quot;:&quot;0&quot;,&quot;copyright&quot;:&quot;&quot;,&quot;focal_length&quot;:&quot;0&quot;,&quot;iso&quot;:&quot;0&quot;,&quot;shutter_speed&quot;:&quot;0&quot;,&quot;title&quot;:&quot;&quot;,&quot;orientation&quot;:&quot;0&quot;}\" data-image-title=\"DSC000491\" data-image-description=\"\" data-image-caption=\"\" data-large-file=\"https:\/\/cloud.alqueria.es\/wp-content\/uploads\/sites\/9\/2019\/05\/DSC000491.jpg\" class=\"aligncenter size-medium wp-image-37920\" src=\"https:\/\/cloud.alqueria.es\/wp-content\/uploads\/sites\/9\/2019\/05\/DSC000491.jpg\" alt=\"\" width=\"300\" height=\"169\" srcset=\"https:\/\/cloud.alqueria.es\/wp-content\/uploads\/sites\/9\/2019\/05\/DSC000491.jpg 1024w, https:\/\/cloud.alqueria.es\/wp-content\/uploads\/sites\/9\/2019\/05\/DSC000491.jpg 300w, https:\/\/cloud.alqueria.es\/wp-content\/uploads\/sites\/9\/2019\/05\/DSC000491.jpg 768w\" sizes=\"(max-width: 300px) 100vw, 300px\" \/><\/p>\n<p data-wp-editing=\"1\">A disfrutar el fin de semana.<\/p>\n<p data-wp-editing=\"1\">Hasta el lunes.<\/p>\n<p data-wp-editing=\"1\">Matilde Hidalgo.<\/p>\n","protected":false},"excerpt":{"rendered":"<p>Hola, hoy volvemos a celebrar un cumplea\u00f1os, el de Jaime Castillo. El grupo ha ido llegando poco a poco a clase y han faltado algunos amigos, adem\u00e1s el cole esta muy silencioso y es que la mayor\u00eda de grupos est\u00e1n de salida, solo quedamos la clase azul, amarilla, naranja y roja. En las despedida de &hellip; <a href=\"https:\/\/www.alqueria.es\/blogs\/alqueriaamarillanaranja\/2019\/05\/24\/cumpleanos-de-jaime-c\/\" class=\"more-link\">Seguir leyendo <span class=\"screen-reader-text\">CUMPLEA\u00d1OS DE JAIME C.<\/span> <span class=\"meta-nav\">&rarr;<\/span><\/a><\/p>\n","protected":false},"author":23,"featured_media":0,"comment_status":"open","ping_status":"open","sticky":false,"template":"","format":"standard","meta":{"jetpack_post_was_ever_published":false,"_jetpack_newsletter_access":"","_jetpack_dont_email_post_to_subs":false,"_jetpack_newsletter_tier_id":0,"_jetpack_memberships_contains_paywalled_content":false,"_jetpack_memberships_contains_paid_content":false,"footnotes":"","jetpack_publicize_message":"","jetpack_publicize_feature_enabled":true,"jetpack_social_post_already_shared":true,"jetpack_social_options":{"image_generator_settings":{"template":"highway","default_image_id":0,"font":"","enabled":false},"version":2}},"categories":[6,9],"tags":[47],"class_list":["post-37870","post","type-post","status-publish","format-standard","hentry","category-clase-amarilla","category-diario-clase-amarilla","tag-educacion-emocional"],"jetpack_publicize_connections":[],"jetpack_featured_media_url":"","jetpack_sharing_enabled":true,"jetpack_shortlink":"https:\/\/wp.me\/p4lG08-9QO","jetpack-related-posts":[],"_links":{"self":[{"href":"https:\/\/www.alqueria.es\/blogs\/alqueriaamarillanaranja\/wp-json\/wp\/v2\/posts\/37870","targetHints":{"allow":["GET"]}}],"collection":[{"href":"https:\/\/www.alqueria.es\/blogs\/alqueriaamarillanaranja\/wp-json\/wp\/v2\/posts"}],"about":[{"href":"https:\/\/www.alqueria.es\/blogs\/alqueriaamarillanaranja\/wp-json\/wp\/v2\/types\/post"}],"author":[{"embeddable":true,"href":"https:\/\/www.alqueria.es\/blogs\/alqueriaamarillanaranja\/wp-json\/wp\/v2\/users\/23"}],"replies":[{"embeddable":true,"href":"https:\/\/www.alqueria.es\/blogs\/alqueriaamarillanaranja\/wp-json\/wp\/v2\/comments?post=37870"}],"version-history":[{"count":0,"href":"https:\/\/www.alqueria.es\/blogs\/alqueriaamarillanaranja\/wp-json\/wp\/v2\/posts\/37870\/revisions"}],"wp:attachment":[{"href":"https:\/\/www.alqueria.es\/blogs\/alqueriaamarillanaranja\/wp-json\/wp\/v2\/media?parent=37870"}],"wp:term":[{"taxonomy":"category","embeddable":true,"href":"https:\/\/www.alqueria.es\/blogs\/alqueriaamarillanaranja\/wp-json\/wp\/v2\/categories?post=37870"},{"taxonomy":"post_tag","embeddable":true,"href":"https:\/\/www.alqueria.es\/blogs\/alqueriaamarillanaranja\/wp-json\/wp\/v2\/tags?post=37870"}],"curies":[{"name":"wp","href":"https:\/\/api.w.org\/{rel}","templated":true}]}}