{"id":38245,"date":"2019-06-17T23:07:34","date_gmt":"2019-06-17T21:07:34","guid":{"rendered":"http:\/\/www.alqueria.es\/blogs\/alqueriaamarillanaranja\/?p=38245"},"modified":"2019-06-17T23:07:34","modified_gmt":"2019-06-17T21:07:34","slug":"nos-vamos-de-vacaciones-2","status":"publish","type":"post","link":"https:\/\/www.alqueria.es\/blogs\/alqueriaamarillanaranja\/2019\/06\/17\/nos-vamos-de-vacaciones-2\/","title":{"rendered":"\u00a1nos vamos de VACACIONES!"},"content":{"rendered":"<p style=\"text-align: center\"><span style=\"color: #ffff00\">\u00a1Ahora si que nos vamos de vacaciones!<\/span><\/p>\n<p>Para m\u00ed ha sido un placer como tutora compartir con vosotros, y con mis naranjitas, tantas experiencias y momentos especiales.\u00a0 \u00a1Han crecido tanto! Juntos hemos vivido como han desarrollado habilidades nuevas y emocionantes. \u00a1Qu\u00e9 edad tan bonita! y \u00a1c\u00f3mo los voy a echar de menos!!!!!<\/p>\n<p>Solo puedo decir que este a\u00f1o\u00a0 ha sido muy especial para m\u00ed, he disfrutado junto a mis peque\u00f1os de muchos momentos entra\u00f1ables \u00a0que no olvidar\u00e9. Tengo que agradecer, vuestra implicaci\u00f3n y colaboraci\u00f3n como familias. \u00a1Hemos disfrutado todos! <span style=\"color: #ffff00\">GRACIAS.<\/span><\/p>\n<p>Decimos adi\u00f3s a una etapa, en septiembre comenzar\u00e1 una nueva en la clase roja donde podremos seguir enriqueci\u00e9ndonos los unos de los otros.<\/p>\n<p><img decoding=\"async\" data-attachment-id=\"38246\" data-permalink=\"https:\/\/www.alqueria.es\/blogs\/alqueriaamarillanaranja\/2019\/06\/17\/nos-vamos-de-vacaciones-2\/screenshot_20190617-2245162\/\" data-orig-file=\"https:\/\/cloud.alqueria.es\/wp-content\/uploads\/sites\/9\/2019\/06\/Screenshot_20190617-2245162.png\" data-orig-size=\"1024,916\" data-comments-opened=\"1\" data-image-meta=\"{&quot;aperture&quot;:&quot;0&quot;,&quot;credit&quot;:&quot;&quot;,&quot;camera&quot;:&quot;&quot;,&quot;caption&quot;:&quot;&quot;,&quot;created_timestamp&quot;:&quot;0&quot;,&quot;copyright&quot;:&quot;&quot;,&quot;focal_length&quot;:&quot;0&quot;,&quot;iso&quot;:&quot;0&quot;,&quot;shutter_speed&quot;:&quot;0&quot;,&quot;title&quot;:&quot;&quot;,&quot;orientation&quot;:&quot;0&quot;}\" data-image-title=\"Screenshot_20190617-224516~2\" data-image-description=\"\" data-image-caption=\"\" data-large-file=\"https:\/\/cloud.alqueria.es\/wp-content\/uploads\/sites\/9\/2019\/06\/Screenshot_20190617-2245162-1024x916.png\" class=\"aligncenter size-medium wp-image-38246\" src=\"https:\/\/cloud.alqueria.es\/wp-content\/uploads\/sites\/9\/2019\/06\/Screenshot_20190617-2245162.png\" alt=\"\" width=\"300\" height=\"268\" srcset=\"https:\/\/cloud.alqueria.es\/wp-content\/uploads\/sites\/9\/2019\/06\/Screenshot_20190617-2245162.png 1024w, https:\/\/cloud.alqueria.es\/wp-content\/uploads\/sites\/9\/2019\/06\/Screenshot_20190617-2245162.png 300w, https:\/\/cloud.alqueria.es\/wp-content\/uploads\/sites\/9\/2019\/06\/Screenshot_20190617-2245162.png 768w\" sizes=\"(max-width: 300px) 100vw, 300px\" \/>\u00a1Disfrutad del verano ! Besos.<\/p>\n<p>Silvia.<\/p>\n<p>&nbsp;<\/p>\n","protected":false},"excerpt":{"rendered":"<p>\u00a1Ahora si que nos vamos de vacaciones! Para m\u00ed ha sido un placer como tutora compartir con vosotros, y con mis naranjitas, tantas experiencias y momentos especiales.\u00a0 \u00a1Han crecido tanto! Juntos hemos vivido como han desarrollado habilidades nuevas y emocionantes. \u00a1Qu\u00e9 edad tan bonita! y \u00a1c\u00f3mo los voy a echar de menos!!!!! Solo puedo decir &hellip; <a href=\"https:\/\/www.alqueria.es\/blogs\/alqueriaamarillanaranja\/2019\/06\/17\/nos-vamos-de-vacaciones-2\/\" class=\"more-link\">Seguir leyendo <span class=\"screen-reader-text\">\u00a1nos vamos de VACACIONES!<\/span> <span class=\"meta-nav\">&rarr;<\/span><\/a><\/p>\n","protected":false},"author":23,"featured_media":0,"comment_status":"open","ping_status":"open","sticky":false,"template":"","format":"standard","meta":{"jetpack_post_was_ever_published":false,"_jetpack_newsletter_access":"","_jetpack_dont_email_post_to_subs":false,"_jetpack_newsletter_tier_id":0,"_jetpack_memberships_contains_paywalled_content":false,"_jetpack_memberships_contains_paid_content":false,"footnotes":"","jetpack_publicize_message":"","jetpack_publicize_feature_enabled":true,"jetpack_social_post_already_shared":true,"jetpack_social_options":{"image_generator_settings":{"template":"highway","default_image_id":0,"font":"","enabled":false},"version":2}},"categories":[1],"tags":[],"class_list":["post-38245","post","type-post","status-publish","format-standard","hentry","category-sin-categoria"],"jetpack_publicize_connections":[],"jetpack_featured_media_url":"","jetpack_sharing_enabled":true,"jetpack_shortlink":"https:\/\/wp.me\/p4lG08-9WR","jetpack-related-posts":[],"_links":{"self":[{"href":"https:\/\/www.alqueria.es\/blogs\/alqueriaamarillanaranja\/wp-json\/wp\/v2\/posts\/38245","targetHints":{"allow":["GET"]}}],"collection":[{"href":"https:\/\/www.alqueria.es\/blogs\/alqueriaamarillanaranja\/wp-json\/wp\/v2\/posts"}],"about":[{"href":"https:\/\/www.alqueria.es\/blogs\/alqueriaamarillanaranja\/wp-json\/wp\/v2\/types\/post"}],"author":[{"embeddable":true,"href":"https:\/\/www.alqueria.es\/blogs\/alqueriaamarillanaranja\/wp-json\/wp\/v2\/users\/23"}],"replies":[{"embeddable":true,"href":"https:\/\/www.alqueria.es\/blogs\/alqueriaamarillanaranja\/wp-json\/wp\/v2\/comments?post=38245"}],"version-history":[{"count":0,"href":"https:\/\/www.alqueria.es\/blogs\/alqueriaamarillanaranja\/wp-json\/wp\/v2\/posts\/38245\/revisions"}],"wp:attachment":[{"href":"https:\/\/www.alqueria.es\/blogs\/alqueriaamarillanaranja\/wp-json\/wp\/v2\/media?parent=38245"}],"wp:term":[{"taxonomy":"category","embeddable":true,"href":"https:\/\/www.alqueria.es\/blogs\/alqueriaamarillanaranja\/wp-json\/wp\/v2\/categories?post=38245"},{"taxonomy":"post_tag","embeddable":true,"href":"https:\/\/www.alqueria.es\/blogs\/alqueriaamarillanaranja\/wp-json\/wp\/v2\/tags?post=38245"}],"curies":[{"name":"wp","href":"https:\/\/api.w.org\/{rel}","templated":true}]}}