{"id":39218,"date":"2019-10-18T18:23:41","date_gmt":"2019-10-18T16:23:41","guid":{"rendered":"http:\/\/www.alqueria.es\/blogs\/alqueriaamarillanaranja\/?p=39218"},"modified":"2019-10-18T18:23:41","modified_gmt":"2019-10-18T16:23:41","slug":"seguimos-aqui","status":"publish","type":"post","link":"https:\/\/www.alqueria.es\/blogs\/alqueriaamarillanaranja\/2019\/10\/18\/seguimos-aqui\/","title":{"rendered":"\u00a1Seguimos aqu\u00ed!"},"content":{"rendered":"<p>Hola, buenas tardes, hemos tenido una aver\u00eda en internet y no he subido las fotillos y la informaci\u00f3n diaria; pero como cada d\u00eda nos vemos e intercambiamos la informaci\u00f3n, todo ha seguido agradablemente bien.<\/p>\n<p>Estas fotos son del taller de masa de pan que hicimos el jueves donde se lo pasaron muy bien, hicieron: barras, roscas y hasta una pizza; aunque pronto se volvio amasar y se hizo con todo una bola.<\/p>\n<p class=\"jetpack-slideshow-noscript robots-nocontent\">El pase de diapositivas requiere JavaScript.<\/p><div id=\"gallery-39218-1-slideshow\" class=\"jetpack-slideshow-window jetpack-slideshow jetpack-slideshow-black\" data-trans=\"fade\" data-autostart=\"1\" data-gallery=\"[{&quot;src&quot;:&quot;https:\\\/\\\/cloud.alqueria.es\\\/wp-content\\\/uploads\\\/sites\\\/9\\\/2019\\\/10\\\/IMG_20191017_102033-577x1024.jpg&quot;,&quot;id&quot;:&quot;39228&quot;,&quot;title&quot;:&quot;dav&quot;,&quot;alt&quot;:&quot;&quot;,&quot;caption&quot;:&quot;dav&quot;,&quot;itemprop&quot;:&quot;image&quot;},{&quot;src&quot;:&quot;https:\\\/\\\/cloud.alqueria.es\\\/wp-content\\\/uploads\\\/sites\\\/9\\\/2019\\\/10\\\/IMG_20191017_102126-1024x577.jpg&quot;,&quot;id&quot;:&quot;39229&quot;,&quot;title&quot;:&quot;dav&quot;,&quot;alt&quot;:&quot;&quot;,&quot;caption&quot;:&quot;dav&quot;,&quot;itemprop&quot;:&quot;image&quot;},{&quot;src&quot;:&quot;https:\\\/\\\/cloud.alqueria.es\\\/wp-content\\\/uploads\\\/sites\\\/9\\\/2019\\\/10\\\/IMG_20191017_101924-1024x577.jpg&quot;,&quot;id&quot;:&quot;39227&quot;,&quot;title&quot;:&quot;dav&quot;,&quot;alt&quot;:&quot;&quot;,&quot;caption&quot;:&quot;dav&quot;,&quot;itemprop&quot;:&quot;image&quot;}]\" itemscope itemtype=\"https:\/\/schema.org\/ImageGallery\"><\/div>\n<p>Ahora ha llegado la moda de los sombreros de cubo, los hay de todos los colores.<\/p>\n<p><img decoding=\"async\" data-attachment-id=\"39233\" data-permalink=\"https:\/\/www.alqueria.es\/blogs\/alqueriaamarillanaranja\/2019\/10\/18\/seguimos-aqui\/dav-74\/\" data-orig-file=\"https:\/\/cloud.alqueria.es\/wp-content\/uploads\/sites\/9\/2019\/10\/IMG_20191017_113633.jpg\" data-orig-size=\"1024,577\" data-comments-opened=\"1\" data-image-meta=\"{&quot;aperture&quot;:&quot;0&quot;,&quot;credit&quot;:&quot;&quot;,&quot;camera&quot;:&quot;PRA-LX1&quot;,&quot;caption&quot;:&quot;dav&quot;,&quot;created_timestamp&quot;:&quot;0&quot;,&quot;copyright&quot;:&quot;&quot;,&quot;focal_length&quot;:&quot;0&quot;,&quot;iso&quot;:&quot;0&quot;,&quot;shutter_speed&quot;:&quot;0&quot;,&quot;title&quot;:&quot;dav&quot;,&quot;orientation&quot;:&quot;0&quot;}\" data-image-title=\"dav\" data-image-description=\"\" data-image-caption=\"&lt;p&gt;dav&lt;\/p&gt;\n\" data-large-file=\"https:\/\/cloud.alqueria.es\/wp-content\/uploads\/sites\/9\/2019\/10\/IMG_20191017_113633-1024x577.jpg\" class=\"aligncenter wp-image-39233 size-medium\" src=\"https:\/\/cloud.alqueria.es\/wp-content\/uploads\/sites\/9\/2019\/10\/IMG_20191017_113633.jpg\" alt=\"\" width=\"300\" height=\"169\" srcset=\"https:\/\/cloud.alqueria.es\/wp-content\/uploads\/sites\/9\/2019\/10\/IMG_20191017_113633.jpg 1024w, https:\/\/cloud.alqueria.es\/wp-content\/uploads\/sites\/9\/2019\/10\/IMG_20191017_113633.jpg 300w, https:\/\/cloud.alqueria.es\/wp-content\/uploads\/sites\/9\/2019\/10\/IMG_20191017_113633.jpg 768w\" sizes=\"(max-width: 300px) 100vw, 300px\" \/><\/p>\n<p>Hoy han elegido jugar a los castillos, el barco, los cumplea\u00f1os y a pintar. Parece que est\u00e1n en una gymkhana, van pasando de un juego a otro de una forma tan natural que parece organizado. Hoy ten\u00edan mucha gracia porque adem\u00e1s estaban canturreando; es que la m\u00fasica nos acompa\u00f1a durante bastante tiempo de la jornada.<\/p>\n<p class=\"jetpack-slideshow-noscript robots-nocontent\">El pase de diapositivas requiere JavaScript.<\/p><div id=\"gallery-39218-2-slideshow\" class=\"jetpack-slideshow-window jetpack-slideshow jetpack-slideshow-black\" data-trans=\"fade\" data-autostart=\"1\" data-gallery=\"[{&quot;src&quot;:&quot;https:\\\/\\\/cloud.alqueria.es\\\/wp-content\\\/uploads\\\/sites\\\/9\\\/2019\\\/10\\\/IMG_20191018_093452-1024x577.jpg&quot;,&quot;id&quot;:&quot;39236&quot;,&quot;title&quot;:&quot;dav&quot;,&quot;alt&quot;:&quot;&quot;,&quot;caption&quot;:&quot;dav&quot;,&quot;itemprop&quot;:&quot;image&quot;},{&quot;src&quot;:&quot;https:\\\/\\\/cloud.alqueria.es\\\/wp-content\\\/uploads\\\/sites\\\/9\\\/2019\\\/10\\\/IMG_20191018_094057-1024x577.jpg&quot;,&quot;id&quot;:&quot;39237&quot;,&quot;title&quot;:&quot;dav&quot;,&quot;alt&quot;:&quot;&quot;,&quot;caption&quot;:&quot;dav&quot;,&quot;itemprop&quot;:&quot;image&quot;},{&quot;src&quot;:&quot;https:\\\/\\\/cloud.alqueria.es\\\/wp-content\\\/uploads\\\/sites\\\/9\\\/2019\\\/10\\\/IMG_20191018_094112-1024x577.jpg&quot;,&quot;id&quot;:&quot;39238&quot;,&quot;title&quot;:&quot;sdr&quot;,&quot;alt&quot;:&quot;&quot;,&quot;caption&quot;:&quot;sdr&quot;,&quot;itemprop&quot;:&quot;image&quot;},{&quot;src&quot;:&quot;https:\\\/\\\/cloud.alqueria.es\\\/wp-content\\\/uploads\\\/sites\\\/9\\\/2019\\\/10\\\/IMG_20191018_094139-1024x577.jpg&quot;,&quot;id&quot;:&quot;39239&quot;,&quot;title&quot;:&quot;sdr&quot;,&quot;alt&quot;:&quot;&quot;,&quot;caption&quot;:&quot;sdr&quot;,&quot;itemprop&quot;:&quot;image&quot;},{&quot;src&quot;:&quot;https:\\\/\\\/cloud.alqueria.es\\\/wp-content\\\/uploads\\\/sites\\\/9\\\/2019\\\/10\\\/IMG_20191018_100827-577x1024.jpg&quot;,&quot;id&quot;:&quot;39240&quot;,&quot;title&quot;:&quot;dav&quot;,&quot;alt&quot;:&quot;&quot;,&quot;caption&quot;:&quot;dav&quot;,&quot;itemprop&quot;:&quot;image&quot;},{&quot;src&quot;:&quot;https:\\\/\\\/cloud.alqueria.es\\\/wp-content\\\/uploads\\\/sites\\\/9\\\/2019\\\/10\\\/IMG_20191018_100832-577x1024.jpg&quot;,&quot;id&quot;:&quot;39241&quot;,&quot;title&quot;:&quot;dav&quot;,&quot;alt&quot;:&quot;&quot;,&quot;caption&quot;:&quot;dav&quot;,&quot;itemprop&quot;:&quot;image&quot;},{&quot;src&quot;:&quot;https:\\\/\\\/cloud.alqueria.es\\\/wp-content\\\/uploads\\\/sites\\\/9\\\/2019\\\/10\\\/IMG_20191018_100922-577x1024.jpg&quot;,&quot;id&quot;:&quot;39242&quot;,&quot;title&quot;:&quot;sdr&quot;,&quot;alt&quot;:&quot;&quot;,&quot;caption&quot;:&quot;sdr&quot;,&quot;itemprop&quot;:&quot;image&quot;},{&quot;src&quot;:&quot;https:\\\/\\\/cloud.alqueria.es\\\/wp-content\\\/uploads\\\/sites\\\/9\\\/2019\\\/10\\\/IMG_20191018_101008-577x1024.jpg&quot;,&quot;id&quot;:&quot;39243&quot;,&quot;title&quot;:&quot;dav&quot;,&quot;alt&quot;:&quot;&quot;,&quot;caption&quot;:&quot;dav&quot;,&quot;itemprop&quot;:&quot;image&quot;},{&quot;src&quot;:&quot;https:\\\/\\\/cloud.alqueria.es\\\/wp-content\\\/uploads\\\/sites\\\/9\\\/2019\\\/10\\\/IMG_20191018_101059-1024x577.jpg&quot;,&quot;id&quot;:&quot;39244&quot;,&quot;title&quot;:&quot;dav&quot;,&quot;alt&quot;:&quot;&quot;,&quot;caption&quot;:&quot;dav&quot;,&quot;itemprop&quot;:&quot;image&quot;},{&quot;src&quot;:&quot;https:\\\/\\\/cloud.alqueria.es\\\/wp-content\\\/uploads\\\/sites\\\/9\\\/2019\\\/10\\\/IMG_20191018_101106-1024x577.jpg&quot;,&quot;id&quot;:&quot;39245&quot;,&quot;title&quot;:&quot;dav&quot;,&quot;alt&quot;:&quot;&quot;,&quot;caption&quot;:&quot;dav&quot;,&quot;itemprop&quot;:&quot;image&quot;},{&quot;src&quot;:&quot;https:\\\/\\\/cloud.alqueria.es\\\/wp-content\\\/uploads\\\/sites\\\/9\\\/2019\\\/10\\\/IMG_20191018_101207-1024x577.jpg&quot;,&quot;id&quot;:&quot;39246&quot;,&quot;title&quot;:&quot;sdr&quot;,&quot;alt&quot;:&quot;&quot;,&quot;caption&quot;:&quot;sdr&quot;,&quot;itemprop&quot;:&quot;image&quot;},{&quot;src&quot;:&quot;https:\\\/\\\/cloud.alqueria.es\\\/wp-content\\\/uploads\\\/sites\\\/9\\\/2019\\\/10\\\/IMG_20191018_102518-1024x577.jpg&quot;,&quot;id&quot;:&quot;39247&quot;,&quot;title&quot;:&quot;sdr&quot;,&quot;alt&quot;:&quot;&quot;,&quot;caption&quot;:&quot;sdr&quot;,&quot;itemprop&quot;:&quot;image&quot;}]\" itemscope itemtype=\"https:\/\/schema.org\/ImageGallery\"><\/div>\n<p>En el aseo hay una cesta con cuentos y en esos momentos de espera les gusta tener sus historias para mirar las im\u00e1genes, yo les cuento, o m\u00e1s bien les dramatizo, cuentos; en la asamblea les he propuesto que vamos a leer todos los d\u00edas un cuento, les ha parecido buena idea, hoy les leo \u00abCuando soy amable\u00bb y es que al contarles un cuento podemos lograr que entiendan las cosas con mas rapidez, se estimule su memoria y sus ganas de expresarse. Os recomiendo un cuento antes de irse a dormir da rienda suelta a su imaginaci\u00f3n y que aprendan mientras duermen.<\/p>\n<figure id=\"attachment_39248\" aria-describedby=\"caption-attachment-39248\" style=\"width: 300px\" class=\"wp-caption aligncenter\"><img decoding=\"async\" data-attachment-id=\"39248\" data-permalink=\"https:\/\/www.alqueria.es\/blogs\/alqueriaamarillanaranja\/2019\/10\/18\/seguimos-aqui\/dav-83\/\" data-orig-file=\"https:\/\/cloud.alqueria.es\/wp-content\/uploads\/sites\/9\/2019\/10\/IMG_20191018_102954.jpg\" data-orig-size=\"1024,577\" data-comments-opened=\"1\" data-image-meta=\"{&quot;aperture&quot;:&quot;0&quot;,&quot;credit&quot;:&quot;&quot;,&quot;camera&quot;:&quot;PRA-LX1&quot;,&quot;caption&quot;:&quot;dav&quot;,&quot;created_timestamp&quot;:&quot;0&quot;,&quot;copyright&quot;:&quot;&quot;,&quot;focal_length&quot;:&quot;0&quot;,&quot;iso&quot;:&quot;0&quot;,&quot;shutter_speed&quot;:&quot;0&quot;,&quot;title&quot;:&quot;dav&quot;,&quot;orientation&quot;:&quot;0&quot;}\" data-image-title=\"dav\" data-image-description=\"\" data-image-caption=\"&lt;p&gt;dav&lt;\/p&gt;\n\" data-large-file=\"https:\/\/cloud.alqueria.es\/wp-content\/uploads\/sites\/9\/2019\/10\/IMG_20191018_102954-1024x577.jpg\" class=\"size-medium wp-image-39248\" src=\"https:\/\/cloud.alqueria.es\/wp-content\/uploads\/sites\/9\/2019\/10\/IMG_20191018_102954.jpg\" alt=\"\" width=\"300\" height=\"169\" srcset=\"https:\/\/cloud.alqueria.es\/wp-content\/uploads\/sites\/9\/2019\/10\/IMG_20191018_102954.jpg 1024w, https:\/\/cloud.alqueria.es\/wp-content\/uploads\/sites\/9\/2019\/10\/IMG_20191018_102954.jpg 300w, https:\/\/cloud.alqueria.es\/wp-content\/uploads\/sites\/9\/2019\/10\/IMG_20191018_102954.jpg 768w\" sizes=\"(max-width: 300px) 100vw, 300px\" \/><figcaption id=\"caption-attachment-39248\" class=\"wp-caption-text\">dav<\/figcaption><\/figure>\n<p>Un beso de coraz\u00f3n, buen finde.<\/p>\n<p>Matilde Hidalgo<\/p>\n","protected":false},"excerpt":{"rendered":"<p>Hola, buenas tardes, hemos tenido una aver\u00eda en internet y no he subido las fotillos y la informaci\u00f3n diaria; pero como cada d\u00eda nos vemos e intercambiamos la informaci\u00f3n, todo ha seguido agradablemente bien. Estas fotos son del taller de masa de pan que hicimos el jueves donde se lo pasaron muy bien, hicieron: barras, &hellip; <a href=\"https:\/\/www.alqueria.es\/blogs\/alqueriaamarillanaranja\/2019\/10\/18\/seguimos-aqui\/\" class=\"more-link\">Seguir leyendo <span class=\"screen-reader-text\">\u00a1Seguimos aqu\u00ed!<\/span> <span class=\"meta-nav\">&rarr;<\/span><\/a><\/p>\n","protected":false},"author":23,"featured_media":0,"comment_status":"open","ping_status":"open","sticky":false,"template":"","format":"standard","meta":{"jetpack_post_was_ever_published":false,"_jetpack_newsletter_access":"","_jetpack_dont_email_post_to_subs":false,"_jetpack_newsletter_tier_id":0,"_jetpack_memberships_contains_paywalled_content":false,"_jetpack_memberships_contains_paid_content":false,"footnotes":"","jetpack_publicize_message":"","jetpack_publicize_feature_enabled":true,"jetpack_social_post_already_shared":true,"jetpack_social_options":{"image_generator_settings":{"template":"highway","default_image_id":0,"font":"","enabled":false},"version":2}},"categories":[5,6,21],"tags":[470,47,91],"class_list":["post-39218","post","type-post","status-publish","format-standard","hentry","category-alfabetizacion","category-clase-amarilla","category-talleres-medioambientales","tag-actividad-de-alfabetizacion","tag-educacion-emocional","tag-metodo-de-propuesta"],"jetpack_publicize_connections":[],"jetpack_featured_media_url":"","jetpack_sharing_enabled":true,"jetpack_shortlink":"https:\/\/wp.me\/p4lG08-acy","jetpack-related-posts":[],"_links":{"self":[{"href":"https:\/\/www.alqueria.es\/blogs\/alqueriaamarillanaranja\/wp-json\/wp\/v2\/posts\/39218","targetHints":{"allow":["GET"]}}],"collection":[{"href":"https:\/\/www.alqueria.es\/blogs\/alqueriaamarillanaranja\/wp-json\/wp\/v2\/posts"}],"about":[{"href":"https:\/\/www.alqueria.es\/blogs\/alqueriaamarillanaranja\/wp-json\/wp\/v2\/types\/post"}],"author":[{"embeddable":true,"href":"https:\/\/www.alqueria.es\/blogs\/alqueriaamarillanaranja\/wp-json\/wp\/v2\/users\/23"}],"replies":[{"embeddable":true,"href":"https:\/\/www.alqueria.es\/blogs\/alqueriaamarillanaranja\/wp-json\/wp\/v2\/comments?post=39218"}],"version-history":[{"count":2,"href":"https:\/\/www.alqueria.es\/blogs\/alqueriaamarillanaranja\/wp-json\/wp\/v2\/posts\/39218\/revisions"}],"predecessor-version":[{"id":39250,"href":"https:\/\/www.alqueria.es\/blogs\/alqueriaamarillanaranja\/wp-json\/wp\/v2\/posts\/39218\/revisions\/39250"}],"wp:attachment":[{"href":"https:\/\/www.alqueria.es\/blogs\/alqueriaamarillanaranja\/wp-json\/wp\/v2\/media?parent=39218"}],"wp:term":[{"taxonomy":"category","embeddable":true,"href":"https:\/\/www.alqueria.es\/blogs\/alqueriaamarillanaranja\/wp-json\/wp\/v2\/categories?post=39218"},{"taxonomy":"post_tag","embeddable":true,"href":"https:\/\/www.alqueria.es\/blogs\/alqueriaamarillanaranja\/wp-json\/wp\/v2\/tags?post=39218"}],"curies":[{"name":"wp","href":"https:\/\/api.w.org\/{rel}","templated":true}]}}