{"id":39428,"date":"2019-10-27T19:43:05","date_gmt":"2019-10-27T18:43:05","guid":{"rendered":"http:\/\/www.alqueria.es\/blogs\/alqueriaamarillanaranja\/?p=39428"},"modified":"2019-10-27T19:43:05","modified_gmt":"2019-10-27T18:43:05","slug":"los-sabores","status":"publish","type":"post","link":"https:\/\/www.alqueria.es\/blogs\/alqueriaamarillanaranja\/2019\/10\/27\/los-sabores\/","title":{"rendered":"LOS SABORES"},"content":{"rendered":"<p>Hola, nunca es tarde si la dicha es buena. Os cuento que el viernes tuvimos un taller de sabores y olores; les gust\u00f3 mucho, probaron con gran inter\u00e9s y opinaban sobre cu\u00e1l les gustaba m\u00e1s y cuales quer\u00edan repetir, sus caras eran muy expresivas tambi\u00e9n, algunos fueron selectivos y no quisieron probar todo.<\/p>\n<p class=\"jetpack-slideshow-noscript robots-nocontent\">El pase de diapositivas requiere JavaScript.<\/p><div id=\"gallery-39428-1-slideshow\" class=\"jetpack-slideshow-window jetpack-slideshow jetpack-slideshow-black\" data-trans=\"fade\" data-autostart=\"1\" data-gallery=\"[{&quot;src&quot;:&quot;https:\\\/\\\/cloud.alqueria.es\\\/wp-content\\\/uploads\\\/sites\\\/9\\\/2019\\\/10\\\/IMG_20191025_095901-1024x577.jpg&quot;,&quot;id&quot;:&quot;39430&quot;,&quot;title&quot;:&quot;dav&quot;,&quot;alt&quot;:&quot;&quot;,&quot;caption&quot;:&quot;dav&quot;,&quot;itemprop&quot;:&quot;image&quot;},{&quot;src&quot;:&quot;https:\\\/\\\/cloud.alqueria.es\\\/wp-content\\\/uploads\\\/sites\\\/9\\\/2019\\\/10\\\/IMG_20191025_100118-1024x577.jpg&quot;,&quot;id&quot;:&quot;39431&quot;,&quot;title&quot;:&quot;dav&quot;,&quot;alt&quot;:&quot;&quot;,&quot;caption&quot;:&quot;dav&quot;,&quot;itemprop&quot;:&quot;image&quot;},{&quot;src&quot;:&quot;https:\\\/\\\/cloud.alqueria.es\\\/wp-content\\\/uploads\\\/sites\\\/9\\\/2019\\\/10\\\/IMG_20191025_102012-1024x577.jpg&quot;,&quot;id&quot;:&quot;39432&quot;,&quot;title&quot;:&quot;dav&quot;,&quot;alt&quot;:&quot;&quot;,&quot;caption&quot;:&quot;dav&quot;,&quot;itemprop&quot;:&quot;image&quot;},{&quot;src&quot;:&quot;https:\\\/\\\/cloud.alqueria.es\\\/wp-content\\\/uploads\\\/sites\\\/9\\\/2019\\\/10\\\/IMG_20191025_101152-1024x577.jpg&quot;,&quot;id&quot;:&quot;39434&quot;,&quot;title&quot;:&quot;dav&quot;,&quot;alt&quot;:&quot;&quot;,&quot;caption&quot;:&quot;dav&quot;,&quot;itemprop&quot;:&quot;image&quot;},{&quot;src&quot;:&quot;https:\\\/\\\/cloud.alqueria.es\\\/wp-content\\\/uploads\\\/sites\\\/9\\\/2019\\\/10\\\/IMG_20191025_130756-1024x577.jpg&quot;,&quot;id&quot;:&quot;39435&quot;,&quot;title&quot;:&quot;dav&quot;,&quot;alt&quot;:&quot;&quot;,&quot;caption&quot;:&quot;dav&quot;,&quot;itemprop&quot;:&quot;image&quot;}]\" itemscope itemtype=\"https:\/\/schema.org\/ImageGallery\"><\/div>\n<p>&nbsp;<\/p>\n<p>Luego fue nombrado \u00abEl Super\u00bb a Ciro,\u00a0 tomamos la fruta y les le\u00ed \u00abAdivina qui\u00e9n est\u00e1 en la granja\u00bb.<\/p>\n<figure id=\"attachment_39430\" aria-describedby=\"caption-attachment-39430\" style=\"width: 300px\" class=\"wp-caption aligncenter\"><img decoding=\"async\" data-attachment-id=\"39430\" data-permalink=\"https:\/\/www.alqueria.es\/blogs\/alqueriaamarillanaranja\/2019\/10\/27\/los-sabores\/dav-121\/\" data-orig-file=\"https:\/\/cloud.alqueria.es\/wp-content\/uploads\/sites\/9\/2019\/10\/IMG_20191025_095901.jpg\" data-orig-size=\"1024,577\" data-comments-opened=\"1\" data-image-meta=\"{&quot;aperture&quot;:&quot;0&quot;,&quot;credit&quot;:&quot;&quot;,&quot;camera&quot;:&quot;PRA-LX1&quot;,&quot;caption&quot;:&quot;dav&quot;,&quot;created_timestamp&quot;:&quot;0&quot;,&quot;copyright&quot;:&quot;&quot;,&quot;focal_length&quot;:&quot;0&quot;,&quot;iso&quot;:&quot;0&quot;,&quot;shutter_speed&quot;:&quot;0&quot;,&quot;title&quot;:&quot;dav&quot;,&quot;orientation&quot;:&quot;0&quot;}\" data-image-title=\"dav\" data-image-description=\"\" data-image-caption=\"&lt;p&gt;dav&lt;\/p&gt;\n\" data-large-file=\"https:\/\/cloud.alqueria.es\/wp-content\/uploads\/sites\/9\/2019\/10\/IMG_20191025_095901-1024x577.jpg\" class=\"size-medium wp-image-39430\" src=\"https:\/\/cloud.alqueria.es\/wp-content\/uploads\/sites\/9\/2019\/10\/IMG_20191025_095901.jpg\" alt=\"\" width=\"300\" height=\"169\" srcset=\"https:\/\/cloud.alqueria.es\/wp-content\/uploads\/sites\/9\/2019\/10\/IMG_20191025_095901.jpg 1024w, https:\/\/cloud.alqueria.es\/wp-content\/uploads\/sites\/9\/2019\/10\/IMG_20191025_095901.jpg 300w, https:\/\/cloud.alqueria.es\/wp-content\/uploads\/sites\/9\/2019\/10\/IMG_20191025_095901.jpg 768w\" sizes=\"(max-width: 300px) 100vw, 300px\" \/><figcaption id=\"caption-attachment-39430\" class=\"wp-caption-text\">dav<\/figcaption><\/figure>\n<p>Les record\u00e9 que era viernes y nos fuimos a echarle el pan a las gallinas y a jugar por el laberinto y el tobog\u00e1n grande.<\/p>\n<p class=\"jetpack-slideshow-noscript robots-nocontent\">El pase de diapositivas requiere JavaScript.<\/p><div id=\"gallery-39428-2-slideshow\" class=\"jetpack-slideshow-window jetpack-slideshow jetpack-slideshow-black\" data-trans=\"fade\" data-autostart=\"1\" data-gallery=\"[{&quot;src&quot;:&quot;https:\\\/\\\/cloud.alqueria.es\\\/wp-content\\\/uploads\\\/sites\\\/9\\\/2019\\\/10\\\/IMG_20191025_110649-1024x577.jpg&quot;,&quot;id&quot;:&quot;39437&quot;,&quot;title&quot;:&quot;dav&quot;,&quot;alt&quot;:&quot;&quot;,&quot;caption&quot;:&quot;dav&quot;,&quot;itemprop&quot;:&quot;image&quot;},{&quot;src&quot;:&quot;https:\\\/\\\/cloud.alqueria.es\\\/wp-content\\\/uploads\\\/sites\\\/9\\\/2019\\\/10\\\/IMG_20191025_111159-1024x577.jpg&quot;,&quot;id&quot;:&quot;39436&quot;,&quot;title&quot;:&quot;sdr&quot;,&quot;alt&quot;:&quot;&quot;,&quot;caption&quot;:&quot;sdr&quot;,&quot;itemprop&quot;:&quot;image&quot;},{&quot;src&quot;:&quot;https:\\\/\\\/cloud.alqueria.es\\\/wp-content\\\/uploads\\\/sites\\\/9\\\/2019\\\/10\\\/IMG_20191025_111816-1024x577.jpg&quot;,&quot;id&quot;:&quot;39429&quot;,&quot;title&quot;:&quot;dav&quot;,&quot;alt&quot;:&quot;&quot;,&quot;caption&quot;:&quot;dav&quot;,&quot;itemprop&quot;:&quot;image&quot;}]\" itemscope itemtype=\"https:\/\/schema.org\/ImageGallery\"><\/div>\n<p>Ma\u00f1ana seguimos. Un besote.<\/p>\n<p>Matilde Hidalgo<\/p>\n","protected":false},"excerpt":{"rendered":"<p>Hola, nunca es tarde si la dicha es buena. Os cuento que el viernes tuvimos un taller de sabores y olores; les gust\u00f3 mucho, probaron con gran inter\u00e9s y opinaban sobre cu\u00e1l les gustaba m\u00e1s y cuales quer\u00edan repetir, sus caras eran muy expresivas tambi\u00e9n, algunos fueron selectivos y no quisieron probar todo. &nbsp; Luego &hellip; <a href=\"https:\/\/www.alqueria.es\/blogs\/alqueriaamarillanaranja\/2019\/10\/27\/los-sabores\/\" class=\"more-link\">Seguir leyendo <span class=\"screen-reader-text\">LOS SABORES<\/span> <span class=\"meta-nav\">&rarr;<\/span><\/a><\/p>\n","protected":false},"author":23,"featured_media":0,"comment_status":"open","ping_status":"open","sticky":false,"template":"","format":"standard","meta":{"jetpack_post_was_ever_published":false,"_jetpack_newsletter_access":"","_jetpack_dont_email_post_to_subs":false,"_jetpack_newsletter_tier_id":0,"_jetpack_memberships_contains_paywalled_content":false,"_jetpack_memberships_contains_paid_content":false,"footnotes":"","jetpack_publicize_message":"","jetpack_publicize_feature_enabled":true,"jetpack_social_post_already_shared":true,"jetpack_social_options":{"image_generator_settings":{"template":"highway","default_image_id":0,"font":"","enabled":false},"version":2}},"categories":[6,18],"tags":[325,104,121],"class_list":["post-39428","post","type-post","status-publish","format-standard","hentry","category-clase-amarilla","category-talleres","tag-actividades-medioambientales","tag-psicomotricidad","tag-taller-sensorial"],"jetpack_publicize_connections":[],"jetpack_featured_media_url":"","jetpack_sharing_enabled":true,"jetpack_shortlink":"https:\/\/wp.me\/p4lG08-afW","jetpack-related-posts":[],"_links":{"self":[{"href":"https:\/\/www.alqueria.es\/blogs\/alqueriaamarillanaranja\/wp-json\/wp\/v2\/posts\/39428","targetHints":{"allow":["GET"]}}],"collection":[{"href":"https:\/\/www.alqueria.es\/blogs\/alqueriaamarillanaranja\/wp-json\/wp\/v2\/posts"}],"about":[{"href":"https:\/\/www.alqueria.es\/blogs\/alqueriaamarillanaranja\/wp-json\/wp\/v2\/types\/post"}],"author":[{"embeddable":true,"href":"https:\/\/www.alqueria.es\/blogs\/alqueriaamarillanaranja\/wp-json\/wp\/v2\/users\/23"}],"replies":[{"embeddable":true,"href":"https:\/\/www.alqueria.es\/blogs\/alqueriaamarillanaranja\/wp-json\/wp\/v2\/comments?post=39428"}],"version-history":[{"count":3,"href":"https:\/\/www.alqueria.es\/blogs\/alqueriaamarillanaranja\/wp-json\/wp\/v2\/posts\/39428\/revisions"}],"predecessor-version":[{"id":39441,"href":"https:\/\/www.alqueria.es\/blogs\/alqueriaamarillanaranja\/wp-json\/wp\/v2\/posts\/39428\/revisions\/39441"}],"wp:attachment":[{"href":"https:\/\/www.alqueria.es\/blogs\/alqueriaamarillanaranja\/wp-json\/wp\/v2\/media?parent=39428"}],"wp:term":[{"taxonomy":"category","embeddable":true,"href":"https:\/\/www.alqueria.es\/blogs\/alqueriaamarillanaranja\/wp-json\/wp\/v2\/categories?post=39428"},{"taxonomy":"post_tag","embeddable":true,"href":"https:\/\/www.alqueria.es\/blogs\/alqueriaamarillanaranja\/wp-json\/wp\/v2\/tags?post=39428"}],"curies":[{"name":"wp","href":"https:\/\/api.w.org\/{rel}","templated":true}]}}