{"id":39860,"date":"2019-11-16T12:17:36","date_gmt":"2019-11-16T11:17:36","guid":{"rendered":"http:\/\/www.alqueria.es\/blogs\/alqueriaamarillanaranja\/?p=39860"},"modified":"2019-11-16T12:17:36","modified_gmt":"2019-11-16T11:17:36","slug":"tarde-de-amigos","status":"publish","type":"post","link":"https:\/\/www.alqueria.es\/blogs\/alqueriaamarillanaranja\/2019\/11\/16\/tarde-de-amigos\/","title":{"rendered":"Tarde de amigos"},"content":{"rendered":"<p>Buenos d\u00edas:<\/p>\n<p>Tras las sesiones de <span style=\"color: #008000\">m\u00fasica y educaci\u00f3n f\u00edsica<\/span> \u00abpor fin\u00bb salimos al parque. El juego es la principal actividad de nuestros peque\u00f1os, es lo que su cerebro espera: juego y m\u00e1s juegos sobre todo relacionados con la actividad f\u00edsica y al aire libre, \u00a1c\u00f3mo disfrutan cuando est\u00e1n en el parque! Y es que cuando juegan al aire libre , su cerebro lo agradece, es una inyecci\u00f3n de felicidad , hay riesgo( velocidad, subir y bajar de los columpios o monta\u00f1as, equilibrios&#8230;..)\u00a0\u00a0y por supuesto para ellos eso es vivir.<\/p>\n<p>Pasamos parte de la<span style=\"color: #339966\"> tarde cooperativa<\/span> en la sala de uso m\u00faltiples ya que tanto el jard\u00edn como el parque est\u00e1n a\u00fan bastante h\u00famedos. \u00a1Una tarde de amigos! \u00a0En la que damos lectura a dos cuentos en la que tratamos temas que surgen a diario en nuestra convivencia: \u00abtolerancia\u00bb e \u00abigualdad entre ambos g\u00e9neros\u00bb:<\/p>\n<p><img decoding=\"async\" data-attachment-id=\"39863\" data-permalink=\"https:\/\/www.alqueria.es\/blogs\/alqueriaamarillanaranja\/2019\/11\/16\/tarde-de-amigos\/img_20191115_155846\/\" data-orig-file=\"https:\/\/cloud.alqueria.es\/wp-content\/uploads\/sites\/9\/2019\/11\/IMG_20191115_155846-e1573890409967.jpg\" data-orig-size=\"686,709\" data-comments-opened=\"1\" data-image-meta=\"{&quot;aperture&quot;:&quot;2.2&quot;,&quot;credit&quot;:&quot;&quot;,&quot;camera&quot;:&quot;Mi A1&quot;,&quot;caption&quot;:&quot;&quot;,&quot;created_timestamp&quot;:&quot;1573833526&quot;,&quot;copyright&quot;:&quot;&quot;,&quot;focal_length&quot;:&quot;3.83&quot;,&quot;iso&quot;:&quot;1000&quot;,&quot;shutter_speed&quot;:&quot;0.058823529411765&quot;,&quot;title&quot;:&quot;&quot;,&quot;orientation&quot;:&quot;1&quot;}\" data-image-title=\"IMG_20191115_155846\" data-image-description=\"\" data-image-caption=\"\" data-large-file=\"https:\/\/cloud.alqueria.es\/wp-content\/uploads\/sites\/9\/2019\/11\/IMG_20191115_155846-1024x768.jpg\" class=\"size-medium wp-image-39863 alignleft\" src=\"https:\/\/cloud.alqueria.es\/wp-content\/uploads\/sites\/9\/2019\/11\/IMG_20191115_155846-e1573890409967.jpg\" alt=\"\" width=\"290\" height=\"300\" srcset=\"https:\/\/cloud.alqueria.es\/wp-content\/uploads\/sites\/9\/2019\/11\/IMG_20191115_155846-e1573890409967.jpg 686w, https:\/\/cloud.alqueria.es\/wp-content\/uploads\/sites\/9\/2019\/11\/IMG_20191115_155846-e1573890409967.jpg 290w\" sizes=\"(max-width: 290px) 100vw, 290px\" \/><span style=\"color: #339966\">\u00a1Mara es una orejotas!<\/span> As\u00ed se abre este cuento. Nuestra protagonista busca consuelo y seguridad entre los brazos de su madre que le ofrece una visi\u00f3n completamente distinta de las cosas, sus orejas son orejas de mariposa, que pintan de colores las cosas feas. A lo largo del cuento vemos como Mara resalta el lado positivo de las cosas que los dem\u00e1s identifican como negativas. Mara es resolutiva, evita sentirse mal por como es y adem\u00e1s no se esconde ni cambia su forma de ser. En nuestra <span style=\"color: #339966\">tertulia<\/span> intentamos ir m\u00e1s all\u00e1&#8230;. <span style=\"color: #339966\">\u00bfQu\u00e9 debemos hacer cuando nos sentimos ofendidos por un compa\u00f1er@? <span style=\"color: #000000\">Debemos<\/span><\/span> buscar soluciones, debemos dejar claro que las palabras del que nos ofende nos han hecho sentir mal y por su puesto no queremos que lo vuelva \u00a0hacer, pero tambi\u00e9n debemos ofrecer nuestra mejilla. <span style=\"color: #ff00ff\">\u00abLa \u00fanica soluci\u00f3n respetuosa para destruir la \u00abofensa\u00bb es ofrecer amor\u00bb.<\/span><\/p>\n<p><img decoding=\"async\" data-attachment-id=\"39861\" data-permalink=\"https:\/\/www.alqueria.es\/blogs\/alqueriaamarillanaranja\/2019\/11\/16\/tarde-de-amigos\/img_20191115_154445\/\" data-orig-file=\"https:\/\/cloud.alqueria.es\/wp-content\/uploads\/sites\/9\/2019\/11\/IMG_20191115_154445-e1573892420603.jpg\" data-orig-size=\"614,624\" data-comments-opened=\"1\" data-image-meta=\"{&quot;aperture&quot;:&quot;2.2&quot;,&quot;credit&quot;:&quot;&quot;,&quot;camera&quot;:&quot;Mi A1&quot;,&quot;caption&quot;:&quot;&quot;,&quot;created_timestamp&quot;:&quot;1573832685&quot;,&quot;copyright&quot;:&quot;&quot;,&quot;focal_length&quot;:&quot;3.83&quot;,&quot;iso&quot;:&quot;500&quot;,&quot;shutter_speed&quot;:&quot;0.04&quot;,&quot;title&quot;:&quot;&quot;,&quot;orientation&quot;:&quot;1&quot;}\" data-image-title=\"IMG_20191115_154445\" data-image-description=\"\" data-image-caption=\"\" data-large-file=\"https:\/\/cloud.alqueria.es\/wp-content\/uploads\/sites\/9\/2019\/11\/IMG_20191115_154445-1024x768.jpg\" class=\"size-medium wp-image-39861 alignleft\" src=\"https:\/\/cloud.alqueria.es\/wp-content\/uploads\/sites\/9\/2019\/11\/IMG_20191115_154445-e1573892420603.jpg\" alt=\"\" width=\"295\" height=\"300\" srcset=\"https:\/\/cloud.alqueria.es\/wp-content\/uploads\/sites\/9\/2019\/11\/IMG_20191115_154445-e1573892420603.jpg 614w, https:\/\/cloud.alqueria.es\/wp-content\/uploads\/sites\/9\/2019\/11\/IMG_20191115_154445-e1573892420603.jpg 295w\" sizes=\"(max-width: 295px) 100vw, 295px\" \/><span style=\"color: #008000\">Juan se pinta las u\u00f1as \u00abporque le gusta\u00bb.<\/span> Con este cuento trabajamos los prejuicios y patrones de g\u00e9nero. Intentamos trasmitirles que no hay cosas de ni\u00f1as y cosas de ni\u00f1os sino que hay cosas que gustan y cosas que no gustan y que deben tener la libertad de poder elegir sin que se nos etiquete. Es cierto que si registramos que las mujeres se pintan las u\u00f1as y los hombres no asumen que eso es lo normal. <span style=\"color: #008000\">Romper ese construcci\u00f3n y abrir otros caminos es complejo.<\/span> Por ello, nos ha parecido que contar la historia de Juan\u00a0 es crear caminos y posibilidades nuevas. Normalizar la diversidad ser\u00e1 el paso m\u00e1s importante para cambiar, eliminando as\u00ed muchos de los estereotipos de genero.<\/p>\n<p><img decoding=\"async\" data-attachment-id=\"39862\" data-permalink=\"https:\/\/www.alqueria.es\/blogs\/alqueriaamarillanaranja\/2019\/11\/16\/tarde-de-amigos\/img_20191115_155414\/\" data-orig-file=\"https:\/\/cloud.alqueria.es\/wp-content\/uploads\/sites\/9\/2019\/11\/IMG_20191115_155414.jpg\" data-orig-size=\"1024,768\" data-comments-opened=\"1\" data-image-meta=\"{&quot;aperture&quot;:&quot;2.2&quot;,&quot;credit&quot;:&quot;&quot;,&quot;camera&quot;:&quot;Mi A1&quot;,&quot;caption&quot;:&quot;&quot;,&quot;created_timestamp&quot;:&quot;1573833254&quot;,&quot;copyright&quot;:&quot;&quot;,&quot;focal_length&quot;:&quot;3.83&quot;,&quot;iso&quot;:&quot;320&quot;,&quot;shutter_speed&quot;:&quot;0.04&quot;,&quot;title&quot;:&quot;&quot;,&quot;orientation&quot;:&quot;1&quot;}\" data-image-title=\"IMG_20191115_155414\" data-image-description=\"\" data-image-caption=\"\" data-large-file=\"https:\/\/cloud.alqueria.es\/wp-content\/uploads\/sites\/9\/2019\/11\/IMG_20191115_155414-1024x768.jpg\" class=\"aligncenter size-medium wp-image-39862\" src=\"https:\/\/cloud.alqueria.es\/wp-content\/uploads\/sites\/9\/2019\/11\/IMG_20191115_155414.jpg\" alt=\"\" width=\"300\" height=\"225\" srcset=\"https:\/\/cloud.alqueria.es\/wp-content\/uploads\/sites\/9\/2019\/11\/IMG_20191115_155414.jpg 1024w, https:\/\/cloud.alqueria.es\/wp-content\/uploads\/sites\/9\/2019\/11\/IMG_20191115_155414.jpg 300w, https:\/\/cloud.alqueria.es\/wp-content\/uploads\/sites\/9\/2019\/11\/IMG_20191115_155414.jpg 768w\" sizes=\"(max-width: 300px) 100vw, 300px\" \/><\/p>\n<p style=\"text-align: center\">\u00a1UNA GRAN TARDE ENTRE AMIGOS!<\/p>\n<p>Buen fin de semana. Silvia.<\/p>\n<p>&nbsp;<\/p>\n","protected":false},"excerpt":{"rendered":"<p>Buenos d\u00edas: Tras las sesiones de m\u00fasica y educaci\u00f3n f\u00edsica \u00abpor fin\u00bb salimos al parque. El juego es la principal actividad de nuestros peque\u00f1os, es lo que su cerebro espera: juego y m\u00e1s juegos sobre todo relacionados con la actividad f\u00edsica y al aire libre, \u00a1c\u00f3mo disfrutan cuando est\u00e1n en el parque! Y es que &hellip; <a href=\"https:\/\/www.alqueria.es\/blogs\/alqueriaamarillanaranja\/2019\/11\/16\/tarde-de-amigos\/\" class=\"more-link\">Seguir leyendo <span class=\"screen-reader-text\">Tarde de amigos<\/span> <span class=\"meta-nav\">&rarr;<\/span><\/a><\/p>\n","protected":false},"author":23,"featured_media":0,"comment_status":"open","ping_status":"open","sticky":false,"template":"","format":"standard","meta":{"jetpack_post_was_ever_published":false,"_jetpack_newsletter_access":"","_jetpack_dont_email_post_to_subs":false,"_jetpack_newsletter_tier_id":0,"_jetpack_memberships_contains_paywalled_content":false,"_jetpack_memberships_contains_paid_content":false,"footnotes":"","jetpack_publicize_message":"","jetpack_publicize_feature_enabled":true,"jetpack_social_post_already_shared":true,"jetpack_social_options":{"image_generator_settings":{"template":"highway","default_image_id":0,"font":"","enabled":false},"version":2}},"categories":[7,10],"tags":[218,123],"class_list":["post-39860","post","type-post","status-publish","format-standard","hentry","category-clase-naranja","category-especialistas","tag-educacion-en-valores","tag-tarde-cooperativa"],"jetpack_publicize_connections":[],"jetpack_featured_media_url":"","jetpack_sharing_enabled":true,"jetpack_shortlink":"https:\/\/wp.me\/p4lG08-amU","jetpack-related-posts":[],"_links":{"self":[{"href":"https:\/\/www.alqueria.es\/blogs\/alqueriaamarillanaranja\/wp-json\/wp\/v2\/posts\/39860","targetHints":{"allow":["GET"]}}],"collection":[{"href":"https:\/\/www.alqueria.es\/blogs\/alqueriaamarillanaranja\/wp-json\/wp\/v2\/posts"}],"about":[{"href":"https:\/\/www.alqueria.es\/blogs\/alqueriaamarillanaranja\/wp-json\/wp\/v2\/types\/post"}],"author":[{"embeddable":true,"href":"https:\/\/www.alqueria.es\/blogs\/alqueriaamarillanaranja\/wp-json\/wp\/v2\/users\/23"}],"replies":[{"embeddable":true,"href":"https:\/\/www.alqueria.es\/blogs\/alqueriaamarillanaranja\/wp-json\/wp\/v2\/comments?post=39860"}],"version-history":[{"count":2,"href":"https:\/\/www.alqueria.es\/blogs\/alqueriaamarillanaranja\/wp-json\/wp\/v2\/posts\/39860\/revisions"}],"predecessor-version":[{"id":39865,"href":"https:\/\/www.alqueria.es\/blogs\/alqueriaamarillanaranja\/wp-json\/wp\/v2\/posts\/39860\/revisions\/39865"}],"wp:attachment":[{"href":"https:\/\/www.alqueria.es\/blogs\/alqueriaamarillanaranja\/wp-json\/wp\/v2\/media?parent=39860"}],"wp:term":[{"taxonomy":"category","embeddable":true,"href":"https:\/\/www.alqueria.es\/blogs\/alqueriaamarillanaranja\/wp-json\/wp\/v2\/categories?post=39860"},{"taxonomy":"post_tag","embeddable":true,"href":"https:\/\/www.alqueria.es\/blogs\/alqueriaamarillanaranja\/wp-json\/wp\/v2\/tags?post=39860"}],"curies":[{"name":"wp","href":"https:\/\/api.w.org\/{rel}","templated":true}]}}