{"id":40170,"date":"2019-12-02T17:30:55","date_gmt":"2019-12-02T16:30:55","guid":{"rendered":"http:\/\/www.alqueria.es\/blogs\/alqueriaamarillanaranja\/?p=40170"},"modified":"2019-12-02T18:40:48","modified_gmt":"2019-12-02T17:40:48","slug":"proyecto-de-lectura-42","status":"publish","type":"post","link":"https:\/\/www.alqueria.es\/blogs\/alqueriaamarillanaranja\/2019\/12\/02\/proyecto-de-lectura-42\/","title":{"rendered":"Proyecto de lectura"},"content":{"rendered":"<p>Buenas tardes:<\/p>\n<p>\u00a1Pasamos un lunes bastante tranquilo!<\/p>\n<p>Comenzamos el d\u00eda con la asamblea matinal en la que coinciden con la celebraci\u00f3n del cumplea\u00f1os de Paola:<\/p>\n<h5 style=\"text-align: center\">\u00a1Felicidades Paola!\u00a1Ya tienes tres a\u00f1os!<\/h5>\n<p><img decoding=\"async\" data-attachment-id=\"40172\" data-permalink=\"https:\/\/www.alqueria.es\/blogs\/alqueriaamarillanaranja\/2019\/12\/02\/proyecto-de-lectura-42\/images-4-13\/\" data-orig-file=\"https:\/\/cloud.alqueria.es\/wp-content\/uploads\/sites\/9\/2019\/12\/images-4.jpg\" data-orig-size=\"225,225\" data-comments-opened=\"1\" data-image-meta=\"{&quot;aperture&quot;:&quot;0&quot;,&quot;credit&quot;:&quot;&quot;,&quot;camera&quot;:&quot;&quot;,&quot;caption&quot;:&quot;&quot;,&quot;created_timestamp&quot;:&quot;0&quot;,&quot;copyright&quot;:&quot;&quot;,&quot;focal_length&quot;:&quot;0&quot;,&quot;iso&quot;:&quot;0&quot;,&quot;shutter_speed&quot;:&quot;0&quot;,&quot;title&quot;:&quot;&quot;,&quot;orientation&quot;:&quot;0&quot;}\" data-image-title=\"images (4)\" data-image-description=\"\" data-image-caption=\"\" data-large-file=\"https:\/\/cloud.alqueria.es\/wp-content\/uploads\/sites\/9\/2019\/12\/images-4.jpg\" class=\"aligncenter size-full wp-image-40172\" src=\"https:\/\/cloud.alqueria.es\/wp-content\/uploads\/sites\/9\/2019\/12\/images-4.jpg\" alt=\"\" width=\"225\" height=\"225\" srcset=\"https:\/\/cloud.alqueria.es\/wp-content\/uploads\/sites\/9\/2019\/12\/images-4.jpg 225w, https:\/\/cloud.alqueria.es\/wp-content\/uploads\/sites\/9\/2019\/12\/images-4.jpg 150w\" sizes=\"(max-width: 225px) 100vw, 225px\" \/><\/p>\n<p>Sobre la pizarra les presentamos el calendario del nuevo <span style=\"color: #ff0000\">mes<\/span> que viene cargado de d\u00edas especiales&#8230;<\/p>\n<p>Ma\u00f1ana ser\u00e1 uno de ellos ya que tendremos \u00bb sesi\u00f3n de <span style=\"color: #ff0000\">YOGA\u00bb<\/span> (dar\u00e1 comienzo a las 9:15,os pido puntualidad) . Es por ello que realizamos el intercambio de ejemplares de nuestro \u00abProyecto de Lectura\u00bb.<\/p>\n<p>La propuestas de juego del lunes han sido:<\/p>\n<ul>\n<li>Dinosaurios y animales salvajes<\/li>\n<li>Beb\u00e9s<\/li>\n<\/ul>\n<p><img decoding=\"async\" data-attachment-id=\"40171\" data-permalink=\"https:\/\/www.alqueria.es\/blogs\/alqueriaamarillanaranja\/2019\/12\/02\/proyecto-de-lectura-42\/img_20191202_101649\/\" data-orig-file=\"https:\/\/cloud.alqueria.es\/wp-content\/uploads\/sites\/9\/2019\/12\/IMG_20191202_101649.jpg\" data-orig-size=\"1024,768\" data-comments-opened=\"1\" data-image-meta=\"{&quot;aperture&quot;:&quot;2.2&quot;,&quot;credit&quot;:&quot;&quot;,&quot;camera&quot;:&quot;Mi A1&quot;,&quot;caption&quot;:&quot;&quot;,&quot;created_timestamp&quot;:&quot;1575281809&quot;,&quot;copyright&quot;:&quot;&quot;,&quot;focal_length&quot;:&quot;3.83&quot;,&quot;iso&quot;:&quot;200&quot;,&quot;shutter_speed&quot;:&quot;0.02&quot;,&quot;title&quot;:&quot;&quot;,&quot;orientation&quot;:&quot;1&quot;}\" data-image-title=\"IMG_20191202_101649\" data-image-description=\"\" data-image-caption=\"\" data-large-file=\"https:\/\/cloud.alqueria.es\/wp-content\/uploads\/sites\/9\/2019\/12\/IMG_20191202_101649-1024x768.jpg\" class=\"aligncenter size-medium wp-image-40171\" src=\"https:\/\/cloud.alqueria.es\/wp-content\/uploads\/sites\/9\/2019\/12\/IMG_20191202_101649.jpg\" alt=\"\" width=\"300\" height=\"225\" srcset=\"https:\/\/cloud.alqueria.es\/wp-content\/uploads\/sites\/9\/2019\/12\/IMG_20191202_101649.jpg 1024w, https:\/\/cloud.alqueria.es\/wp-content\/uploads\/sites\/9\/2019\/12\/IMG_20191202_101649.jpg 300w, https:\/\/cloud.alqueria.es\/wp-content\/uploads\/sites\/9\/2019\/12\/IMG_20191202_101649.jpg 768w\" sizes=\"(max-width: 300px) 100vw, 300px\" \/><\/p>\n<p>Comenzamos la recta final para el trimestre y tambi\u00e9n para que llegue la Navidad. Os animo para que hag\u00e1is en casa alg\u00fan adorno navide\u00f1o con vuestros hij@s y que lo traig\u00e1is para decorar la clase. <span style=\"color: #ff0000\">Ser\u00eda estupendo que utilizaseis material reciclado para ello<\/span>. Entre todos ambientaremos el colegio para las fiestas que se acercan, \u00a1ya sab\u00e9is!lo importante es que ellos participen y lo pasen bien.<\/p>\n<p>La tarde la dedicamos a\u00a0 colgar nuestros vitrales, realizar el dibujo de la propuesta de juego, jugar con los puzzles y a maquillarnos las u\u00f1as&#8230;.jajaja<\/p>\n<p>Silvia.<\/p>\n","protected":false},"excerpt":{"rendered":"<p>Buenas tardes: \u00a1Pasamos un lunes bastante tranquilo! Comenzamos el d\u00eda con la asamblea matinal en la que coinciden con la celebraci\u00f3n del cumplea\u00f1os de Paola: \u00a1Felicidades Paola!\u00a1Ya tienes tres a\u00f1os! Sobre la pizarra les presentamos el calendario del nuevo mes que viene cargado de d\u00edas especiales&#8230; Ma\u00f1ana ser\u00e1 uno de ellos ya que tendremos \u00bb &hellip; <a href=\"https:\/\/www.alqueria.es\/blogs\/alqueriaamarillanaranja\/2019\/12\/02\/proyecto-de-lectura-42\/\" class=\"more-link\">Seguir leyendo <span class=\"screen-reader-text\">Proyecto de lectura<\/span> <span class=\"meta-nav\">&rarr;<\/span><\/a><\/p>\n","protected":false},"author":23,"featured_media":0,"comment_status":"open","ping_status":"open","sticky":false,"template":"","format":"standard","meta":{"jetpack_post_was_ever_published":false,"_jetpack_newsletter_access":"","_jetpack_dont_email_post_to_subs":false,"_jetpack_newsletter_tier_id":0,"_jetpack_memberships_contains_paywalled_content":false,"_jetpack_memberships_contains_paid_content":false,"footnotes":"","jetpack_publicize_message":"","jetpack_publicize_feature_enabled":true,"jetpack_social_post_already_shared":true,"jetpack_social_options":{"image_generator_settings":{"template":"highway","default_image_id":0,"font":"","enabled":false},"version":2}},"categories":[7,8],"tags":[103],"class_list":["post-40170","post","type-post","status-publish","format-standard","hentry","category-clase-naranja","category-diario","tag-proyecto-de-lectura"],"jetpack_publicize_connections":[],"jetpack_featured_media_url":"","jetpack_sharing_enabled":true,"jetpack_shortlink":"https:\/\/wp.me\/p4lG08-arU","jetpack-related-posts":[],"_links":{"self":[{"href":"https:\/\/www.alqueria.es\/blogs\/alqueriaamarillanaranja\/wp-json\/wp\/v2\/posts\/40170","targetHints":{"allow":["GET"]}}],"collection":[{"href":"https:\/\/www.alqueria.es\/blogs\/alqueriaamarillanaranja\/wp-json\/wp\/v2\/posts"}],"about":[{"href":"https:\/\/www.alqueria.es\/blogs\/alqueriaamarillanaranja\/wp-json\/wp\/v2\/types\/post"}],"author":[{"embeddable":true,"href":"https:\/\/www.alqueria.es\/blogs\/alqueriaamarillanaranja\/wp-json\/wp\/v2\/users\/23"}],"replies":[{"embeddable":true,"href":"https:\/\/www.alqueria.es\/blogs\/alqueriaamarillanaranja\/wp-json\/wp\/v2\/comments?post=40170"}],"version-history":[{"count":5,"href":"https:\/\/www.alqueria.es\/blogs\/alqueriaamarillanaranja\/wp-json\/wp\/v2\/posts\/40170\/revisions"}],"predecessor-version":[{"id":40177,"href":"https:\/\/www.alqueria.es\/blogs\/alqueriaamarillanaranja\/wp-json\/wp\/v2\/posts\/40170\/revisions\/40177"}],"wp:attachment":[{"href":"https:\/\/www.alqueria.es\/blogs\/alqueriaamarillanaranja\/wp-json\/wp\/v2\/media?parent=40170"}],"wp:term":[{"taxonomy":"category","embeddable":true,"href":"https:\/\/www.alqueria.es\/blogs\/alqueriaamarillanaranja\/wp-json\/wp\/v2\/categories?post=40170"},{"taxonomy":"post_tag","embeddable":true,"href":"https:\/\/www.alqueria.es\/blogs\/alqueriaamarillanaranja\/wp-json\/wp\/v2\/tags?post=40170"}],"curies":[{"name":"wp","href":"https:\/\/api.w.org\/{rel}","templated":true}]}}