{"id":40669,"date":"2020-01-13T17:49:05","date_gmt":"2020-01-13T16:49:05","guid":{"rendered":"http:\/\/www.alqueria.es\/blogs\/alqueriaamarillanaranja\/?p=40669"},"modified":"2020-01-13T17:49:05","modified_gmt":"2020-01-13T16:49:05","slug":"cumpleanos-de-jaime","status":"publish","type":"post","link":"https:\/\/www.alqueria.es\/blogs\/alqueriaamarillanaranja\/2020\/01\/13\/cumpleanos-de-jaime\/","title":{"rendered":"\u00a1\u00a1\u00a1\u00a1Cumplea\u00f1os de Jaime!!!!!"},"content":{"rendered":"<p>Comenzamos una nueva semana y lo hacemos hablando del INVIERNO, \u00a1Qu\u00e9 fr\u00edo a primera hora!Aprovechamos este momento para cantar canciones del invierno:<\/p>\n<p><span class=\"embed-youtube\" style=\"text-align:center; display: block;\"><div class=\"a25-CTUOC-hidding-box\" data-original-content=\"&lt;iframe loading=&quot;lazy&quot; class=&quot;youtube-player&quot; width=&quot;474&quot; height=&quot;267&quot; src=&quot;https:\/\/www.youtube.com\/embed\/_w0PmIqet40?version=3&amp;#038;rel=1&amp;#038;showsearch=0&amp;#038;showinfo=1&amp;#038;iv_load_policy=1&amp;#038;fs=1&amp;#038;hl=es-ES&amp;#038;autohide=2&amp;#038;wmode=transparent&quot; allowfullscreen=&quot;true&quot; style=&quot;border:0;&quot; sandbox=&quot;allow-scripts allow-same-origin allow-popups allow-presentation allow-popups-to-escape-sandbox&quot;&gt;&lt;\/iframe&gt;\">Esta p\u00e1gina incluye contenido multimedia que requiere aceptar todas las cookies. Pulse aqu\u00ed para abrir la configuraci\u00f3n de cookies.<\/div><\/span><\/p>\n<p><span class=\"embed-youtube\" style=\"text-align:center; display: block;\"><div class=\"a25-CTUOC-hidding-box\" data-original-content=\"&lt;iframe loading=&quot;lazy&quot; class=&quot;youtube-player&quot; width=&quot;474&quot; height=&quot;267&quot; src=&quot;https:\/\/www.youtube.com\/embed\/OWhR9a6_eUI?version=3&amp;#038;rel=1&amp;#038;showsearch=0&amp;#038;showinfo=1&amp;#038;iv_load_policy=1&amp;#038;fs=1&amp;#038;hl=es-ES&amp;#038;autohide=2&amp;#038;wmode=transparent&quot; allowfullscreen=&quot;true&quot; style=&quot;border:0;&quot; sandbox=&quot;allow-scripts allow-same-origin allow-popups allow-presentation allow-popups-to-escape-sandbox&quot;&gt;&lt;\/iframe&gt;\">Esta p\u00e1gina incluye contenido multimedia que requiere aceptar todas las cookies. Pulse aqu\u00ed para abrir la configuraci\u00f3n de cookies.<\/div><\/span><\/p>\n<p>Hoy es lunes y volvemos a retomar nuestra visita a la <span style=\"color: #008080\">BIBLIOTECA.<\/span> Renovamos los libros que usaremos este trimestre en clase. Seleccionamos los que yo les leo de forma especial en la asamblea o durante las meriendas y los que usaremos de forma individual y que debemos mantener ordenados en nuestra estanter\u00eda. La lectura del d\u00eda ha sido:<\/p>\n<p><img decoding=\"async\" data-attachment-id=\"40676\" data-permalink=\"https:\/\/www.alqueria.es\/blogs\/alqueriaamarillanaranja\/2020\/01\/13\/cumpleanos-de-jaime\/img_20200113_102842_burst1\/\" data-orig-file=\"https:\/\/cloud.alqueria.es\/wp-content\/uploads\/sites\/9\/2020\/01\/IMG_20200113_102842_BURST1-e1578922921281.jpg\" data-orig-size=\"683,711\" data-comments-opened=\"1\" data-image-meta=\"{&quot;aperture&quot;:&quot;2.2&quot;,&quot;credit&quot;:&quot;&quot;,&quot;camera&quot;:&quot;Mi A1&quot;,&quot;caption&quot;:&quot;&quot;,&quot;created_timestamp&quot;:&quot;1578911322&quot;,&quot;copyright&quot;:&quot;&quot;,&quot;focal_length&quot;:&quot;3.83&quot;,&quot;iso&quot;:&quot;400&quot;,&quot;shutter_speed&quot;:&quot;0.02&quot;,&quot;title&quot;:&quot;&quot;,&quot;orientation&quot;:&quot;1&quot;}\" data-image-title=\"IMG_20200113_102842_BURST1\" data-image-description=\"\" data-image-caption=\"\" data-large-file=\"https:\/\/cloud.alqueria.es\/wp-content\/uploads\/sites\/9\/2020\/01\/IMG_20200113_102842_BURST1-766x1024.jpg\" class=\"aligncenter size-medium wp-image-40676\" src=\"https:\/\/cloud.alqueria.es\/wp-content\/uploads\/sites\/9\/2020\/01\/IMG_20200113_102842_BURST1-e1578922921281.jpg\" alt=\"\" width=\"288\" height=\"300\" srcset=\"https:\/\/cloud.alqueria.es\/wp-content\/uploads\/sites\/9\/2020\/01\/IMG_20200113_102842_BURST1-e1578922921281.jpg 683w, https:\/\/cloud.alqueria.es\/wp-content\/uploads\/sites\/9\/2020\/01\/IMG_20200113_102842_BURST1-e1578922921281.jpg 288w\" sizes=\"(max-width: 288px) 100vw, 288px\" \/><\/p>\n<p>La propuesta de juego del lunes han sido los DISFRACES<span style=\"color: #008080\">: princesas, vampiros, s\u00faper-h\u00e9roes, bailarinas&#8230;.<\/span><\/p>\n<div class=\"tiled-gallery type-circle tiled-gallery-unresized\" data-original-width=\"474\" data-carousel-extra='{&quot;blog_id&quot;:9,&quot;permalink&quot;:&quot;https:\\\/\\\/www.alqueria.es\\\/blogs\\\/alqueriaamarillanaranja\\\/2020\\\/01\\\/13\\\/cumpleanos-de-jaime\\\/&quot;,&quot;likes_blog_id&quot;:64271688}' itemscope itemtype=\"http:\/\/schema.org\/ImageGallery\" > <div class=\"gallery-row\" style=\"width: 474px; height: 237px;\" data-original-width=\"474\" data-original-height=\"237\" > <div class=\"gallery-group\" style=\"width: 237px; height: 237px;\" data-original-width=\"237\" data-original-height=\"237\" > <div class=\"tiled-gallery-item \" itemprop=\"associatedMedia\" itemscope itemtype=\"http:\/\/schema.org\/ImageObject\"> <a href=\"https:\/\/www.alqueria.es\/blogs\/alqueriaamarillanaranja\/2020\/01\/13\/cumpleanos-de-jaime\/img_20200113_103332\/\" border=\"0\" itemprop=\"url\"> <meta itemprop=\"width\" content=\"233\"> <meta itemprop=\"height\" content=\"233\"> <img decoding=\"async\" class=\"\" data-attachment-id=\"40679\" data-orig-file=\"https:\/\/cloud.alqueria.es\/wp-content\/uploads\/sites\/9\/2020\/01\/IMG_20200113_103332.jpg\" data-orig-size=\"1024,768\" data-comments-opened=\"1\" data-image-meta=\"{&quot;aperture&quot;:&quot;2.2&quot;,&quot;credit&quot;:&quot;&quot;,&quot;camera&quot;:&quot;Mi A1&quot;,&quot;caption&quot;:&quot;&quot;,&quot;created_timestamp&quot;:&quot;1578911612&quot;,&quot;copyright&quot;:&quot;&quot;,&quot;focal_length&quot;:&quot;3.83&quot;,&quot;iso&quot;:&quot;500&quot;,&quot;shutter_speed&quot;:&quot;0.02&quot;,&quot;title&quot;:&quot;&quot;,&quot;orientation&quot;:&quot;1&quot;}\" data-image-title=\"IMG_20200113_103332\" data-image-description=\"\" data-medium-file=\"https:\/\/cloud.alqueria.es\/wp-content\/uploads\/sites\/9\/2020\/01\/IMG_20200113_103332-300x225.jpg\" data-large-file=\"https:\/\/cloud.alqueria.es\/wp-content\/uploads\/sites\/9\/2020\/01\/IMG_20200113_103332-1024x768.jpg\" src=\"https:\/\/i0.wp.com\/cloud.alqueria.es\/wp-content\/uploads\/sites\/9\/2020\/01\/IMG_20200113_103332.jpg?w=233&#038;h=233&#038;crop=1&#038;ssl=1\" width=\"233\" height=\"233\" loading=\"lazy\" data-original-width=\"233\" data-original-height=\"233\" itemprop=\"http:\/\/schema.org\/image\" title=\"IMG_20200113_103332\" alt=\"IMG_20200113_103332\" style=\"width: 233px; height: 233px;\" \/> <\/a> <\/div> <\/div> <div class=\"gallery-group\" style=\"width: 237px; height: 237px;\" data-original-width=\"237\" data-original-height=\"237\" > <div class=\"tiled-gallery-item \" itemprop=\"associatedMedia\" itemscope itemtype=\"http:\/\/schema.org\/ImageObject\"> <a href=\"https:\/\/www.alqueria.es\/blogs\/alqueriaamarillanaranja\/2020\/01\/13\/cumpleanos-de-jaime\/img_20200113_103659\/\" border=\"0\" itemprop=\"url\"> <meta itemprop=\"width\" content=\"233\"> <meta itemprop=\"height\" content=\"233\"> <img decoding=\"async\" class=\"\" data-attachment-id=\"40678\" data-orig-file=\"https:\/\/cloud.alqueria.es\/wp-content\/uploads\/sites\/9\/2020\/01\/IMG_20200113_103659.jpg\" data-orig-size=\"1024,768\" data-comments-opened=\"1\" data-image-meta=\"{&quot;aperture&quot;:&quot;2.2&quot;,&quot;credit&quot;:&quot;&quot;,&quot;camera&quot;:&quot;Mi A1&quot;,&quot;caption&quot;:&quot;&quot;,&quot;created_timestamp&quot;:&quot;1578911819&quot;,&quot;copyright&quot;:&quot;&quot;,&quot;focal_length&quot;:&quot;3.83&quot;,&quot;iso&quot;:&quot;320&quot;,&quot;shutter_speed&quot;:&quot;0.03030303030303&quot;,&quot;title&quot;:&quot;&quot;,&quot;orientation&quot;:&quot;1&quot;}\" data-image-title=\"IMG_20200113_103659\" data-image-description=\"\" data-medium-file=\"https:\/\/cloud.alqueria.es\/wp-content\/uploads\/sites\/9\/2020\/01\/IMG_20200113_103659-300x225.jpg\" data-large-file=\"https:\/\/cloud.alqueria.es\/wp-content\/uploads\/sites\/9\/2020\/01\/IMG_20200113_103659-1024x768.jpg\" src=\"https:\/\/i0.wp.com\/cloud.alqueria.es\/wp-content\/uploads\/sites\/9\/2020\/01\/IMG_20200113_103659.jpg?w=233&#038;h=233&#038;crop=1&#038;ssl=1\" width=\"233\" height=\"233\" loading=\"lazy\" data-original-width=\"233\" data-original-height=\"233\" itemprop=\"http:\/\/schema.org\/image\" title=\"IMG_20200113_103659\" alt=\"IMG_20200113_103659\" style=\"width: 233px; height: 233px;\" \/> <\/a> <\/div> <\/div> <\/div> <\/div>\n<p>Adem\u00e1s&#8230;.celebramos el cuarto cumplea\u00f1os de <span style=\"color: #008080\">JAIME.<img decoding=\"async\" data-attachment-id=\"40670\" data-permalink=\"https:\/\/www.alqueria.es\/blogs\/alqueriaamarillanaranja\/2020\/01\/13\/cumpleanos-de-jaime\/img_20200113_114541\/\" data-orig-file=\"https:\/\/cloud.alqueria.es\/wp-content\/uploads\/sites\/9\/2020\/01\/IMG_20200113_114541.jpg\" data-orig-size=\"766,1024\" data-comments-opened=\"1\" data-image-meta=\"{&quot;aperture&quot;:&quot;2.2&quot;,&quot;credit&quot;:&quot;&quot;,&quot;camera&quot;:&quot;Mi A1&quot;,&quot;caption&quot;:&quot;&quot;,&quot;created_timestamp&quot;:&quot;1578915941&quot;,&quot;copyright&quot;:&quot;&quot;,&quot;focal_length&quot;:&quot;3.83&quot;,&quot;iso&quot;:&quot;400&quot;,&quot;shutter_speed&quot;:&quot;0.02&quot;,&quot;title&quot;:&quot;&quot;,&quot;orientation&quot;:&quot;1&quot;}\" data-image-title=\"IMG_20200113_114541\" data-image-description=\"\" data-image-caption=\"\" data-large-file=\"https:\/\/cloud.alqueria.es\/wp-content\/uploads\/sites\/9\/2020\/01\/IMG_20200113_114541-766x1024.jpg\" class=\"size-thumbnail wp-image-40670 alignleft\" src=\"https:\/\/cloud.alqueria.es\/wp-content\/uploads\/sites\/9\/2020\/01\/IMG_20200113_114541.jpg\" alt=\"\" width=\"150\" height=\"150\" \/>Ven\u00eda<\/span> encantado, ha tra\u00eddo a clase un riqu\u00edsimo bizcocho casero con el que nos ha invitado, <span style=\"color: #008080\">\u00a1Gracias Jaime!<\/span><\/p>\n<div class=\"tiled-gallery type-square tiled-gallery-unresized\" data-original-width=\"474\" data-carousel-extra='{&quot;blog_id&quot;:9,&quot;permalink&quot;:&quot;https:\\\/\\\/www.alqueria.es\\\/blogs\\\/alqueriaamarillanaranja\\\/2020\\\/01\\\/13\\\/cumpleanos-de-jaime\\\/&quot;,&quot;likes_blog_id&quot;:64271688}' itemscope itemtype=\"http:\/\/schema.org\/ImageGallery\" > <div class=\"gallery-row\" style=\"width: 474px; height: 474px;\" data-original-width=\"474\" data-original-height=\"474\" > <div class=\"gallery-group\" style=\"width: 474px; height: 474px;\" data-original-width=\"474\" data-original-height=\"474\" > <div class=\"tiled-gallery-item \" itemprop=\"associatedMedia\" itemscope itemtype=\"http:\/\/schema.org\/ImageObject\"> <a href=\"https:\/\/www.alqueria.es\/blogs\/alqueriaamarillanaranja\/2020\/01\/13\/cumpleanos-de-jaime\/img_20200113_111510\/\" border=\"0\" itemprop=\"url\"> <meta itemprop=\"width\" content=\"470\"> <meta itemprop=\"height\" content=\"470\"> <img decoding=\"async\" class=\"\" data-attachment-id=\"40671\" data-orig-file=\"https:\/\/cloud.alqueria.es\/wp-content\/uploads\/sites\/9\/2020\/01\/IMG_20200113_111510.jpg\" data-orig-size=\"766,1024\" data-comments-opened=\"1\" data-image-meta=\"{&quot;aperture&quot;:&quot;2.2&quot;,&quot;credit&quot;:&quot;&quot;,&quot;camera&quot;:&quot;Mi A1&quot;,&quot;caption&quot;:&quot;&quot;,&quot;created_timestamp&quot;:&quot;1578914110&quot;,&quot;copyright&quot;:&quot;&quot;,&quot;focal_length&quot;:&quot;3.83&quot;,&quot;iso&quot;:&quot;320&quot;,&quot;shutter_speed&quot;:&quot;0.02&quot;,&quot;title&quot;:&quot;&quot;,&quot;orientation&quot;:&quot;1&quot;}\" data-image-title=\"IMG_20200113_111510\" data-image-description=\"\" data-medium-file=\"https:\/\/cloud.alqueria.es\/wp-content\/uploads\/sites\/9\/2020\/01\/IMG_20200113_111510-224x300.jpg\" data-large-file=\"https:\/\/cloud.alqueria.es\/wp-content\/uploads\/sites\/9\/2020\/01\/IMG_20200113_111510-766x1024.jpg\" src=\"https:\/\/i0.wp.com\/cloud.alqueria.es\/wp-content\/uploads\/sites\/9\/2020\/01\/IMG_20200113_111510.jpg?w=470&#038;h=470&#038;crop=1&#038;ssl=1\" width=\"470\" height=\"470\" loading=\"lazy\" data-original-width=\"470\" data-original-height=\"470\" itemprop=\"http:\/\/schema.org\/image\" title=\"IMG_20200113_111510\" alt=\"IMG_20200113_111510\" style=\"width: 470px; height: 470px;\" \/> <\/a> <\/div> <\/div> <\/div> <div class=\"gallery-row\" style=\"width: 474px; height: 158px;\" data-original-width=\"474\" data-original-height=\"158\" > <div class=\"gallery-group\" style=\"width: 158px; height: 158px;\" data-original-width=\"158\" data-original-height=\"158\" > <div class=\"tiled-gallery-item \" itemprop=\"associatedMedia\" itemscope itemtype=\"http:\/\/schema.org\/ImageObject\"> <a href=\"https:\/\/www.alqueria.es\/blogs\/alqueriaamarillanaranja\/2020\/01\/13\/cumpleanos-de-jaime\/img_20200113_111456\/\" border=\"0\" itemprop=\"url\"> <meta itemprop=\"width\" content=\"154\"> <meta itemprop=\"height\" content=\"154\"> <img decoding=\"async\" class=\"\" data-attachment-id=\"40672\" data-orig-file=\"https:\/\/cloud.alqueria.es\/wp-content\/uploads\/sites\/9\/2020\/01\/IMG_20200113_111456.jpg\" data-orig-size=\"1024,768\" data-comments-opened=\"1\" data-image-meta=\"{&quot;aperture&quot;:&quot;2.2&quot;,&quot;credit&quot;:&quot;&quot;,&quot;camera&quot;:&quot;Mi A1&quot;,&quot;caption&quot;:&quot;&quot;,&quot;created_timestamp&quot;:&quot;1578914096&quot;,&quot;copyright&quot;:&quot;&quot;,&quot;focal_length&quot;:&quot;3.83&quot;,&quot;iso&quot;:&quot;500&quot;,&quot;shutter_speed&quot;:&quot;0.02&quot;,&quot;title&quot;:&quot;&quot;,&quot;orientation&quot;:&quot;1&quot;}\" data-image-title=\"IMG_20200113_111456\" data-image-description=\"\" data-medium-file=\"https:\/\/cloud.alqueria.es\/wp-content\/uploads\/sites\/9\/2020\/01\/IMG_20200113_111456-300x225.jpg\" data-large-file=\"https:\/\/cloud.alqueria.es\/wp-content\/uploads\/sites\/9\/2020\/01\/IMG_20200113_111456-1024x768.jpg\" src=\"https:\/\/i0.wp.com\/cloud.alqueria.es\/wp-content\/uploads\/sites\/9\/2020\/01\/IMG_20200113_111456.jpg?w=154&#038;h=154&#038;crop=1&#038;ssl=1\" width=\"154\" height=\"154\" loading=\"lazy\" data-original-width=\"154\" data-original-height=\"154\" itemprop=\"http:\/\/schema.org\/image\" title=\"IMG_20200113_111456\" alt=\"IMG_20200113_111456\" style=\"width: 154px; height: 154px;\" \/> <\/a> <\/div> <\/div> <div class=\"gallery-group\" style=\"width: 158px; height: 158px;\" data-original-width=\"158\" data-original-height=\"158\" > <div class=\"tiled-gallery-item \" itemprop=\"associatedMedia\" itemscope itemtype=\"http:\/\/schema.org\/ImageObject\"> <a href=\"https:\/\/www.alqueria.es\/blogs\/alqueriaamarillanaranja\/2020\/01\/13\/cumpleanos-de-jaime\/img_20200113_112238\/\" border=\"0\" itemprop=\"url\"> <meta itemprop=\"width\" content=\"154\"> <meta itemprop=\"height\" content=\"154\"> <img decoding=\"async\" class=\"\" data-attachment-id=\"40673\" data-orig-file=\"https:\/\/cloud.alqueria.es\/wp-content\/uploads\/sites\/9\/2020\/01\/IMG_20200113_112238.jpg\" data-orig-size=\"1024,768\" data-comments-opened=\"1\" data-image-meta=\"{&quot;aperture&quot;:&quot;2.2&quot;,&quot;credit&quot;:&quot;&quot;,&quot;camera&quot;:&quot;Mi A1&quot;,&quot;caption&quot;:&quot;&quot;,&quot;created_timestamp&quot;:&quot;1578914558&quot;,&quot;copyright&quot;:&quot;&quot;,&quot;focal_length&quot;:&quot;3.83&quot;,&quot;iso&quot;:&quot;400&quot;,&quot;shutter_speed&quot;:&quot;0.03030303030303&quot;,&quot;title&quot;:&quot;&quot;,&quot;orientation&quot;:&quot;1&quot;}\" data-image-title=\"IMG_20200113_112238\" data-image-description=\"\" data-medium-file=\"https:\/\/cloud.alqueria.es\/wp-content\/uploads\/sites\/9\/2020\/01\/IMG_20200113_112238-300x225.jpg\" data-large-file=\"https:\/\/cloud.alqueria.es\/wp-content\/uploads\/sites\/9\/2020\/01\/IMG_20200113_112238-1024x768.jpg\" src=\"https:\/\/i0.wp.com\/cloud.alqueria.es\/wp-content\/uploads\/sites\/9\/2020\/01\/IMG_20200113_112238.jpg?w=154&#038;h=154&#038;crop=1&#038;ssl=1\" width=\"154\" height=\"154\" loading=\"lazy\" data-original-width=\"154\" data-original-height=\"154\" itemprop=\"http:\/\/schema.org\/image\" title=\"IMG_20200113_112238\" alt=\"IMG_20200113_112238\" style=\"width: 154px; height: 154px;\" \/> <\/a> <\/div> <\/div> <div class=\"gallery-group\" style=\"width: 158px; height: 158px;\" data-original-width=\"158\" data-original-height=\"158\" > <div class=\"tiled-gallery-item \" itemprop=\"associatedMedia\" itemscope itemtype=\"http:\/\/schema.org\/ImageObject\"> <a href=\"https:\/\/www.alqueria.es\/blogs\/alqueriaamarillanaranja\/2020\/01\/13\/cumpleanos-de-jaime\/img_20200113_112457\/\" border=\"0\" itemprop=\"url\"> <meta itemprop=\"width\" content=\"154\"> <meta itemprop=\"height\" content=\"154\"> <img decoding=\"async\" class=\"\" data-attachment-id=\"40674\" data-orig-file=\"https:\/\/cloud.alqueria.es\/wp-content\/uploads\/sites\/9\/2020\/01\/IMG_20200113_112457.jpg\" data-orig-size=\"1024,768\" data-comments-opened=\"1\" data-image-meta=\"{&quot;aperture&quot;:&quot;2.2&quot;,&quot;credit&quot;:&quot;&quot;,&quot;camera&quot;:&quot;Mi A1&quot;,&quot;caption&quot;:&quot;&quot;,&quot;created_timestamp&quot;:&quot;1578914697&quot;,&quot;copyright&quot;:&quot;&quot;,&quot;focal_length&quot;:&quot;3.83&quot;,&quot;iso&quot;:&quot;640&quot;,&quot;shutter_speed&quot;:&quot;0.04&quot;,&quot;title&quot;:&quot;&quot;,&quot;orientation&quot;:&quot;1&quot;}\" data-image-title=\"IMG_20200113_112457\" data-image-description=\"\" data-medium-file=\"https:\/\/cloud.alqueria.es\/wp-content\/uploads\/sites\/9\/2020\/01\/IMG_20200113_112457-300x225.jpg\" data-large-file=\"https:\/\/cloud.alqueria.es\/wp-content\/uploads\/sites\/9\/2020\/01\/IMG_20200113_112457-1024x768.jpg\" src=\"https:\/\/i0.wp.com\/cloud.alqueria.es\/wp-content\/uploads\/sites\/9\/2020\/01\/IMG_20200113_112457.jpg?w=154&#038;h=154&#038;crop=1&#038;ssl=1\" width=\"154\" height=\"154\" loading=\"lazy\" data-original-width=\"154\" data-original-height=\"154\" itemprop=\"http:\/\/schema.org\/image\" title=\"IMG_20200113_112457\" alt=\"IMG_20200113_112457\" style=\"width: 154px; height: 154px;\" \/> <\/a> <\/div> <\/div> <\/div> <div class=\"gallery-row\" style=\"width: 474px; height: 158px;\" data-original-width=\"474\" data-original-height=\"158\" > <div class=\"gallery-group\" style=\"width: 158px; height: 158px;\" data-original-width=\"158\" data-original-height=\"158\" > <div class=\"tiled-gallery-item \" itemprop=\"associatedMedia\" itemscope itemtype=\"http:\/\/schema.org\/ImageObject\"> <a href=\"https:\/\/www.alqueria.es\/blogs\/alqueriaamarillanaranja\/2020\/01\/13\/cumpleanos-de-jaime\/img_20200113_112241\/\" border=\"0\" itemprop=\"url\"> <meta itemprop=\"width\" content=\"154\"> <meta itemprop=\"height\" content=\"154\"> <img decoding=\"async\" class=\"\" data-attachment-id=\"40675\" data-orig-file=\"https:\/\/cloud.alqueria.es\/wp-content\/uploads\/sites\/9\/2020\/01\/IMG_20200113_112241.jpg\" data-orig-size=\"1024,768\" data-comments-opened=\"1\" data-image-meta=\"{&quot;aperture&quot;:&quot;2.2&quot;,&quot;credit&quot;:&quot;&quot;,&quot;camera&quot;:&quot;Mi A1&quot;,&quot;caption&quot;:&quot;&quot;,&quot;created_timestamp&quot;:&quot;1578914561&quot;,&quot;copyright&quot;:&quot;&quot;,&quot;focal_length&quot;:&quot;3.83&quot;,&quot;iso&quot;:&quot;400&quot;,&quot;shutter_speed&quot;:&quot;0.04&quot;,&quot;title&quot;:&quot;&quot;,&quot;orientation&quot;:&quot;1&quot;}\" data-image-title=\"IMG_20200113_112241\" data-image-description=\"\" data-medium-file=\"https:\/\/cloud.alqueria.es\/wp-content\/uploads\/sites\/9\/2020\/01\/IMG_20200113_112241-300x225.jpg\" data-large-file=\"https:\/\/cloud.alqueria.es\/wp-content\/uploads\/sites\/9\/2020\/01\/IMG_20200113_112241-1024x768.jpg\" src=\"https:\/\/i0.wp.com\/cloud.alqueria.es\/wp-content\/uploads\/sites\/9\/2020\/01\/IMG_20200113_112241.jpg?w=154&#038;h=154&#038;crop=1&#038;ssl=1\" width=\"154\" height=\"154\" loading=\"lazy\" data-original-width=\"154\" data-original-height=\"154\" itemprop=\"http:\/\/schema.org\/image\" title=\"IMG_20200113_112241\" alt=\"IMG_20200113_112241\" style=\"width: 154px; height: 154px;\" \/> <\/a> <\/div> <\/div> <div class=\"gallery-group\" style=\"width: 158px; height: 158px;\" data-original-width=\"158\" data-original-height=\"158\" > <div class=\"tiled-gallery-item \" itemprop=\"associatedMedia\" itemscope itemtype=\"http:\/\/schema.org\/ImageObject\"> <a href=\"https:\/\/www.alqueria.es\/blogs\/alqueriaamarillanaranja\/2020\/01\/13\/cumpleanos-de-jaime\/img_20200113_114443\/\" border=\"0\" itemprop=\"url\"> <meta itemprop=\"width\" content=\"154\"> <meta itemprop=\"height\" content=\"154\"> <img decoding=\"async\" class=\"\" data-attachment-id=\"40677\" data-orig-file=\"https:\/\/cloud.alqueria.es\/wp-content\/uploads\/sites\/9\/2020\/01\/IMG_20200113_114443.jpg\" data-orig-size=\"1024,768\" data-comments-opened=\"1\" data-image-meta=\"{&quot;aperture&quot;:&quot;2.2&quot;,&quot;credit&quot;:&quot;&quot;,&quot;camera&quot;:&quot;Mi A1&quot;,&quot;caption&quot;:&quot;&quot;,&quot;created_timestamp&quot;:&quot;1578915883&quot;,&quot;copyright&quot;:&quot;&quot;,&quot;focal_length&quot;:&quot;3.83&quot;,&quot;iso&quot;:&quot;200&quot;,&quot;shutter_speed&quot;:&quot;0.02&quot;,&quot;title&quot;:&quot;&quot;,&quot;orientation&quot;:&quot;1&quot;}\" data-image-title=\"IMG_20200113_114443\" data-image-description=\"\" data-medium-file=\"https:\/\/cloud.alqueria.es\/wp-content\/uploads\/sites\/9\/2020\/01\/IMG_20200113_114443-300x225.jpg\" data-large-file=\"https:\/\/cloud.alqueria.es\/wp-content\/uploads\/sites\/9\/2020\/01\/IMG_20200113_114443-1024x768.jpg\" src=\"https:\/\/i0.wp.com\/cloud.alqueria.es\/wp-content\/uploads\/sites\/9\/2020\/01\/IMG_20200113_114443.jpg?w=154&#038;h=154&#038;crop=1&#038;ssl=1\" width=\"154\" height=\"154\" loading=\"lazy\" data-original-width=\"154\" data-original-height=\"154\" itemprop=\"http:\/\/schema.org\/image\" title=\"IMG_20200113_114443\" alt=\"IMG_20200113_114443\" style=\"width: 154px; height: 154px;\" \/> <\/a> <\/div> <\/div> <div class=\"gallery-group\" style=\"width: 158px; height: 158px;\" data-original-width=\"158\" data-original-height=\"158\" > <div class=\"tiled-gallery-item \" itemprop=\"associatedMedia\" itemscope itemtype=\"http:\/\/schema.org\/ImageObject\"> <a href=\"https:\/\/www.alqueria.es\/blogs\/alqueriaamarillanaranja\/2020\/01\/13\/cumpleanos-de-jaime\/img_20200113_103659\/\" border=\"0\" itemprop=\"url\"> <meta itemprop=\"width\" content=\"154\"> <meta itemprop=\"height\" content=\"154\"> <img decoding=\"async\" class=\"\" data-attachment-id=\"40678\" data-orig-file=\"https:\/\/cloud.alqueria.es\/wp-content\/uploads\/sites\/9\/2020\/01\/IMG_20200113_103659.jpg\" data-orig-size=\"1024,768\" data-comments-opened=\"1\" data-image-meta=\"{&quot;aperture&quot;:&quot;2.2&quot;,&quot;credit&quot;:&quot;&quot;,&quot;camera&quot;:&quot;Mi A1&quot;,&quot;caption&quot;:&quot;&quot;,&quot;created_timestamp&quot;:&quot;1578911819&quot;,&quot;copyright&quot;:&quot;&quot;,&quot;focal_length&quot;:&quot;3.83&quot;,&quot;iso&quot;:&quot;320&quot;,&quot;shutter_speed&quot;:&quot;0.03030303030303&quot;,&quot;title&quot;:&quot;&quot;,&quot;orientation&quot;:&quot;1&quot;}\" data-image-title=\"IMG_20200113_103659\" data-image-description=\"\" data-medium-file=\"https:\/\/cloud.alqueria.es\/wp-content\/uploads\/sites\/9\/2020\/01\/IMG_20200113_103659-300x225.jpg\" data-large-file=\"https:\/\/cloud.alqueria.es\/wp-content\/uploads\/sites\/9\/2020\/01\/IMG_20200113_103659-1024x768.jpg\" src=\"https:\/\/i0.wp.com\/cloud.alqueria.es\/wp-content\/uploads\/sites\/9\/2020\/01\/IMG_20200113_103659.jpg?w=154&#038;h=154&#038;crop=1&#038;ssl=1\" width=\"154\" height=\"154\" loading=\"lazy\" data-original-width=\"154\" data-original-height=\"154\" itemprop=\"http:\/\/schema.org\/image\" title=\"IMG_20200113_103659\" alt=\"IMG_20200113_103659\" style=\"width: 154px; height: 154px;\" \/> <\/a> <\/div> <\/div> <\/div> <\/div>\n<p>Ma\u00f1ana retomamos nuestra actividad de Proyecto de Lectura.<\/p>\n<p>Silvia.<\/p>\n","protected":false},"excerpt":{"rendered":"<p>Comenzamos una nueva semana y lo hacemos hablando del INVIERNO, \u00a1Qu\u00e9 fr\u00edo a primera hora!Aprovechamos este momento para cantar canciones del invierno: Esta p\u00e1gina incluye contenido multimedia que requiere aceptar todas las cookies. Pulse aqu\u00ed para abrir la configuraci\u00f3n de cookies. Esta p\u00e1gina incluye contenido multimedia que requiere aceptar todas las cookies. Pulse aqu\u00ed para &hellip; <a href=\"https:\/\/www.alqueria.es\/blogs\/alqueriaamarillanaranja\/2020\/01\/13\/cumpleanos-de-jaime\/\" class=\"more-link\">Seguir leyendo <span class=\"screen-reader-text\">\u00a1\u00a1\u00a1\u00a1Cumplea\u00f1os de Jaime!!!!!<\/span> <span class=\"meta-nav\">&rarr;<\/span><\/a><\/p>\n","protected":false},"author":23,"featured_media":0,"comment_status":"open","ping_status":"open","sticky":false,"template":"","format":"standard","meta":{"jetpack_post_was_ever_published":false,"_jetpack_newsletter_access":"","_jetpack_dont_email_post_to_subs":false,"_jetpack_newsletter_tier_id":0,"_jetpack_memberships_contains_paywalled_content":false,"_jetpack_memberships_contains_paid_content":false,"footnotes":"","jetpack_publicize_message":"","jetpack_publicize_feature_enabled":true,"jetpack_social_post_already_shared":true,"jetpack_social_options":{"image_generator_settings":{"template":"highway","default_image_id":0,"font":"","enabled":false},"version":2}},"categories":[7,8],"tags":[503,349],"class_list":["post-40669","post","type-post","status-publish","format-standard","hentry","category-clase-naranja","category-diario","tag-biblioteca-del-centro","tag-fiesta-de-cumpleanos"],"jetpack_publicize_connections":[],"jetpack_featured_media_url":"","jetpack_sharing_enabled":true,"jetpack_shortlink":"https:\/\/wp.me\/p4lG08-azX","jetpack-related-posts":[],"_links":{"self":[{"href":"https:\/\/www.alqueria.es\/blogs\/alqueriaamarillanaranja\/wp-json\/wp\/v2\/posts\/40669","targetHints":{"allow":["GET"]}}],"collection":[{"href":"https:\/\/www.alqueria.es\/blogs\/alqueriaamarillanaranja\/wp-json\/wp\/v2\/posts"}],"about":[{"href":"https:\/\/www.alqueria.es\/blogs\/alqueriaamarillanaranja\/wp-json\/wp\/v2\/types\/post"}],"author":[{"embeddable":true,"href":"https:\/\/www.alqueria.es\/blogs\/alqueriaamarillanaranja\/wp-json\/wp\/v2\/users\/23"}],"replies":[{"embeddable":true,"href":"https:\/\/www.alqueria.es\/blogs\/alqueriaamarillanaranja\/wp-json\/wp\/v2\/comments?post=40669"}],"version-history":[{"count":3,"href":"https:\/\/www.alqueria.es\/blogs\/alqueriaamarillanaranja\/wp-json\/wp\/v2\/posts\/40669\/revisions"}],"predecessor-version":[{"id":40687,"href":"https:\/\/www.alqueria.es\/blogs\/alqueriaamarillanaranja\/wp-json\/wp\/v2\/posts\/40669\/revisions\/40687"}],"wp:attachment":[{"href":"https:\/\/www.alqueria.es\/blogs\/alqueriaamarillanaranja\/wp-json\/wp\/v2\/media?parent=40669"}],"wp:term":[{"taxonomy":"category","embeddable":true,"href":"https:\/\/www.alqueria.es\/blogs\/alqueriaamarillanaranja\/wp-json\/wp\/v2\/categories?post=40669"},{"taxonomy":"post_tag","embeddable":true,"href":"https:\/\/www.alqueria.es\/blogs\/alqueriaamarillanaranja\/wp-json\/wp\/v2\/tags?post=40669"}],"curies":[{"name":"wp","href":"https:\/\/api.w.org\/{rel}","templated":true}]}}